{"id":40899,"date":"2021-10-13T11:04:00","date_gmt":"2021-10-13T17:04:00","guid":{"rendered":"https:\/\/redsemlac.com\/semmexico\/?p=40899"},"modified":"2023-07-21T17:07:57","modified_gmt":"2023-07-21T22:07:57","slug":"mirada-violeta-11-de-octubre-dia-internacional-de-las-ninas-en-mexico-las-ninas-se-llaman-fatima","status":"publish","type":"post","link":"https:\/\/redsemlac.com\/semmexico\/mirada-violeta-11-de-octubre-dia-internacional-de-las-ninas-en-mexico-las-ninas-se-llaman-fatima\/","title":{"rendered":"Mirada Violeta| 11 de octubre, d\u00eda internacional de las ni\u00f1as. En M\u00e9xico, las ni\u00f1as se llaman F\u00e1tima"},"content":{"rendered":"\n<p class=\"wp-block-paragraph\"><strong>Guadalupe Ramos Ponce<\/strong><\/p>\n\n\n\n<p class=\"wp-block-paragraph\">SemM\u00e9xico, Guadalajara, Jalisco, 13 de octubre, 2021.- F\u00e1tima Cecilia Aldrighett Ant\u00f3n, era la m\u00e1s peque\u00f1a de su familia, apenas hab\u00eda entrado a primer a\u00f1o de primaria, nunca tuvo un festejo de cumplea\u00f1os, tampoco fue bautizada y muchos de sus juguetes y ropa eran donaciones de los vecinos y algunas veces tambi\u00e9n les regalaban comida. F\u00e1tima desapareci\u00f3 el 11 de febrero de 2020 en la Ciudad de M\u00e9xico cuando esperaba a su madre afuera de su escuela al salir de clases. D\u00edas despu\u00e9s, el s\u00e1bado 15,&nbsp;su cuerpo&nbsp;sin vida&nbsp;apareci\u00f3 con huellas de&nbsp;violaci\u00f3n y&nbsp;tortura&nbsp;dentro de un costal envuelto con una bolsa de pl\u00e1stico, a menos de 5 km de su escuela. Ten\u00eda 7 a\u00f1os de edad.<\/p>\n\n\n\n<p class=\"wp-block-paragraph\">F\u00e1tima Varinia Quintana Guti\u00e9rrez, de 12 a\u00f1os de edad, fue sometida a secuestro, tortura, violaci\u00f3n y&nbsp; asesinato el 5 de febrero de 2015.<\/p>\n\n\n\n<p class=\"wp-block-paragraph\">El d\u00eda de los hechos Lorena su madre, se percat\u00f3 de la ausencia de su hija en punto de las 3:40 de la tarde. Se le hizo extra\u00f1o que a esa hora F\u00e1tima a\u00fan no regresara a casa. Desesperada sali\u00f3 calle arriba para ir a buscar a su hija a la parada del cami\u00f3n, pero no encontr\u00f3 a su hija, ni en el trayecto ni donde normalmente descend\u00eda del autob\u00fas.<\/p>\n\n\n\n<p class=\"wp-block-paragraph\">Lleg\u00f3 hasta la ladera de una zanja que estaba a no m\u00e1s de 120 metros de distancia de la casa y all\u00ed pudo ver a lo lejos una zapatilla deportiva blanca y parte de la pierna que sobresal\u00eda de entre los matorrales. Dice el reporte oficial de la muerte de F\u00e1tima, que la ni\u00f1a no muri\u00f3 en el acto. Que dej\u00f3 de existir despu\u00e9s de una hora, tiempo en el que los agresores la violaron y la sometieron a tortura: le dieron 90 piquetes de sometimiento de profundidad superficial en diversas partes del cuerpo.<\/p>\n\n\n\n<p class=\"wp-block-paragraph\">Con un objeto contundente y puntiagudo le sacaron un ojo. Con otro objeto contundente le desprendieron todos los dientes, fue sometida a violaci\u00f3n tumultuaria en repetidas ocasiones, v\u00eda vaginal y analmente. A la altura del t\u00f3rax le ocasionaron una cortada de 30 cent\u00edmetros de longitud. En las dos entrepiernas le ocasionaron cortadas de 10 cent\u00edmetros de largo.<\/p>\n\n\n\n<p class=\"wp-block-paragraph\">A\u00fan estando viva, a F\u00e1tima le fracturaron los tobillos y las mu\u00f1ecas y volvi\u00f3 a ser violada con un objeto contundente v\u00eda rectal. Despu\u00e9s, los agresores le dejaron caer tres piedras sobre la cabeza, dos de un peso aproximado de 32 kilogramos y otra de aproximadamente 36 kilos, con lo que se le caus\u00f3 la muerte por traumatismo craneoencef\u00e1lico severo.<\/p>\n\n\n\n<p class=\"wp-block-paragraph\">Como el caso de F\u00e1tima Cecilia y F\u00e1tima Varinia, ocurren decenas por mes en M\u00e9xico. Es la normalizaci\u00f3n de la violencia que se ha asumido como parte del infortunio de nacer en este pa\u00eds.<\/p>\n\n\n\n<p class=\"wp-block-paragraph\">Los feminicidios en M\u00e9xico siguen al alza. De acuerdo a las cifras del Secretariado Ejecutivo del Sistema Nacional de Seguridad P\u00fablica, desde el 2017 al 2020 el \u00edndice de asesinatos contra mujeres en raz\u00f3n de su g\u00e9nero ha crecido en forma acelerada; en 2017 fueron 742 feminicidios, en 2018 se lleg\u00f3 a 893, en 2019 se alcanz\u00f3 un r\u00e9cord hist\u00f3rico de 942 muertes violentas de mujeres a causa de su g\u00e9nero, y en 2020 se contabilizaron 940.<\/p>\n\n\n\n<p class=\"wp-block-paragraph\">De acuerdo a las cifras oficiales, que hablan de la violencia desatada contra las mujeres, solo en 2020, de los 940 asesinatos de mujeres que fueron clasificados como feminicidios, 218 fueron cometidos con armas de fuego, 228 con arma blanca, 419 se cometieron con otros elementos, principalmente piedras o palos, y en 75 casos la autoridad investigadora no especific\u00f3 el tipo de arma utilizada.<\/p>\n\n\n\n<p class=\"wp-block-paragraph\">La violencia sexual y el feminicidio acompa\u00f1aron a F\u00e1tima de 7 a\u00f1os y &nbsp;a F\u00e1tima de 12, ellas nunca supieron que el 11 de octubre se conmemora el d\u00eda internacional de las ni\u00f1as, porque ser ni\u00f1a en M\u00e9xico es una tragedia.<strong><\/strong><\/p>\n\n\n\n<p class=\"wp-block-paragraph\">medium.com\/dra-lupitaramos<\/p>\n\n\n\n<p class=\"wp-block-paragraph\">@dralupitaramosp<\/p>\n\n\n\n<p class=\"wp-block-paragraph\">lupitaramosponce@gmail.com<\/p>\n","protected":false},"excerpt":{"rendered":"<p>F\u00e1tima Varinia Quintana Guti\u00e9rrez, de 12 a\u00f1os de edad, fue sometida a secuestro, tortura, violaci\u00f3n y\u00a0 asesinato el 5 de febrero de 2015.<\/p>\n","protected":false},"author":3,"featured_media":8967,"comment_status":"open","ping_status":"open","sticky":false,"template":"","format":"standard","meta":{"_monsterinsights_skip_tracking":false,"footnotes":""},"categories":[692,91,35],"tags":[459],"class_list":["post-40899","post","type-post","status-publish","format-standard","has-post-thumbnail","category-692","category-lupita-ramos-ponce","category-opinion","tag-opinion"],"_links":{"self":[{"href":"https:\/\/redsemlac.com\/semmexico\/wp-json\/wp\/v2\/posts\/40899","targetHints":{"allow":["GET"]}}],"collection":[{"href":"https:\/\/redsemlac.com\/semmexico\/wp-json\/wp\/v2\/posts"}],"about":[{"href":"https:\/\/redsemlac.com\/semmexico\/wp-json\/wp\/v2\/types\/post"}],"author":[{"embeddable":true,"href":"https:\/\/redsemlac.com\/semmexico\/wp-json\/wp\/v2\/users\/3"}],"replies":[{"embeddable":true,"href":"https:\/\/redsemlac.com\/semmexico\/wp-json\/wp\/v2\/comments?post=40899"}],"version-history":[{"count":0,"href":"https:\/\/redsemlac.com\/semmexico\/wp-json\/wp\/v2\/posts\/40899\/revisions"}],"wp:featuredmedia":[{"embeddable":true,"href":"https:\/\/redsemlac.com\/semmexico\/wp-json\/wp\/v2\/media\/8967"}],"wp:attachment":[{"href":"https:\/\/redsemlac.com\/semmexico\/wp-json\/wp\/v2\/media?parent=40899"}],"wp:term":[{"taxonomy":"category","embeddable":true,"href":"https:\/\/redsemlac.com\/semmexico\/wp-json\/wp\/v2\/categories?post=40899"},{"taxonomy":"post_tag","embeddable":true,"href":"https:\/\/redsemlac.com\/semmexico\/wp-json\/wp\/v2\/tags?post=40899"}],"curies":[{"name":"wp","href":"https:\/\/api.w.org\/{rel}","templated":true}]}}