{"id":40876,"date":"2021-10-12T14:50:35","date_gmt":"2021-10-12T20:50:35","guid":{"rendered":"https:\/\/redsemlac.com\/semmexico\/?p=40876"},"modified":"2023-07-21T17:07:58","modified_gmt":"2023-07-21T22:07:58","slug":"legalizar-el-aborto-y-disminuir-el-embarazo-adolescente-retos-del-senado","status":"publish","type":"post","link":"https:\/\/redsemlac.com\/semmexico\/legalizar-el-aborto-y-disminuir-el-embarazo-adolescente-retos-del-senado\/","title":{"rendered":"Legalizar el aborto y disminuir el embarazo adolescente, retos del Senado"},"content":{"rendered":"\n<ul class=\"wp-block-list\"><li><strong>Patricia Mercado hace un balance de su trabajo legislativo<\/strong><\/li><\/ul>\n\n\n\n<ul class=\"wp-block-list\"><li><strong>Pendiente tambi\u00e9n un sistema de cuidados<\/strong><\/li><\/ul>\n\n\n\n<p class=\"wp-block-paragraph\"><strong>Micaela M\u00e1rquez<\/strong><\/p>\n\n\n\n<p class=\"wp-block-paragraph\">SemM\u00e9xico, Cd. de M\u00e9xico, 12 de octubre 2021.- La despenalizaci\u00f3n del aborto hasta las 12 semanas de gestaci\u00f3n, la legalizaci\u00f3n del cannabis, as\u00ed como sentar las bases para la construcci\u00f3n de un sistema de cuidados que redistribuya las cargas entre hombres, mujeres, las empresas y el Estado, son los retos de la LXV Legislatura, afirm\u00f3 la senadora Patricia Mercado.<\/p>\n\n\n\n<p class=\"wp-block-paragraph\">Al rendir su tercer informe en Xalapa, Veracruz, el coordinador de la bancada de Movimiento Ciudadano, senador Dante Delgado le reconoci\u00f3 su labor y dijo: \u201cCon su visi\u00f3n y su claridad ha sabido sumar, para convertirse en la voz de diferentes organizaciones de la sociedad civil\u201d.<\/p>\n\n\n\n<p class=\"wp-block-paragraph\">Mercado subray\u00f3 que su agenda legislativa es de justicia, busca establecer una mejor convivencia y restar dolor en la vida cotidiana.<\/p>\n\n\n\n<p class=\"wp-block-paragraph\">En su balance de tres a\u00f1os, la mitad de su trabajo como Senadora, se comprometi\u00f3 a seguir sumando y que las decisiones legislativas logren resolver los problemas de la vida cotidiana.<\/p>\n\n\n\n<p class=\"wp-block-paragraph\">Como integrante de la Comisi\u00f3n de Ni\u00f1as, Ni\u00f1os y Adolescentes, la legisladora dijo que trabaja para disminuir el embarazo adolescente, pues en el pa\u00eds cada 24 horas dos ni\u00f1as de entre 10 y 11 a\u00f1os tienen un parto.<\/p>\n\n\n\n<figure class=\"wp-block-image size-full\"><a href=\"https:\/\/redsemlac.com\/semmexico\/wp-content\/uploads\/2021\/10\/5_PMC_TERCERINFORME_111021.jpeg\"><img loading=\"lazy\" decoding=\"async\" width=\"960\" height=\"640\" src=\"https:\/\/redsemlac.com\/semmexico\/wp-content\/uploads\/2021\/10\/5_PMC_TERCERINFORME_111021.jpeg\" alt=\"\" class=\"wp-image-40878\"\/><\/a><\/figure>\n\n\n\n<p class=\"wp-block-paragraph\">La aprobaci\u00f3n del dictamen de igualdad salarial que hace transversal el principio de igualdad de remuneraci\u00f3n por trabajo de igual valor entre hombres y mujeres, as\u00ed como del dictamen que ampl\u00eda a cuatro semanas las licencias de paternidad.<\/p>\n\n\n\n<p class=\"wp-block-paragraph\">Record\u00f3 que la Bancada Naranja present\u00f3 una iniciativa para garantizar el Ingreso Vital en situaciones de emergencia, el seguro de desempleo y la seguridad social universal.<\/p>\n\n\n\n<p class=\"wp-block-paragraph\">Respecto a las personas con discapacidad, la Senadora Patricia Mercado resalt\u00f3 el dictamen aprobado la semana pasada en la Comisi\u00f3n de Trabajo y Previsi\u00f3n Social, de la que es secretaria, para que los centros del trabajo con m\u00e1s de 20 trabajadores empleen al menos cinco por ciento de personas con discapacidad.<\/p>\n\n\n\n<p class=\"wp-block-paragraph\">La senadora resalt\u00f3 los avances legislativos en materia de movilidad y a favor del reconocimiento del trabajo digno y de derechos y libertades, lo que se logr\u00f3 con el di\u00e1logo entre las distintas fuerzas pol\u00edticas, con la participaci\u00f3n de organizaciones sindicales y empresariales.<\/p>\n\n\n\n<p class=\"wp-block-paragraph\">De la misma forma reiter\u00f3 su compromiso con la agenda de la diversidad sexual al presentar la iniciativa para prohibir los ECOSIG (Esfuerzos para Corregir la Orientaci\u00f3n Sexual y la Identidad de G\u00e9nero), tambi\u00e9n mal llamadas \u201cterapias de conversi\u00f3n\u201d, cuyo dictamen fue aprobado en comisiones y se est\u00e1 insistiendo para que sea sometido a consideraci\u00f3n del Pleno del Senado.<\/p>\n\n\n\n<p class=\"wp-block-paragraph\">Como presidenta de la Comisi\u00f3n de Movilidad y Zonas Metropolitanas del Senado, inform\u00f3 que se logr\u00f3 tener un pre dictamen de la Ley General de Movilidad y Seguridad Vial, despu\u00e9s de que se hizo la reforma constitucional para reconocer el derecho a la movilidad, a partir de foros con distintos sectores de la poblaci\u00f3n.<\/p>\n\n\n\n<p class=\"wp-block-paragraph\">El proyecto de Ley busca fijar una jerarqu\u00eda de la movilidad en la que los peatones son prioridad y que contribuya a tener ciudades seguras, saludables, sustentables, sostenibles e incluyentes.<\/p>\n\n\n\n<p class=\"wp-block-paragraph\">En este informe de labores legislativas acompa\u00f1aron a la senadora Patricia Mercado, hombres y mujeres, representantes de organizaciones de la sociedad civil, con quienes ha colaborado en sus tareas parlamentarias.<\/p>\n\n\n\n<p class=\"wp-block-paragraph\">SEM\/mm\/sj<\/p>\n","protected":false},"excerpt":{"rendered":"<p>En su balance de tres a\u00f1os, la mitad de su trabajo como Senadora, se comprometi\u00f3 a seguir sumando y que las decisiones legislativas logren resolver los problemas de la vida cotidiana.<\/p>\n","protected":false},"author":3,"featured_media":40877,"comment_status":"open","ping_status":"open","sticky":false,"template":"","format":"standard","meta":{"_monsterinsights_skip_tracking":false,"footnotes":""},"categories":[692,50],"tags":[],"class_list":["post-40876","post","type-post","status-publish","format-standard","has-post-thumbnail","category-692","category-congreso"],"_links":{"self":[{"href":"https:\/\/redsemlac.com\/semmexico\/wp-json\/wp\/v2\/posts\/40876","targetHints":{"allow":["GET"]}}],"collection":[{"href":"https:\/\/redsemlac.com\/semmexico\/wp-json\/wp\/v2\/posts"}],"about":[{"href":"https:\/\/redsemlac.com\/semmexico\/wp-json\/wp\/v2\/types\/post"}],"author":[{"embeddable":true,"href":"https:\/\/redsemlac.com\/semmexico\/wp-json\/wp\/v2\/users\/3"}],"replies":[{"embeddable":true,"href":"https:\/\/redsemlac.com\/semmexico\/wp-json\/wp\/v2\/comments?post=40876"}],"version-history":[{"count":0,"href":"https:\/\/redsemlac.com\/semmexico\/wp-json\/wp\/v2\/posts\/40876\/revisions"}],"wp:featuredmedia":[{"embeddable":true,"href":"https:\/\/redsemlac.com\/semmexico\/wp-json\/wp\/v2\/media\/40877"}],"wp:attachment":[{"href":"https:\/\/redsemlac.com\/semmexico\/wp-json\/wp\/v2\/media?parent=40876"}],"wp:term":[{"taxonomy":"category","embeddable":true,"href":"https:\/\/redsemlac.com\/semmexico\/wp-json\/wp\/v2\/categories?post=40876"},{"taxonomy":"post_tag","embeddable":true,"href":"https:\/\/redsemlac.com\/semmexico\/wp-json\/wp\/v2\/tags?post=40876"}],"curies":[{"name":"wp","href":"https:\/\/api.w.org\/{rel}","templated":true}]}}