{"id":40847,"date":"2021-10-11T17:33:30","date_gmt":"2021-10-11T23:33:30","guid":{"rendered":"https:\/\/redsemlac.com\/semmexico\/?p=40847"},"modified":"2023-07-21T17:08:00","modified_gmt":"2023-07-21T22:08:00","slug":"un-cuarto-de-al-lado-para-luchar-por-un-presupuesto-para-las-mujeres","status":"publish","type":"post","link":"https:\/\/redsemlac.com\/semmexico\/un-cuarto-de-al-lado-para-luchar-por-un-presupuesto-para-las-mujeres\/","title":{"rendered":"\u201cUn Cuarto de al Lado\u201d para luchar por un presupuesto para las mujeres"},"content":{"rendered":"\n<ul class=\"wp-block-list\"><li><strong>Propone Amalia Garc\u00eda en Conferencia Nacional de Legisladoras<\/strong><\/li><\/ul>\n\n\n\n<ul class=\"wp-block-list\"><li><strong> Sin dinero para los programas de mujeres, vamos a tener un retroceso de varios a\u00f1os, dice Olamendi<\/strong><\/li><\/ul>\n\n\n\n<p class=\"wp-block-paragraph\"><strong>Elda Montiel<\/strong><\/p>\n\n\n\n<p class=\"wp-block-paragraph\">SemM\u00e9xico, Cd. de M\u00e9xico, 11 de octubre, 2021.- La conformaci\u00f3n de un \u201cCuarto de al Lado\u201d que este junto a la Comisi\u00f3n de Presupuesto para luchar por recursos para las mujeres y la aprobaci\u00f3n, por parte del Senado, de la Ley General de Cuidados que ya tiene el visto bueno de la C\u00e1mara de Diputados, fue propuesta por la legisladora Amalia Garc\u00eda en la \u201c3er. Conferencia Nacional de Legisladoras y Organizaciones de la Sociedad Civil contra la Violencia por los Derechos Humanos. Presupuesto 2022\u201d.<\/p>\n\n\n\n<p class=\"wp-block-paragraph\">A la propuesta se sum\u00f3 la diputada Ana Lilia Herrera Anzaldo al enfatizar \u201cque vamos por un Sistema Nacional de Cuidados con presupuesto que recupere las estancias infantiles y escuelas de tiempo completo.<\/p>\n\n\n\n<p class=\"wp-block-paragraph\">La diputada Amalia Garc\u00eda se\u00f1al\u00f3 que el grupo debe estar conformado lo m\u00e1s pronto posible para comenzar a trabajar el presupuesto que debe estar a m\u00e1s tardar el 15 de noviembre.<\/p>\n\n\n\n<p class=\"wp-block-paragraph\">Confi\u00f3 en el tri\u00e1ngulo de hierro del movimiento feminista que son las mujeres con representaci\u00f3n de poder como las legisladoras, las mujeres de la sociedad civil y las mujeres de la academia, para que el Senado apruebe el Sistema Nacional de Cuidados.<\/p>\n\n\n\n<p class=\"wp-block-paragraph\">Nashieli Ram\u00edrez, presidenta de la Comisi\u00f3n de Derechos Humanos de la Ciudad de M\u00e9xico indic\u00f3 que la ruta de cobertura del Presupuesto debe ir dirigida a generar estrategias para atender la crisis de cuidados que ha quedado expuesta ante el Covid 19. Adem\u00e1s, de que la CEDAW reconoce la incorporaci\u00f3n de la perspectiva de g\u00e9nero para presupuestos.<\/p>\n\n\n\n<p class=\"wp-block-paragraph\">La abogada Patricia Olamendi de \u201cNosotras tenemos otros datos\u201d enfatiz\u00f3 que si no se pone el dinero donde debe de estar el retroceso en los avances de las mujeres va a ser de muchos a\u00f1os, ya que sin recursos ser\u00e1 muy complicado mejorar la brecha de desigualdad que se agrando con la pandemia.<\/p>\n\n\n\n<p class=\"wp-block-paragraph\">Patricia Olamendi afirm\u00f3 que las mujeres no somos minor\u00eda y no somos una acci\u00f3n afirmativa, somos m\u00e1s de la mitad de la poblaci\u00f3n por lo que propuso eliminar el Anexo 13 para que el presupuesto sea orientado a la igualdad de oportunidades para las mujeres.<\/p>\n\n\n\n<p class=\"wp-block-paragraph\">Ante la violencia de g\u00e9nero contra las mujeres, la abogada y feminista demand\u00f3 se declare una alerta nacional.<\/p>\n\n\n\n<p class=\"wp-block-paragraph\">En un breve an\u00e1lisis del Anexo 13 indic\u00f3 que desapareci\u00f3 el Proigualdad.<\/p>\n\n\n\n<p class=\"wp-block-paragraph\">Al respecto la diputada Ana Lilia Herrera Anzaldo se\u00f1al\u00f3 que se destina solo el 14.7 por ciento a programas para la igualdad, la no discriminaci\u00f3n y la no violencia.<\/p>\n\n\n\n<p class=\"wp-block-paragraph\">Se eliminan el programa de apoyo al empleo, desaparece el Programa Fomento a la Econom\u00eda Social para mejorar el ingreso de mujeres en situaci\u00f3n de pobreza, que en 2019 transfiri\u00f3 204 millones de pesos y en 2018 destino 731 millones de pesos.<\/p>\n\n\n\n<p class=\"wp-block-paragraph\">Se disminuyen la salud materna, sexual y prevenci\u00f3n de la violencia contra las mujeres, el Programa Fortalecimiento de la Igualdad sustantiva entre mujeres y hombres.<\/p>\n\n\n\n<p class=\"wp-block-paragraph\">Si bien se mantienen en t\u00e9rminos nominales el programa de apoyo a las instancias de mujeres en las entidades federativas, por la inflaci\u00f3n anual refleja una p\u00e9rdida de 3.3 por ciento, unos 10 millones de pesos. El Programa Fortalecimiento a la Transversalidad de la Perspectiva de G\u00e9nero que en t\u00e9rminos reales disminuye 3.3 por ciento (12 millones de pesos).<\/p>\n\n\n\n<p class=\"wp-block-paragraph\">En el marco del D\u00eda Internacional de la Ni\u00f1a, la diputada reelecta Ana Lilia Herrera Anzaldo destac\u00f3 que en un pa\u00eds donde10 mujeres son asesinadas diariamente, el Programa para la Atenci\u00f3n y Prevenci\u00f3n de la violencia contras las mujeres concentra el 0.3 por ciento del presupuesto para la igualdad (Anexo 13) y el 0.01 por ciento de gasto programable para el 2021.<\/p>\n\n\n\n<p class=\"wp-block-paragraph\">Inaugur\u00f3 la 3er Conferencia Nacional y destac\u00f3 que como miembro de la Comisi\u00f3n de las Ni\u00f1as, Ni\u00f1os y Adolescentes de la C\u00e1mara de Diputados le llama la atenci\u00f3n que la Comisi\u00f3n se integre solo por mujeres como si ning\u00fan hombre tuviera hijos e hijas y si estuvieran en peligro se quedar\u00edan con los brazos cruzados. O si supieran tambi\u00e9n que sus hijas e hijos tienen un precio de 210 mil pesos, por lo que exhort\u00f3 a los hombres a involucrarse.<\/p>\n\n\n\n<p class=\"wp-block-paragraph\">Pidi\u00f3 a las integrantes de la LXV Legislatura dotar de congruencia y sentido a la segunda legislatura de la paridad, sin tintes partidistas, dijo. Luego a\u00f1adi\u00f3 que como la primera legislatura de la reelecci\u00f3n se privilegie \u201ctodo aquello que nos une, hagamos valer la presencia femenina d\u00e1ndoles congruencia y voz a millones de mujeres\u201d.<\/p>\n\n\n\n<p class=\"wp-block-paragraph\">A dar la batalla por los recursos para acceder a esa lista de buenos deseos que est\u00e1 plasmada en la Constituci\u00f3n, pero no tiene nada que ver con la realidad de las mujeres en este pa\u00eds.<\/p>\n\n\n\n<p class=\"wp-block-paragraph\">Paola Jim\u00e9nez Hern\u00e1ndez, presidenta de la Comisi\u00f3n de Igualdad de G\u00e9nero en el Congreso del Estado de M\u00e9xico, propuso que se constituya la Federaci\u00f3n de Legisladoras Feministas, para que desde las Curules Violetas se impulse una agenda com\u00fan en favor de los Derechos Humanos de las Mujeres y las Ni\u00f1as.<\/p>\n\n\n\n<p class=\"wp-block-paragraph\">Aleida Alav\u00e9s Ruiz habl\u00f3 del esfuerzo del Ejecutivo federal de incrementar los recursos para igualdad entre hombres y mujeres en el Proyecto de Presupuesto 2022 y que en su opini\u00f3n s\u00ed tiene perspectiva de g\u00e9nero. &nbsp;<\/p>\n\n\n\n<p class=\"wp-block-paragraph\">SEM\/em\/sj<\/p>\n","protected":false},"excerpt":{"rendered":"<p> Sin dinero para los programas de mujeres, vamos a tener un retroceso de varios a\u00f1os, dice Olamendi<\/p>\n","protected":false},"author":3,"featured_media":40848,"comment_status":"open","ping_status":"open","sticky":false,"template":"","format":"standard","meta":{"_monsterinsights_skip_tracking":false,"footnotes":""},"categories":[692,50],"tags":[],"class_list":["post-40847","post","type-post","status-publish","format-standard","has-post-thumbnail","category-692","category-congreso"],"_links":{"self":[{"href":"https:\/\/redsemlac.com\/semmexico\/wp-json\/wp\/v2\/posts\/40847","targetHints":{"allow":["GET"]}}],"collection":[{"href":"https:\/\/redsemlac.com\/semmexico\/wp-json\/wp\/v2\/posts"}],"about":[{"href":"https:\/\/redsemlac.com\/semmexico\/wp-json\/wp\/v2\/types\/post"}],"author":[{"embeddable":true,"href":"https:\/\/redsemlac.com\/semmexico\/wp-json\/wp\/v2\/users\/3"}],"replies":[{"embeddable":true,"href":"https:\/\/redsemlac.com\/semmexico\/wp-json\/wp\/v2\/comments?post=40847"}],"version-history":[{"count":0,"href":"https:\/\/redsemlac.com\/semmexico\/wp-json\/wp\/v2\/posts\/40847\/revisions"}],"wp:featuredmedia":[{"embeddable":true,"href":"https:\/\/redsemlac.com\/semmexico\/wp-json\/wp\/v2\/media\/40848"}],"wp:attachment":[{"href":"https:\/\/redsemlac.com\/semmexico\/wp-json\/wp\/v2\/media?parent=40847"}],"wp:term":[{"taxonomy":"category","embeddable":true,"href":"https:\/\/redsemlac.com\/semmexico\/wp-json\/wp\/v2\/categories?post=40847"},{"taxonomy":"post_tag","embeddable":true,"href":"https:\/\/redsemlac.com\/semmexico\/wp-json\/wp\/v2\/tags?post=40847"}],"curies":[{"name":"wp","href":"https:\/\/api.w.org\/{rel}","templated":true}]}}