{"id":40832,"date":"2021-10-11T14:25:21","date_gmt":"2021-10-11T20:25:21","guid":{"rendered":"https:\/\/redsemlac.com\/semmexico\/?p=40832"},"modified":"2023-07-21T17:08:00","modified_gmt":"2023-07-21T22:08:00","slug":"insiste-el-pan-la-objecion-de-conciencia-es-un-derecho-individual","status":"publish","type":"post","link":"https:\/\/redsemlac.com\/semmexico\/insiste-el-pan-la-objecion-de-conciencia-es-un-derecho-individual\/","title":{"rendered":"Insiste el PAN: la objeci\u00f3n de conciencia es un derecho individual"},"content":{"rendered":"\n<ul class=\"wp-block-list\"><li><strong> Presentan una iniciativa en la C\u00e1mara de Diputados<\/strong><\/li><\/ul>\n\n\n\n<ul class=\"wp-block-list\"><li><strong> Proponen: la objeci\u00f3n solo podr\u00e1 ser invocada por personas y no por instituciones<\/strong><\/li><\/ul>\n\n\n\n<p class=\"wp-block-paragraph\"><strong>Elda Montiel<\/strong><\/p>\n\n\n\n<p class=\"wp-block-paragraph\">SemM\u00e9xico, Cd. de M\u00e9xico, 11 de octubre, 2021.- \u00c9ctor Jaime Ram\u00edrez Barba, a nombre de la diputaci\u00f3n del PAN, present\u00f3 al pleno la iniciativa sobre la objeci\u00f3n de conciencia como un derecho individual bajo el argumento de la libertad de convicciones \u00e9ticas, de conciencia y de religi\u00f3n.<\/p>\n\n\n\n<p class=\"wp-block-paragraph\">En la iniciativa proponen reformar el art\u00edculo 10 Bis y adicionar los art\u00edculos 10 Ter y 10 Qu\u00e1ter a la Ley General de Salud para que el personal m\u00e9dico y de enfermer\u00eda del Sistema Nacional de Salud pueda ejercer la objeci\u00f3n de conciencia y excusarse de participar en la prestaci\u00f3n de servicios que establece esta ley, cuando consideren que se oponen a sus convicciones religiosas, \u00e9ticas y de conciencia. La iniciativa se turn\u00f3 a la Comisi\u00f3n de Salud.<\/p>\n\n\n\n<p class=\"wp-block-paragraph\">La propuesta legislativa se presenta luego de que el pasado 20 de septiembre, las y los Ministros de la Suprema Corte de Justicia de la Naci\u00f3n (SCJN) declararon la invalidez del art\u00edculo 10 bis de la Ley General de Salud, por&nbsp;no establecer l\u00edmites claros al ejercicio de la Objeci\u00f3n de Conciencia&nbsp;por parte de profesionales de la salud, al considerar que no puede ser m\u00e1s relevante el sistema de creencias del personal m\u00e9dico que el derecho a la salud de las personas en particular de las mujeres.<\/p>\n\n\n\n<p class=\"wp-block-paragraph\">Por lo que hizo un exhorto al Congreso de la Uni\u00f3n para que legisle nuevamente sobre el derecho de conciencia, retomando los criterios emitidos por el tribunal constitucional.<\/p>\n\n\n\n<p class=\"wp-block-paragraph\">El diputado \u00c9ctor Jaime Ram\u00edrez Barba calific\u00f3 como un grave error que la Corte designara inconstitucional la objeci\u00f3n de conciencia, cuando es un derecho constitucional de primer grado y lo que dijo la Corte es que se corrigiera un proceso legislativo err\u00f3neo en su momento y que vale la pena puntualizar.<\/p>\n\n\n\n<p class=\"wp-block-paragraph\">El PAN present\u00f3 la iniciativa en atenci\u00f3n al exhorto para actualizar la Ley General de Salud, en la que precisan que la objeci\u00f3n solo podr\u00e1 ser invocada por personas y nunca por instituciones del sector salud, como tampoco derivar\u00e1 en ning\u00fan tipo de discriminaci\u00f3n laboral al personal de salud objetor de conciencia y no ser\u00e1n objeto de medida restrictiva alguna que menoscabe sus derechos.<\/p>\n\n\n\n<p class=\"wp-block-paragraph\">Se le asigna, como recomend\u00f3 la Corte, y nos parece correcto, que las instituciones nacionales del sistema de salud, de conformidad con la legislaci\u00f3n en materia de salubridad general y su concurrencia, deber\u00e1n asegurarse de contar con personal m\u00e9dico y de enfermer\u00eda suficiente, de car\u00e1cter no objetor, para garantizar que se preste la atenci\u00f3n m\u00e9dica sin forma alguna de discriminaci\u00f3n.<\/p>\n\n\n\n<p class=\"wp-block-paragraph\">En el caso de que en un hospital o unidad sanitaria o de seguridad social no se cuente en un momento determinado con personal m\u00e9dico y de enfermer\u00eda no objetor, las instituciones se encontrar\u00e1n obligadas a realizar el traslado de las personas beneficiarias de los servicios de salud a un hospital o unidad m\u00e9dica en el que se realice el procedimiento sanitario.<\/p>\n\n\n\n<p class=\"wp-block-paragraph\">El ejercicio de la objeci\u00f3n de conciencia no exime el deber de estabilizar primeramente a las pacientes antes de su traslado. Ser\u00e1, adem\u00e1s, obligaci\u00f3n de las instituciones del sistema nacional de salud, garantizar la oportuna prestaci\u00f3n de los servicios y la permanente disponibilidad de personal no objetor de conciencia.<\/p>\n\n\n\n<p class=\"wp-block-paragraph\">SEM\/em\/sj<\/p>\n","protected":false},"excerpt":{"rendered":"<p> Proponen: la objeci\u00f3n solo podr\u00e1 ser invocada por personas y no por instituciones<\/p>\n","protected":false},"author":3,"featured_media":40833,"comment_status":"open","ping_status":"open","sticky":false,"template":"","format":"standard","meta":{"_monsterinsights_skip_tracking":false,"footnotes":""},"categories":[692,50],"tags":[],"class_list":["post-40832","post","type-post","status-publish","format-standard","has-post-thumbnail","category-692","category-congreso"],"_links":{"self":[{"href":"https:\/\/redsemlac.com\/semmexico\/wp-json\/wp\/v2\/posts\/40832","targetHints":{"allow":["GET"]}}],"collection":[{"href":"https:\/\/redsemlac.com\/semmexico\/wp-json\/wp\/v2\/posts"}],"about":[{"href":"https:\/\/redsemlac.com\/semmexico\/wp-json\/wp\/v2\/types\/post"}],"author":[{"embeddable":true,"href":"https:\/\/redsemlac.com\/semmexico\/wp-json\/wp\/v2\/users\/3"}],"replies":[{"embeddable":true,"href":"https:\/\/redsemlac.com\/semmexico\/wp-json\/wp\/v2\/comments?post=40832"}],"version-history":[{"count":0,"href":"https:\/\/redsemlac.com\/semmexico\/wp-json\/wp\/v2\/posts\/40832\/revisions"}],"wp:featuredmedia":[{"embeddable":true,"href":"https:\/\/redsemlac.com\/semmexico\/wp-json\/wp\/v2\/media\/40833"}],"wp:attachment":[{"href":"https:\/\/redsemlac.com\/semmexico\/wp-json\/wp\/v2\/media?parent=40832"}],"wp:term":[{"taxonomy":"category","embeddable":true,"href":"https:\/\/redsemlac.com\/semmexico\/wp-json\/wp\/v2\/categories?post=40832"},{"taxonomy":"post_tag","embeddable":true,"href":"https:\/\/redsemlac.com\/semmexico\/wp-json\/wp\/v2\/tags?post=40832"}],"curies":[{"name":"wp","href":"https:\/\/api.w.org\/{rel}","templated":true}]}}