{"id":40829,"date":"2021-10-11T14:22:29","date_gmt":"2021-10-11T20:22:29","guid":{"rendered":"https:\/\/redsemlac.com\/semmexico\/?p=40829"},"modified":"2023-07-21T17:08:00","modified_gmt":"2023-07-21T22:08:00","slug":"cuba-donde-estan-las-mujeres-rurales","status":"publish","type":"post","link":"https:\/\/redsemlac.com\/semmexico\/cuba-donde-estan-las-mujeres-rurales\/","title":{"rendered":"Cuba: \u00bfD\u00f3nde est\u00e1n las mujeres rurales?"},"content":{"rendered":"\n<ul class=\"wp-block-list\"><li><strong> Fundamental priorizar la atenci\u00f3n al entorno rural y sus mujeres, que representan el 21,3 % de la poblaci\u00f3n femenina<\/strong><\/li><\/ul>\n\n\n\n<ul class=\"wp-block-list\"><li><strong>Pese a tener estudios universitarios, ellas no ocupan dirigencias<br><br><\/strong><\/li><\/ul>\n\n\n\n<p class=\"wp-block-paragraph\"><strong>Redacci\u00f3n<\/strong><\/p>\n\n\n\n<p class=\"wp-block-paragraph\">SemM\u00e9xico\/SEMlac, La Habana, 11 de octubre, 2021.- El potencial de las mujeres rurales en la producci\u00f3n de alimentos se ve poco reflejado en Cuba, pese a que las estad\u00edsticas las ubican como 46,3 por ciento de la poblaci\u00f3n rural, representando una importante reserva de fuente de trabajo en estos espacios y en particular en el sector agropecuario.<\/p>\n\n\n\n<p class=\"wp-block-paragraph\"><br>Ellas son el 26,1 por ciento de la poblaci\u00f3n rural econ\u00f3micamente activa, lo cual demuestra lo poco que se visibiliza esta fuerza en las labores asociadas a los sistemas alimentarios.<\/p>\n\n\n\n<p class=\"wp-block-paragraph\"><br>Estos son algunos de los resultados del&nbsp;<a href=\"https:\/\/drive.google.com\/file\/d\/1x-3fUjb4oWNOLbJfP1odv8nJmICdL6TM\/view?fbclid=IwAR0cWN-f_MvTgNzPtVQw5vgKvvfLbp2wE1Q-XWAqmvVMDYoq-AkVtnNjJLg\" target=\"_blank\" rel=\"noreferrer noopener\">estudio \u00abCondici\u00f3n y posici\u00f3n de las mujeres rurales\u00bb<\/a>, presentados el martes 5 de octubre en la videoconferencia \u00abComunicar la soberan\u00eda alimentaria\u00bb. La investigaci\u00f3n, concluida en 2020, analiza, desde una perspectiva de g\u00e9nero, las pol\u00edticas destinadas a las mujeres rurales en su v\u00ednculo con la producci\u00f3n de alimentos.<\/p>\n\n\n\n<p class=\"wp-block-paragraph\"><br>Adem\u00e1s de las estad\u00edsticas existentes en Cuba sobre esta poblaci\u00f3n, sus autoras estudiaron tres municipios de tres provincias (occidente y centro) del pa\u00eds: Bejucal en Artemisa; Remedios en Villa Clara y Jimaguay\u00fa en Camag\u00fcey, y sistematizaron un centenar de art\u00edculos acad\u00e9micos y period\u00edsticos que abordan la cotidianidad de las mujeres rurales.<\/p>\n\n\n\n<p class=\"wp-block-paragraph\"><br><a href=\"http:\/\/www.redsemlac-cuba.net\/redsemlac\/sociedad-y-cultura\/mujeres-rurales\/\" target=\"_blank\" rel=\"noreferrer noopener\">La necesidad de que la atenci\u00f3n a este grupo comience a tenerse en cuenta m\u00e1s all\u00e1 del v\u00ednculo directo con la producci\u00f3n alimentaria y abarcar otras esferas<\/a>&nbsp;constituy\u00f3 punto central del debate, celebrado como pre\u00e1mbulo del D\u00eda Mundial de la Alimentaci\u00f3n y del D\u00eda Internacional de las Mujeres Rurales, el 15 y 16 de octubre respectivamente.<\/p>\n\n\n\n<p class=\"wp-block-paragraph\"><br>Una de las autoras de la investigaci\u00f3n, la profesora de sociolog\u00eda de la Universidad de La Habana Yenisei Bombino, acot\u00f3 que las mujeres, tanto urbanas como rurales, deben ser reconocidas como actoras estrat\u00e9gicas para la producci\u00f3n alimentaria dentro del Plan de Soberan\u00eda Alimentaria y Educaci\u00f3n Nutricional del pa\u00eds.<\/p>\n\n\n\n<p class=\"wp-block-paragraph\"><br>Es fundamental priorizar la atenci\u00f3n al entorno rural y sus mujeres, que representan el 21,3 por ciento del total de la poblaci\u00f3n femenina del pa\u00eds, por ser precisamente la producci\u00f3n agropecuaria y otros usos de los suelos la principal fuente de empleo y de ingreso en los espacios rurales, se\u00f1al\u00f3.<br><br><strong>Brechas de g\u00e9nero en el entorno rural<\/strong><\/p>\n\n\n\n<p class=\"wp-block-paragraph\"><br>De acuerdo con la soci\u00f3loga, la intenci\u00f3n del estudio fue analizar la condici\u00f3n de g\u00e9nero entendida por las necesidades pr\u00e1cticas de las mujeres, el acceso a servicios, recursos productivos, oportunidades de atender su salud, de alcanzar diversos niveles de educaci\u00f3n, entre otros elementos.<\/p>\n\n\n\n<p class=\"wp-block-paragraph\"><br>\u00abTambi\u00e9n indagar desde la posici\u00f3n de g\u00e9nero: como reconocimiento social, estatus asignado en relaci\u00f3n con los hombres, inclusi\u00f3n (o no) en los espacios de toma de decisiones, en la igualdad o diferenciaci\u00f3n salarial, los roles a nivel comunitario, de cuidado, entre otros que pueden limitar o favorecer su acceso real a oportunidades que existen desde su condici\u00f3n\u00bb, puntualiz\u00f3 la especialista.<\/p>\n\n\n\n<p class=\"wp-block-paragraph\"><br>Entre otros instrumentos legales y de apoyo a las mujeres rurales, mencion\u00f3 la Estrategia de G\u00e9nero del Sistema de la Agricultura. \u00abEs la \u00fanica estrategia sectorial, al menos hasta el a\u00f1o pasado, con este enfoque\u00bb, subray\u00f3 Bombino.<\/p>\n\n\n\n<p class=\"wp-block-paragraph\"><br>Aunque reconoci\u00f3 que la atenci\u00f3n de la mujer rural debe trascender el sistema agropecuario, la investigadora consider\u00f3 que este es un buen aporte.<\/p>\n\n\n\n<p class=\"wp-block-paragraph\"><br>Las cifras reflejan que m\u00e1s del 60 por ciento no tienen un v\u00ednculo laboral, pero \u00bfest\u00e1n inactivas realmente estas mujeres rurales?, reflexion\u00f3 Bombino, autora del texto junto a las profesoras Betsy Anaya y Dayma Echevarr\u00eda, del Centro de Estudios de la Econom\u00eda Cubana y Miriam Garc\u00eda, colaboradora de esa instituci\u00f3n.<\/p>\n\n\n\n<p class=\"wp-block-paragraph\"><br>\u00abLas estad\u00edsticas demuestran que no, pues aparecen reflejadas en otras categor\u00edas, como es la realizaci\u00f3n de quehaceres del hogar\u00bb, expuso Bombino.<br>La Encuesta Nacional de Igualdad de G\u00e9nero expone que la tasa de participaci\u00f3n de las mujeres rurales en trabajos no remunerados es de 98,39 por ciento, lo cual&nbsp;<a href=\"http:\/\/www.redsemlac-cuba.net\/redsemlac\/sociedad-y-cultura\/uso-del-tiempo-devela-inequidades-entre-mujeres-y-hombres\/\" target=\"_blank\" rel=\"noreferrer noopener\">representa el 80 por ciento de su tiempo<\/a>, contra el 69 por ciento que emplean las mujeres de zonas urbanas, argument\u00f3 la acad\u00e9mica.<\/p>\n\n\n\n<p class=\"wp-block-paragraph\"><br>Vale aclarar que se trata de mujeres entre los 17 y 76 a\u00f1os de edad, sostuvo. Su participaci\u00f3n en los trabajos dom\u00e9sticos es superior al de las mujeres urbanas e incluso a la de los hombres rurales.<\/p>\n\n\n\n<p class=\"wp-block-paragraph\"><br>A su juicio, son evidentes las brechas en el acceso a oportunidades que permitan incorporar a las mujeres a las labores agr\u00edcolas. De acuerdo con el&nbsp;<a href=\"https:\/\/www.cu.undp.org\/content\/cuba\/es\/home\/presscenter\/articles\/2019\/IDHCubaIVinforme.html\" target=\"_blank\" rel=\"noreferrer noopener\">informe&nbsp;<em>Ascenso a la ra\u00edz. La perspectiva local del Desarrollo Humano en Cuba<\/em><\/a>, publicado en 2019, el 56 por ciento de estas mujeres refirieron dedicarse a las labores de cuidados, dos veces m\u00e1s que el porcentaje de hombres rurales que asumen estas tareas.<\/p>\n\n\n\n<p class=\"wp-block-paragraph\"><br>\u00abEsto nos habla de una desigual distribuci\u00f3n de los roles y las responsabilidades en la familia y en el hogar. Mientras exista esta desigualdad, se les hace muy dif\u00edcil a las mujeres establecer v\u00ednculos con los sistemas productivos agropecuarios y su aporte a la soberan\u00eda alimentaria\u00bb, consider\u00f3 Bombino.<\/p>\n\n\n\n<p class=\"wp-block-paragraph\"><br>Insisti\u00f3 en que las mujeres son el sost\u00e9n reproductivo de la vida en estos espacios. \u00abLa cultura patriarcal tiene un peso mayor en las comunidades rurales, demora m\u00e1s en cambiar. Pesa mucho el valor de los prejuicios, de las tradiciones patriarcales, a la hora de realizar cambios o de introducir principios de igualdad en el hogar\u00bb, se\u00f1al\u00f3 la soci\u00f3loga.<\/p>\n\n\n\n<p class=\"wp-block-paragraph\"><br>En su opini\u00f3n, para entender este fen\u00f3meno debe tenerse en cuenta el proceso de compactaci\u00f3n que se produjo hace casi una d\u00e9cada, a partir del reordenamiento de los sistemas de salud y educaci\u00f3n. Tambi\u00e9n debe valorarse que hay una deuda hist\u00f3rica con el desarrollo de los servicios de asistencia en los espacios rurales, lo cual hace que recaiga esta funci\u00f3n en las mujeres.<\/p>\n\n\n\n<p class=\"wp-block-paragraph\"><br>\u00abPor ejemplo: en el pa\u00eds solo existen 25 c\u00edrculos infantiles rurales y poqu\u00edsimas casas de abuelos. Esa poblaci\u00f3n adulta, que es predominante en los espacios rurales, es atendida por las mujeres\u00bb, dijo la soci\u00f3loga.<\/p>\n\n\n\n<p class=\"wp-block-paragraph\"><br>Agreg\u00f3 Bombino que, al analizar las estad\u00edsticas relacionadas con la educaci\u00f3n, de cada 100 personas con nivel universitario en las zonas rurales, 57 son mujeres. Estos datos de instrucci\u00f3n no se corresponden con su participaci\u00f3n en la toma de decisiones en los espacios rurales, apunt\u00f3.<\/p>\n\n\n\n<p class=\"wp-block-paragraph\"><br>\u00abPor cada hombre dirigente, hay cuatro mujeres que tienen nivel universitario o son t\u00e9cnicas, pero no llegan a ocupar estas posiciones de direcci\u00f3n. Ellas son solo 28 por ciento del personal directivo en estas zonas rurales. Ah\u00ed hay una brecha\u00bb, afirm\u00f3 la especialista.<\/p>\n\n\n\n<p class=\"wp-block-paragraph\"><br>Refiri\u00f3 que la investigaci\u00f3n da cuenta de que las mujeres ocupan plazas de especialistas en recursos humanos o de economistas en las entidades productivas agropecuarias y, en menor medida, llegan a ser las presidentas de cooperativas. \u00abHa habido un proceso de crecimiento, unido a la intenci\u00f3n del sistema de agricultura de promover a las mujeres, pero a\u00fan no hay una correspondencia entre el nivel de instrucci\u00f3n y su presencia en la toma de decisiones\u00bb, reiter\u00f3.<\/p>\n\n\n\n<p class=\"wp-block-paragraph\"><br>Asimismo, no son las mujeres las beneficiadas con los cursos de habilitaci\u00f3n t\u00e9cnica, lo cual lleva a reproducir la tendencia de que est\u00e9n en puestos de subordinaci\u00f3n y menor desarrollo.<\/p>\n\n\n\n<p class=\"wp-block-paragraph\"><br>Las brechas de g\u00e9nero que ellas experimentan no ata\u00f1en solamente al \u00e1mbito laboral. En ese sentido, la investigadora mencion\u00f3 la alta tasa de fecundidad adolescente en los espacios rurales y el elevado n\u00famero de hogares unipersonales con personas mayores, donde predominan las mujeres. Por otra parte, seg\u00fan el informe de desarrollo humano,<a href=\"http:\/\/www.redsemlac-cuba.net\/redsemlac\/violencia\/ck83-noticias\/la-violencia-machista-afecta-el-bienestar-de-las-mujeres-rurales\/\" target=\"_blank\" rel=\"noreferrer noopener\">&nbsp;el 17 por ciento de las mujeres rurales reconocen haber sufrido alg\u00fan tipo de violencia<\/a>.<br><br><strong>Barreras para ellas en sector agr\u00edcola<\/strong><\/p>\n\n\n\n<p class=\"wp-block-paragraph\"><br>La subdeclaraci\u00f3n y una subvaloraci\u00f3n del papel del trabajo de las mujeres rurales prevalecen a\u00fan en estos entornos, destac\u00f3 la profesora de sociolog\u00eda de la Universidad de La Habana Yenisei Bombino, quien refiri\u00f3 que en los \u00faltimos 20 a\u00f1os ha habido una disminuci\u00f3n de la presencia de las mujeres en el sector de agricultura, ganader\u00eda, silvicultura y pesca.<\/p>\n\n\n\n<p class=\"wp-block-paragraph\"><br>\u00abLa participaci\u00f3n y las contribuciones de las mujeres en el sector agropecuario no se reconocen; ni sus aportes financieros ni productivos, muchas veces porque ellas realizan actividades que son consideradas de apoyo, en el patio, en el cuidado de animales menores\u00bb, explic\u00f3.<\/p>\n\n\n\n<p class=\"wp-block-paragraph\"><br>Detall\u00f3 la investigadora que, con frecuencia, se les contrata en picos de cosecha, reiteradamente de forma verbal, y eso las deja en una situaci\u00f3n de vulnerabilidad. \u00abOtras muchas veces, cuando hacen estos trabajos, se organizan en brigadas dirigidas por hombres, que son quienes pactan estos contratos, por lo que ellas vuelven a estar en condiciones de riesgo\u00bb, apunt\u00f3.<\/p>\n\n\n\n<p class=\"wp-block-paragraph\"><br>El estudio identific\u00f3 como barreras para incorporaci\u00f3n de las mujeres al sector agropecuario la rudeza del trabajo agr\u00edcola, las malas condiciones de trabajo en las cooperativas agr\u00edcolas, los bajos salarios por las actividades t\u00edpicamente femeninas, la insuficiente capacidad t\u00e9cnica, la sobrecarga de las responsabilidades dom\u00e9sticas y el cuidado de hijas e hijos, as\u00ed como el escaso desarrollo de servicios de cuidado infantil, de personas ancianas y con discapacidad.<\/p>\n\n\n\n<p class=\"wp-block-paragraph\"><br>Otros elementos que influyen, dijo, pueden ser el peso de la opini\u00f3n del c\u00f3nyuge en tal decisi\u00f3n, su autoexclusi\u00f3n al asumir que rinden menos en el campo, la necesidad de reproducir comportamientos \u00abmasculinos\u00bb, entre otros.<\/p>\n\n\n\n<p class=\"wp-block-paragraph\"><br>Bombino coment\u00f3 que, como generalidad, la presencia de las mujeres en este sector se caracteriza por su escaso rol como usufructuarias (36%) o propietarias de tierras (16%), su participaci\u00f3n en el \u00e1mbito familiar como ayudante no remunerada o como asalariada en labores productivas que reciben menor salario.<\/p>\n\n\n\n<p class=\"wp-block-paragraph\"><br>La investigadora del Centro de Estudios de la Econom\u00eda Cubana, Betsy Anaya,<\/p>\n\n\n\n<p class=\"wp-block-paragraph\">reflexion\u00f3 sobre la posici\u00f3n de estas mujeres propietarias y usufructuarias frente a la tierra.<\/p>\n\n\n\n<p class=\"wp-block-paragraph\"><br>\u00ab\u00bfQui\u00e9n verdaderamente recibe los beneficios y las trabaja? Lo que uno percibe cuando recorre los territorios es que, muchas veces, cuando las mujeres piden tierras en usufructo, es para agrandar el patrimonio familiar de una pareja que ya posee tierras. Es lo mismo que ocurre con el patio, por lo que no hay una posici\u00f3n realmente de autonom\u00eda, en cuanto al trabajo y los ingresos\u00bb, refiri\u00f3 Anaya.<\/p>\n\n\n\n<p class=\"wp-block-paragraph\"><br>Sobre el acceso de las mujeres a la propiedad de la tierra, aunque en el marco legal cubano se reconoce igualdad de derecho a mujeres y hombres, las investigadoras apuntaron que solo la hereda quien la trabaje, lo que limita a las mujeres a este beneficio.<\/p>\n\n\n\n<p class=\"wp-block-paragraph\"><br>Bombino resalt\u00f3 que esta es una demanda identificada. \u00abHay que hacer acciones afirmativas dirigidas a las mujeres. Si ya est\u00e1 implementada una estrategia de g\u00e9nero en el sector, creo que esta limitaci\u00f3n es una carencia de los decretos leyes de la entrega de tierra, que no tienen una mirada focalizada en las mujeres\u00bb, opin\u00f3.<\/p>\n\n\n\n<p class=\"wp-block-paragraph\"><br>Un ejemplo similar ocurre con la Banca de cr\u00e9ditos, dirigida a los productores l\u00edderes, por lo cual las mujeres quedan nuevamente a la vera, pues deben tener unos recursos que garanticen la devoluci\u00f3n pronta de esa inversi\u00f3n, subray\u00f3 Bombino.<\/p>\n\n\n\n<p class=\"wp-block-paragraph\"><br>\u00abLas mujeres est\u00e1n tan carentes de patrimonio productivo, que esto las limita al acceso a cr\u00e9ditos. Existe una carencia de acciones afirmativas para garantizar su acceso efectivo a la tenencia de tierras y ahora a los cr\u00e9ditos bancarios\u00bb, agreg\u00f3.<br>El pasado mes de abril, Cuba aprob\u00f3 un paquete de 63 medidas para estimular la producci\u00f3n de alimentos en la naci\u00f3n y dinamizar los sistemas productivos. Si bien estas acciones involucran a las mujeres, visibilizarlas en esas medidas y el plan de soberan\u00eda alimentaria del pa\u00eds requiere atenci\u00f3n directa y especializada, indicaron las investigadoras.<\/p>\n\n\n\n<p class=\"wp-block-paragraph\"><br>El debate estuvo auspiciado por el Instituto Internacional de Periodismo Jos\u00e9 Mart\u00ed, la Uni\u00f3n de Periodistas de Cuba y la Organizaci\u00f3n de las Naciones Unidas para la Alimentaci\u00f3n y la Agricultura (FAO).<\/p>\n\n\n\n<p class=\"wp-block-paragraph\">SEM-SEMlac<br><br><br><\/p>\n","protected":false},"excerpt":{"rendered":"<p>Pese a tener estudios universitarios, ellas no ocupan dirigencias<\/p>\n","protected":false},"author":3,"featured_media":40830,"comment_status":"open","ping_status":"open","sticky":false,"template":"","format":"standard","meta":{"_monsterinsights_skip_tracking":false,"footnotes":""},"categories":[692,53],"tags":[149],"class_list":["post-40829","post","type-post","status-publish","format-standard","has-post-thumbnail","category-692","category-internacional","tag-mujeres"],"_links":{"self":[{"href":"https:\/\/redsemlac.com\/semmexico\/wp-json\/wp\/v2\/posts\/40829","targetHints":{"allow":["GET"]}}],"collection":[{"href":"https:\/\/redsemlac.com\/semmexico\/wp-json\/wp\/v2\/posts"}],"about":[{"href":"https:\/\/redsemlac.com\/semmexico\/wp-json\/wp\/v2\/types\/post"}],"author":[{"embeddable":true,"href":"https:\/\/redsemlac.com\/semmexico\/wp-json\/wp\/v2\/users\/3"}],"replies":[{"embeddable":true,"href":"https:\/\/redsemlac.com\/semmexico\/wp-json\/wp\/v2\/comments?post=40829"}],"version-history":[{"count":0,"href":"https:\/\/redsemlac.com\/semmexico\/wp-json\/wp\/v2\/posts\/40829\/revisions"}],"wp:featuredmedia":[{"embeddable":true,"href":"https:\/\/redsemlac.com\/semmexico\/wp-json\/wp\/v2\/media\/40830"}],"wp:attachment":[{"href":"https:\/\/redsemlac.com\/semmexico\/wp-json\/wp\/v2\/media?parent=40829"}],"wp:term":[{"taxonomy":"category","embeddable":true,"href":"https:\/\/redsemlac.com\/semmexico\/wp-json\/wp\/v2\/categories?post=40829"},{"taxonomy":"post_tag","embeddable":true,"href":"https:\/\/redsemlac.com\/semmexico\/wp-json\/wp\/v2\/tags?post=40829"}],"curies":[{"name":"wp","href":"https:\/\/api.w.org\/{rel}","templated":true}]}}