{"id":40826,"date":"2021-10-11T14:20:02","date_gmt":"2021-10-11T20:20:02","guid":{"rendered":"https:\/\/redsemlac.com\/semmexico\/?p=40826"},"modified":"2023-07-21T17:08:00","modified_gmt":"2023-07-21T22:08:00","slug":"cuba-estereotipos-de-belleza-peldanos-en-la-escalera-de-la-violencia","status":"publish","type":"post","link":"https:\/\/redsemlac.com\/semmexico\/cuba-estereotipos-de-belleza-peldanos-en-la-escalera-de-la-violencia\/","title":{"rendered":"Cuba: Estereotipos de belleza: pelda\u00f1os en la escalera de la violencia"},"content":{"rendered":"\n<ul class=\"wp-block-list\"><li><strong>Considerar algo como hermoso ha dependido de factores econ\u00f3micos, pol\u00edticos y sociales<\/strong><\/li><\/ul>\n\n\n\n<ul class=\"wp-block-list\"><li><strong>Muchas mujeres sufren por no verse representadas en el\u00a0estereotipo de la mujer perfecta<\/strong><\/li><\/ul>\n\n\n\n<p class=\"wp-block-paragraph\"><strong>Redacci\u00f3n<\/strong><strong><\/strong><\/p>\n\n\n\n<p class=\"wp-block-paragraph\">SemM\u00e9xico\/SEMlac, La Habana, 11 de octubre, 2021.-La necesidad de fomentar la autoestima y no reproducir&nbsp;<a href=\"http:\/\/www.redsemlac-cuba.net\/redsemlac\/comunicacion\/por-que-somos-feas\/\" target=\"_blank\" rel=\"noreferrer noopener\">c\u00e1nones de belleza impuestos por el mercado y la sociedad patriarcal<\/a>, que se convierten en formas de violencia sobre las personas, fueron temas de coincidencia este jueves 7 de octubre, para los participantes en el debate habitual del grupo de Telegram&nbsp;<a href=\"https:\/\/t.me\/AcompaSex\" target=\"_blank\" rel=\"noreferrer noopener\">AcompaSex<\/a>.<\/p>\n\n\n\n<p class=\"wp-block-paragraph\"><br>Aunque la belleza es una construcci\u00f3n social, como apuntaban los participantes, y los paradigmas relacionados con esta var\u00edan y se transforman, seg\u00fan los distintos contextos socioculturales y el momento hist\u00f3rico, tienen un impacto real sobre los cuerpos y la psiquis.<\/p>\n\n\n\n<p class=\"wp-block-paragraph\"><br>Considerar algo como hermoso ha dependido de factores econ\u00f3micos, pol\u00edticos y sociales, pero sobre todo ha estado relacionado con los grupos que tradicionalmente han detentado el poder, subrayaba el moderador del debate, Samuel Hern\u00e1ndez Dominics, curador y cr\u00edtico de arte.<\/p>\n\n\n\n<p class=\"wp-block-paragraph\"><br>\u00abHa sido una minor\u00eda la que ha definido qu\u00e9 debe entender la mayor\u00eda como bello y qu\u00e9 debe hacerse o no para alcanzar esta belleza\u00bb, a\u00f1ad\u00eda y recordaba que existen m\u00e1s c\u00e1nones asociados a la figura femenina, que responden a determinadas normas y valores sociales y, fundamentalmente, a la cultura patriarcal.<\/p>\n\n\n\n<p class=\"wp-block-paragraph\"><br>Sin embargo, los hombres tambi\u00e9n se ven afectados por estos estereotipos, ligados en su caso a la estatura, la musculatura y el vello, entre otros rasgos, se\u00f1al\u00f3 Karel Berm\u00fadez, uno de los foristas.<\/p>\n\n\n\n<p class=\"wp-block-paragraph\"><br>\u00abPensemos en la frase: `el var\u00f3n es como el oso, mientras m\u00e1s feo m\u00e1s hermoso'\u00bb, por solo citar un ejemplo, agreg\u00f3 Hern\u00e1ndez Dominics y precis\u00f3 que, no obstante, el seguimiento de patrones de belleza pesa m\u00e1s sobre las mujeres, al convertirse en mandatos sociales.<\/p>\n\n\n\n<p class=\"wp-block-paragraph\"><br>\u00abAl\u00edsate o pl\u00e1nchate el pelo, s\u00e1cate las cejas, maqu\u00edllate, usa aretes, dep\u00edlate, baja de peso, arr\u00e9glate esas manos, no cojas tanto sol que te vas a poner prieta, con vestido y tacones te ver\u00edas mejor, lo que no se exhibe no se vende, etc., son algunos de esos mandatos que escuchamos con cierta frecuencia de personas que se creen con derecho a opinar sobre nuestros cuerpos\u00bb, coment\u00f3 el moderador.<\/p>\n\n\n\n<p class=\"wp-block-paragraph\"><br>Estas expresiones esconden violencias y prejuicios disfrazados de inter\u00e9s, cari\u00f1o o cuidado, advert\u00eda, incluso cuando quien las emplea est\u00e1 o no consciente de ello.<br>Carla PS estima que hoy las jovencitas prefieren el cuerpo extradelgado de la supermodelos de Victoria Secret, un ejemplo de c\u00f3mo la imagen de belleza que se comercializa impacta en la vida de las personas.<\/p>\n\n\n\n<p class=\"wp-block-paragraph\"><br>\u00abMuchas mujeres sufren por no verse representadas en el&nbsp;<a href=\"http:\/\/www.redsemlac-cuba.net\/redsemlac\/violencia\/imagen-corporal-en-tiempos-de-violencias\/\" target=\"_blank\" rel=\"noreferrer noopener\">estereotipo de la mujer perfecta<\/a>&nbsp;y ah\u00ed comienzan los malestares relacionados con la identidad corporal y los m\u00faltiples esfuerzos, muchas veces da\u00f1inos, para corregir estas diferencias\u00bb, dijo.<\/p>\n\n\n\n<p class=\"wp-block-paragraph\"><br>En su opini\u00f3n, actualmente existe una tendencia a incluir tallas diversas en las representaciones comerciales y un modelaje mucho m\u00e1s inclusivo. \u00abSe est\u00e1n representando las mujeres reales, tratan de que todos nos sintamos representados, tanto la mujer extremadamente delgada, como la que tiene kilos de m\u00e1s\u00bb.<\/p>\n\n\n\n<p class=\"wp-block-paragraph\"><br>En cambio, otros participantes advirtieron que no se deb\u00edan confundir las pr\u00e1cticas del mercado para no perecer, con una supuesta inclusi\u00f3n.<\/p>\n\n\n\n<p class=\"wp-block-paragraph\"><br>Al respecto, Hern\u00e1ndez Dominics aludi\u00f3 a que la industria de la belleza y los cuidados han tenido que reinventar sus campa\u00f1as publicitarias porque los millennials han comenzado un movimiento de aceptaci\u00f3n corporal.<\/p>\n\n\n\n<p class=\"wp-block-paragraph\"><br>\u00abAhora es m\u00e1s com\u00fan la idea de ac\u00e9ptate tal cual eres, incluso se ha desarrollado desde hace alg\u00fan tiempo un movimiento conocido como&nbsp;<em>body positive<\/em>&nbsp;o positividad corporal. Sin embargo, este tambi\u00e9n ha sido criticado porque sigue colocando al cuerpo en el centro de la discusi\u00f3n y ponderando la apariencia f\u00edsica, por lo que ha surgido otro llamado&nbsp;<em>body neutrality<\/em>&nbsp;o neutralidad corporal\u00bb, coment\u00f3.<\/p>\n\n\n\n<p class=\"wp-block-paragraph\"><br>Pese a ello, el mercado de la belleza y el cuidado personal est\u00e1 considerado como uno de los m\u00e1s lucrativos, debido al papel determinante que desempe\u00f1a en la vida de las personas.<\/p>\n\n\n\n<p class=\"wp-block-paragraph\"><br>\u00abA la hora de conseguir un trabajo o un aumento salarial, este es decisivo\u00bb, remarc\u00f3 el moderador y agreg\u00f3 que, de acuerdo con un estudio de la Universidad de Harvard, el atractivo f\u00edsico se traduce en un plus de salario que puede oscilar entre 10 y 15 por ciento.<\/p>\n\n\n\n<p class=\"wp-block-paragraph\"><br>\u00abEl cuerpo humano ya no solo tiene valor como herramienta de trabajo o reproducci\u00f3n, sino que tiene nuevos significados. Se ha cosificado y es s\u00edmbolo de estatus, \u00e9xito o fracaso, as\u00ed como objeto medi\u00e1tico utilizado para vender productos. De ah\u00ed que la apariencia f\u00edsica sea importante y aquellos cuerpos diferentes al estereotipo se juzguen duramente\u00bb, se\u00f1al\u00f3 y responsabiliz\u00f3 a la sociedad, las instituciones y al sistema pol\u00edtico-econ\u00f3mico de los efectos que estos c\u00e1nones tienen sobre los individuos.<\/p>\n\n\n\n<p class=\"wp-block-paragraph\"><br>Los participantes del intercambio v\u00eda Telegram se refirieron a las frustraciones o inconformidades que esto genera y se expresan en trastornos alimentarios como la anorexia o la bulimia; pensamientos y acciones discriminatorias como la gordofobia u obesofobia; el riesgo de las cirug\u00edas est\u00e9ticas, la depresi\u00f3n e inseguridades que afectan las relaciones sociales o \u00edntimas er\u00f3ticas, todo lo cual, en ocasiones, lleva a conductas suicidas.<\/p>\n\n\n\n<p class=\"wp-block-paragraph\"><br>Frente a ello, el llamado fue a no reproducir modelos de belleza que afecten los cuerpos o provoquen rechazo, discriminaci\u00f3n, o nos impidan aceptarnos como somos.<br><strong><br>Cuba y los estereotipos de belleza<\/strong><\/p>\n\n\n\n<p class=\"wp-block-paragraph\"><br>Sobre Cuba tambi\u00e9n se reflexion\u00f3 en el espacio de debate y en particular sobre c\u00f3mo se han asimilado los modelos europeos y estadounidense de belleza, en detrimento de&nbsp;<a href=\"http:\/\/www.redsemlac-cuba.net\/redsemlac\/sociedad-y-cultura\/la-belleza-del-cabello-afro\/\" target=\"_blank\" rel=\"noreferrer noopener\">las ra\u00edces africanas<\/a>, con tan fuerte presencia en el pa\u00eds.<\/p>\n\n\n\n<p class=\"wp-block-paragraph\"><br>La siquiatra Yamira Puentes consider\u00f3 que la sociedad cubana a\u00fan no se equipara en \u00abglobalizaci\u00f3n de la belleza\u00bb al resto de las naciones latinoamericanas, donde, por ejemplo, el uso del maquillaje es casi obligatorio.<\/p>\n\n\n\n<p class=\"wp-block-paragraph\"><br>Otros foristas, como Karel Berm\u00fadez, encontraron en la herencia africana&nbsp;<a href=\"http:\/\/www.redsemlac-cuba.net\/redsemlac\/sociedad-y-cultura\/pensamiento-feminista\/genero-y-mujer-afrodescendiente-retos-para-desmitificar-el-cuerpo-deseado\/\" target=\"_blank\" rel=\"noreferrer noopener\">la hist\u00f3rica preferencia por las mujeres voluminosas<\/a>, al estilo \u00abcriollitas de Wilson\u00bb, en referencia a un personaje de caricaturas con curvas pronunciadas. Para \u00e9l, en el imaginario cubano se privilegia ese tipo de imagen en lugar de la delgadez.<\/p>\n\n\n\n<p class=\"wp-block-paragraph\"><br>No obstante, esto no quiere decir que la naci\u00f3n caribe\u00f1a est\u00e9 a salvo del impacto de las visiones estereotipadas que imperan a nivel internacional. Sam HD abordaba la manera en que la cultura africana se ha \u00abexotizado\u00bb, a partir de una mirada colonizadora, y el modo en que las mujeres negras buscan alisar sus cabellos para estar m\u00e1s cerca de los c\u00e1nones occidentales.<\/p>\n\n\n\n<p class=\"wp-block-paragraph\"><br>En tanto, Aidee Rodr\u00edguez alertaba acerca de los requerimientos que demandan hoy varios negocios privados, donde sin sonrojos solicitan mujeres bellas, bajo las eufem\u00edsticas frases de \u00abbuena presencia\u00bb y \u00abbuena apariencia f\u00edsica\u00bb, en lugar de evaluar capacidades.<\/p>\n\n\n\n<p class=\"wp-block-paragraph\"><br>AcompaSex es un espacio psicoeducativo moderado por profesionales de la salud, que cada jueves promueve intercambios virtuales, en los cuales pueden participar personas interesadas en temas relacionados con la salud sexual.<\/p>\n\n\n\n<p class=\"wp-block-paragraph\">SEM-SEMlac<\/p>\n","protected":false},"excerpt":{"rendered":"<p>Muchas mujeres sufren por no verse representadas en el\u00a0estereotipo de la mujer perfecta<\/p>\n","protected":false},"author":3,"featured_media":40827,"comment_status":"open","ping_status":"open","sticky":false,"template":"","format":"standard","meta":{"_monsterinsights_skip_tracking":false,"footnotes":""},"categories":[692,53],"tags":[149],"class_list":["post-40826","post","type-post","status-publish","format-standard","has-post-thumbnail","category-692","category-internacional","tag-mujeres"],"_links":{"self":[{"href":"https:\/\/redsemlac.com\/semmexico\/wp-json\/wp\/v2\/posts\/40826","targetHints":{"allow":["GET"]}}],"collection":[{"href":"https:\/\/redsemlac.com\/semmexico\/wp-json\/wp\/v2\/posts"}],"about":[{"href":"https:\/\/redsemlac.com\/semmexico\/wp-json\/wp\/v2\/types\/post"}],"author":[{"embeddable":true,"href":"https:\/\/redsemlac.com\/semmexico\/wp-json\/wp\/v2\/users\/3"}],"replies":[{"embeddable":true,"href":"https:\/\/redsemlac.com\/semmexico\/wp-json\/wp\/v2\/comments?post=40826"}],"version-history":[{"count":0,"href":"https:\/\/redsemlac.com\/semmexico\/wp-json\/wp\/v2\/posts\/40826\/revisions"}],"wp:featuredmedia":[{"embeddable":true,"href":"https:\/\/redsemlac.com\/semmexico\/wp-json\/wp\/v2\/media\/40827"}],"wp:attachment":[{"href":"https:\/\/redsemlac.com\/semmexico\/wp-json\/wp\/v2\/media?parent=40826"}],"wp:term":[{"taxonomy":"category","embeddable":true,"href":"https:\/\/redsemlac.com\/semmexico\/wp-json\/wp\/v2\/categories?post=40826"},{"taxonomy":"post_tag","embeddable":true,"href":"https:\/\/redsemlac.com\/semmexico\/wp-json\/wp\/v2\/tags?post=40826"}],"curies":[{"name":"wp","href":"https:\/\/api.w.org\/{rel}","templated":true}]}}