{"id":40819,"date":"2021-10-11T14:12:53","date_gmt":"2021-10-11T20:12:53","guid":{"rendered":"https:\/\/redsemlac.com\/semmexico\/?p=40819"},"modified":"2023-07-21T17:08:00","modified_gmt":"2023-07-21T22:08:00","slug":"premian-a-artesana-de-baja-california-por-la-mejor-pieza-de-rescate-antigua","status":"publish","type":"post","link":"https:\/\/redsemlac.com\/semmexico\/premian-a-artesana-de-baja-california-por-la-mejor-pieza-de-rescate-antigua\/","title":{"rendered":"Premian a artesana de Baja California por la mejor pieza de rescate antigua"},"content":{"rendered":"\n<ul class=\"wp-block-list\"><li><strong> Aurelia Ojeda Mel\u00e9ndez es tejedora kumiay que ense\u00f1a a la ni\u00f1ez para preservar su cultura<\/strong><\/li><\/ul>\n\n\n\n<ul class=\"wp-block-list\"><li><strong>Recolect\u00f3 el material en tiempos de luna llena<\/strong><\/li><\/ul>\n\n\n\n<p class=\"wp-block-paragraph\"><strong>Redacci\u00f3n<\/strong><\/p>\n\n\n\n<p class=\"wp-block-paragraph\">SemM\u00e9xico, Ciudad de M\u00e9xico, 11 de octubre, 2021.- Aurelia Ojeda Mel\u00e9ndrez recibi\u00f3 el Premio Especial por mejor pieza de rescate antigua:\u00a0<em>Maija awi tipay pchow, en la\u00a0 <\/em>VIII Edici\u00f3n del Concurso Grandes Maestros del Patrimonio Artesanal de M\u00e9xico 2021, en una ceremonia realizada en el Palacio de Bellas Artes<\/p>\n\n\n\n<p class=\"wp-block-paragraph\">Ojeda Mel\u00e9ndrez, originaria de Ensenada, Baja California, es tejedora tradicional kumiay, quien de manera permanente ense\u00f1a a la ni\u00f1ez de su pueblo originario -asentado en San Jos\u00e9 de la Zorra, Ensenada-, el arte del tejido tradicional con junco y sauce.<\/p>\n\n\n\n<p class=\"wp-block-paragraph\">\u201cLa pieza con la que obtuve este reconocimiento fue tejida de junco con corteza, material que se recolecta en tiempos de luna llena, se seca al sol de dos a tres meses y una vez que est\u00e1 listo se empieza a tejer. Tiene como dise\u00f1o puntas de flecha formando rayos de sol para la energ\u00eda; al centro una serpiente de cascabel enrollada y cuatro \u00e1guilas protectoras\u201d.<\/p>\n\n\n\n<p class=\"wp-block-paragraph\">La galardonada agradeci\u00f3 el apoyo y acompa\u00f1amiento de la regidora Mar\u00eda Isabel Villarreal Camarena, Secretaria de la Comisi\u00f3n de Asuntos Ind\u00edgenas del XXIV Ayuntamiento de Ensenada y de Oswaldo Cuadra Guti\u00e9rrez, coordinador del Programa de Pueblos Originarios y Comunidades del CECUT.<\/p>\n\n\n\n<p class=\"wp-block-paragraph\">Por su parte, Villarreal Camarena destac\u00f3 el trabako de Aurelia Ojeda Mel\u00e9ndrez a quien se le reconoce su contribuci\u00f3n por la preservaci\u00f3n de las t\u00e9cnicas ancestrales del pueblo originario kumiai, dando como resultado piezas extraordinarias de un gran valor cultural\u201d.<\/p>\n\n\n\n<p class=\"wp-block-paragraph\">La ceremonia de premiaci\u00f3n fue presidida por la Secretaria de Cultura del Gobierno Federal, Alejandra Frausto Guerrero, quien inaugur\u00f3 de la exhibici\u00f3n de piezas ganadoras y participantes de este certamen.<\/p>\n\n\n\n<p class=\"wp-block-paragraph\">En esta<em>&nbsp; <\/em>VIII Edici\u00f3n del Concurso Grandes Maestros del Patrimonio Artesanal de M\u00e9xico 2021, se entregaron un total 23 premios y reconocimientos a las y los artistas procedentes de 10 estados del pa\u00eds \u2014Baja California, Estado de M\u00e9xico, Guanajuato, Guerrero, Jalisco, Michoac\u00e1n, Oaxaca, Puebla, San Luis Potos\u00ed y Tlaxcala y de 6 comunidades originarias: huave, kumiai, mixe, nahua, pur\u00e9pecha y zapoteco<\/p>\n\n\n\n<p class=\"wp-block-paragraph\">Estuvieron presentes en la entrega la directora general del Fonart, Emma Yanes Rizo; la directora de Fomento Cultural Citibanamex, A.C., C\u00e1ndida Fern\u00e1ndez de Calder\u00f3n; la directora del Instituto Nacional de Bellas Artes y Literatura, Lucina Jim\u00e9nez L\u00f3pez, y en representaci\u00f3n de la presidenta del Consejo Asesor Honorario de la Coordinaci\u00f3n de Memoria Hist\u00f3rica y Cultural de M\u00e9xico, Beatriz Guti\u00e9rrez M\u00fcller, el coordinador de Memoria Hist\u00f3rica y Cultural de M\u00e9xico, Eduardo Villegas Meg\u00edas.<\/p>\n\n\n\n<p class=\"wp-block-paragraph\">La exhibici\u00f3n de piezas, integrada por las 23 obras ganadoras y una selecci\u00f3n de 27 piezas participantes destacadas de esta edici\u00f3n, podr\u00e1 visitarse en el Palacio de Bellas Artes lo que resta del mes de octubre y hasta el 7 de noviembre, de martes a viernes de 11:00 a 17:00 horas.<\/p>\n\n\n\n<p class=\"wp-block-paragraph\">SEM\/sj<\/p>\n","protected":false},"excerpt":{"rendered":"<p> Aurelia Ojeda Mel\u00e9ndez es tejedora kumiay que ense\u00f1a a la ni\u00f1ez para preservar su cultura<\/p>\n","protected":false},"author":3,"featured_media":40820,"comment_status":"open","ping_status":"open","sticky":false,"template":"","format":"standard","meta":{"_monsterinsights_skip_tracking":false,"footnotes":""},"categories":[692,51],"tags":[149],"class_list":["post-40819","post","type-post","status-publish","format-standard","has-post-thumbnail","category-692","category-ejecutivo","tag-mujeres"],"_links":{"self":[{"href":"https:\/\/redsemlac.com\/semmexico\/wp-json\/wp\/v2\/posts\/40819","targetHints":{"allow":["GET"]}}],"collection":[{"href":"https:\/\/redsemlac.com\/semmexico\/wp-json\/wp\/v2\/posts"}],"about":[{"href":"https:\/\/redsemlac.com\/semmexico\/wp-json\/wp\/v2\/types\/post"}],"author":[{"embeddable":true,"href":"https:\/\/redsemlac.com\/semmexico\/wp-json\/wp\/v2\/users\/3"}],"replies":[{"embeddable":true,"href":"https:\/\/redsemlac.com\/semmexico\/wp-json\/wp\/v2\/comments?post=40819"}],"version-history":[{"count":0,"href":"https:\/\/redsemlac.com\/semmexico\/wp-json\/wp\/v2\/posts\/40819\/revisions"}],"wp:featuredmedia":[{"embeddable":true,"href":"https:\/\/redsemlac.com\/semmexico\/wp-json\/wp\/v2\/media\/40820"}],"wp:attachment":[{"href":"https:\/\/redsemlac.com\/semmexico\/wp-json\/wp\/v2\/media?parent=40819"}],"wp:term":[{"taxonomy":"category","embeddable":true,"href":"https:\/\/redsemlac.com\/semmexico\/wp-json\/wp\/v2\/categories?post=40819"},{"taxonomy":"post_tag","embeddable":true,"href":"https:\/\/redsemlac.com\/semmexico\/wp-json\/wp\/v2\/tags?post=40819"}],"curies":[{"name":"wp","href":"https:\/\/api.w.org\/{rel}","templated":true}]}}