{"id":40816,"date":"2021-10-11T13:53:22","date_gmt":"2021-10-11T19:53:22","guid":{"rendered":"https:\/\/redsemlac.com\/semmexico\/?p=40816"},"modified":"2023-07-21T17:08:00","modified_gmt":"2023-07-21T22:08:00","slug":"desobediencia-el-performance-de-un-feto-en-gestacion","status":"publish","type":"post","link":"https:\/\/redsemlac.com\/semmexico\/desobediencia-el-performance-de-un-feto-en-gestacion\/","title":{"rendered":"Desobediencia| El performance de un feto en gestaci\u00f3n"},"content":{"rendered":"\n<p class=\"wp-block-paragraph\"><strong>Olimpia Flores Ortiz<\/strong><\/p>\n\n\n\n<p class=\"wp-block-paragraph\">SemM\u00e9xico, 11 de octubre, 2021.-<strong> De los fetitos miniatura tra\u00eddos y llevados por Miguel Serrano Lim\u00f3n a la exhibici\u00f3n p\u00fablica en vivo de un feto en gestaci\u00f3n; tal evoluci\u00f3n atestiguamos<\/strong>.<\/p>\n\n\n\n<p class=\"wp-block-paragraph\">La Comisi\u00f3n Episcopal Mexicana y las as\u00ed llamadas organizaciones provida, reaccionaron ante las recientes decisiones de la Suprema Corte de Justicia de la Naci\u00f3n a favor de la despenalizaci\u00f3n del aborto y de la invalidaci\u00f3n de la objeci\u00f3n de conciencia del personal del sector salud.<\/p>\n\n\n\n<p class=\"wp-block-paragraph\">Por eso convocaron a una marcha sobre el Paseo de la Reforma en la Ciudad de M\u00e9xico, el pasado domingo 3 de octubre, \u201ca favor de la vida\u201d y en contra del aborto, en cuyo escenario y precisamente al pie del \u00c1ngel de la Independencia frente a la masa fan\u00e1tica, realizaron un performance <em>in situm<\/em> &#8211; \u201cel <em>baby shower<\/em> m\u00e1s grande\u201d- con una adolescente de quince a\u00f1os embarazada y casi a t\u00e9rmino, a quien le practicaron un ultrasonido que adem\u00e1s fue grabado digitalmente para su difusi\u00f3n. &nbsp;<\/p>\n\n\n\n<p class=\"wp-block-paragraph\">Violencia pura, abuso total. \u00bfQu\u00e9 otra cosa puede decirse del flagrante atropello al derecho a la intimidad y el resguardo de la identidad de esta persona adolescente? El dilema entre la intimidad del cuerpo y el cuerpo desprovisto de toda posibilidad de intimidad.<\/p>\n\n\n\n<p class=\"wp-block-paragraph\"><strong>El contexto de la medida pedag\u00f3gica<\/strong><\/p>\n\n\n\n<p class=\"wp-block-paragraph\">La artima\u00f1a como medida pedag\u00f3gica, es burda, es enga\u00f1osa y es manipuladora al pretender confundir entre embri\u00f3n y feto, cuando el l\u00edmite a establecer en la pr\u00e1ctica de un aborto legal es de 12 semanas. Pero tambi\u00e9n es criminal porque atenta contra los derechos y las libertades de ni\u00f1as, adolescentes y mujeres. Bien dice Olga S\u00e1nchez Cordero que \u201c<strong>Los embarazos de ni\u00f1as infantiles y de adolescentes presuponen una violaci\u00f3n equiparada, as\u00ed de fuerte\u201d<\/strong>.<\/p>\n\n\n\n<div class=\"wp-block-image\"><figure class=\"alignleft size-full\"><a href=\"https:\/\/redsemlac.com\/semmexico\/wp-content\/uploads\/2021\/10\/desobediencia.jpg\"><img loading=\"lazy\" decoding=\"async\" width=\"300\" height=\"168\" src=\"https:\/\/redsemlac.com\/semmexico\/wp-content\/uploads\/2021\/10\/desobediencia.jpg\" alt=\"\" class=\"wp-image-40817\"\/><\/a><figcaption><em>Fuente y Foto: Revoluci\u00f3n 3.0<\/em><\/figcaption><\/figure><\/div>\n\n\n\n<p class=\"wp-block-paragraph\">El bolet\u00edn de la Direcci\u00f3n General de Comunicaci\u00f3n Social de la UNAM del 3 de septiembre de 2021 dice que \u201c<strong>M\u00e9xico ocupa el primer lugar a nivel mundial en embarazos en adolescentes entre las naciones de la Organizaci\u00f3n para la Cooperaci\u00f3n y el Desarrollo Econ\u00f3micos, con una tasa de fecundidad de 77 nacimientos por cada mil adolescentes de 15 a 19 a\u00f1os de edad.\u201d<\/strong><\/p>\n\n\n\n<p class=\"wp-block-paragraph\">Y que \u201cen nuestro pa\u00eds 23 por ciento de los adolescentes inician su vida sexual entre los 12 y 19 a\u00f1os de edad. De acuerdo con cifras del Consejo Nacional de Poblaci\u00f3n comienza a una edad promedio de 15.5 a\u00f1os, y estad\u00edsticas del Instituto Nacional de Perinatolog\u00eda indican que sucede a los 14.6 a\u00f1os, en promedio.\u201d <a href=\"https:\/\/www.dgcs.unam.mx\/boletin\/bdboletin\/2021_729.html\">https:\/\/www.dgcs.unam.mx\/boletin\/bdboletin\/2021_729.html<\/a><\/p>\n\n\n\n<p class=\"wp-block-paragraph\"><strong>\u00bfEs esta la medida de pedagog\u00eda social que merece o necesita la poblaci\u00f3n adolescente diversa del M\u00e9xico de la tercera d\u00e9cada del Siglo XXI?<\/strong><\/p>\n\n\n\n<p class=\"wp-block-paragraph\">El 10% de los embarazos adolescentes resultan de la violencia sexual, perpetrada en su mayor\u00eda (80%) por hombres de la familia directa, familiares, vecinos o conocidos de la v\u00edctima. En pandemia el encierro en casa en nada ha ayudado a disminuir los delitos sexuales.<\/p>\n\n\n\n<p class=\"wp-block-paragraph\">Las condiciones de hacinamiento en colonias de las periferias metropolitanas precarizadas y en las comunidades ind\u00edgenas son un factor de riesgo para las adolescentes.<\/p>\n\n\n\n<p class=\"wp-block-paragraph\">Pero adem\u00e1s tenemos el factor cultural \u201cusos y costumbres\u201d en el que las ni\u00f1as son madres muy tempranamente y a\u00fan se les vende o se concertan matrimonios de inter\u00e9s; y en donde incluso el incesto es solapado.<\/p>\n\n\n\n<p class=\"wp-block-paragraph\"><a href=\"https:\/\/elpais.com\/mexico\/sociedad\/2021-02-12\/el-gobierno-calcula-que-los-embarazos-adolescentes-se-incrementaran-un-12-debido-al-confinamiento.html%20febrero%202021\">https:\/\/elpais.com\/mexico\/sociedad\/2021-02-12\/el-gobierno-calcula-que-los-embarazos-adolescentes-se-incrementaran-un-12-debido-al-confinamiento.html febrero 2021<\/a><\/p>\n\n\n\n<p class=\"wp-block-paragraph\"><strong>El paradigma<\/strong><\/p>\n\n\n\n<p class=\"wp-block-paragraph\">De la acci\u00f3n espectacular en el \u00c1ngel, &nbsp;se desprende un discurso de la sexualidad que se justifica en el v\u00ednculo del matrimonio, el noble fin de la reproducci\u00f3n y el sustento amoroso: ha de ser \u201cbuena, normal, natural, bendita\u2026dentro de los l\u00edmites de la heterosexualidad marital, mon\u00f3gama, procreativa -no comercial-, en pareja, privada, con alguien de la misma edad, dentro de una relaci\u00f3n, sin pornograf\u00eda, donde intervengan s\u00f3lo los cuerpos y no se lleven a cabo pr\u00e1cticas ins\u00f3litas\u201d; es, a decir de Hortensia Moreno, una \u201csexualidad decente\u201d en La sexualidad reproductiva como paradigma epistemol\u00f3gico. Revista de Estudios de Antropolog\u00eda Sexual 2015. Primera \u00e9poca, volumen 1 n\u00famero 6. Instituto Nacional de Antropolog\u00eda e Historia. 2015<\/p>\n\n\n\n<p class=\"wp-block-paragraph\">&nbsp;Este discurso monol\u00edtico, pasa por encima de la complejidad que ata\u00f1e a la etapa adolescente de la vida que es de transici\u00f3n y ambig\u00fcedades. Va hacia el mundo que se construye para s\u00ed (mesianismo), desde el mundo de la infancia que se derrumba (transgresi\u00f3n), seg\u00fan el Profesor investigador Alejandro Klein. Divisi\u00f3n de Ciencias Sociales y Humanidades en Campus Le\u00f3n, Universidad de Guanajuato en su ensayo Im\u00e1genes psicoanal\u00edticas y sociales de la adolescencia. Un complejo entrecruce de ambig\u00fcedades. <a href=\"https:\/\/www.redalyc.org\/pdf\/180\/18026361005.pdf\">https:\/\/www.redalyc.org\/pdf\/180\/18026361005.pdf<\/a><\/p>\n\n\n\n<p class=\"wp-block-paragraph\">Y esta ambig\u00fcedad es la que explica por un lado el poder de fascinaci\u00f3n de la adolescencia, como la vivencia de peligro que despierta. Un ideal a construir, pero tambi\u00e9n un ideal a temer. Es una lucha entre la tendencia al equilibrio homeost\u00e1tico y la energ\u00eda anti-homeost\u00e1tica entre las cuales no hay l\u00edmites claros, sino indeterminaci\u00f3n y oscilaci\u00f3n, entre las que se mueve, sin la necesidad de escoger entre una u otra.<\/p>\n\n\n\n<p class=\"wp-block-paragraph\">Es entre esas ambig\u00fcedades en donde se juegan las subjetividades de las, los y les adolescentes. Los cuerpos ahora interpelados por las tecnolog\u00edas de la virtualidad; pero adem\u00e1s las de la inmortalidad biotecnol\u00f3gica. Trastocados los par\u00e1metros espacio-temporales de las generaciones antecesoras.<\/p>\n\n\n\n<p class=\"wp-block-paragraph\"><strong>Las subjetividades de la nueva era &nbsp;<\/strong><\/p>\n\n\n\n<p class=\"wp-block-paragraph\">\u00bfC\u00f3mo se cultiva a las personas adolescentes de la nueva era? \u00bfCu\u00e1les son las ejemplaridades a las que pueden recurrir como modelo? \u00bfCu\u00e1l es el horizonte socialmente sexuado al que pueden aspirar? \u00bfC\u00f3mo ser persona adulta? El ser hombre, el ser mujer, y el desasosiego de la desobediencia identitaria que da lugar a la diversidad sexual justo en esta etapa.&nbsp;<\/p>\n\n\n\n<p class=\"wp-block-paragraph\">El cuerpo que no solo es biol\u00f3gico, sino tambi\u00e9n semi\u00f3tico, constituye un sistema de signos y significados. Es en s\u00ed mismo un lenguaje. En la adolescencia se cobra sentido del propio cuerpo como el continente de la traves\u00eda de la vida hacia la muerte.&nbsp;<\/p>\n\n\n\n<p class=\"wp-block-paragraph\">La experiencia del cuerpo es siempre \u00fanica y diversa en su vivencia; no puede ser explicada a partir de un discurso integral y \u00fanico. Desde la vivencia personal, es la s\u00edntesis de uno\/una\/une en lo diverso, y es la continuidad.<\/p>\n\n\n\n<p class=\"wp-block-paragraph\">La adolescencia en s\u00ed misma ambigua y oscilante, remite a complejos procesos de construcci\u00f3n de identidad, reafirmaci\u00f3n sexual, nuevos v\u00ednculos y nuevas inserciones institucionales, contexto en el que el cuerpo de las mujeres es sobre todo un cuerpo para los dem\u00e1s.<\/p>\n\n\n\n<p class=\"wp-block-paragraph\">Entre otros factores de constituci\u00f3n de subjetividad de una etapa etaria cuyo desorden se concibe como transitorio, esper\u00e1ndose que llegue a la normalidad y la adaptaci\u00f3n social. El adulto o la adulta (binariamente) a la cual finalmente advendr\u00e1 cada persona adolescente enlaz\u00e1ndose por fin a una imagen disciplinada del mundo que ha proyectado as\u00ed sus fantas\u00edas.<\/p>\n\n\n\n<p class=\"wp-block-paragraph\"><strong>Corolario<\/strong><\/p>\n\n\n\n<p class=\"wp-block-paragraph\">El performance del magno <em>baby shower<\/em> no puede corresponder al universo de las subjetividades de las adolescencias de la contemporaneidad m\u00e1s que como paradigma hegem\u00f3nico impuesto por la fuerza, las restricciones y el castigo.<\/p>\n\n\n\n<p class=\"wp-block-paragraph\"><strong>Que se sobreponga la vitalidad de la autodeterminaci\u00f3n y la diversidad.<\/strong><\/p>\n\n\n\n<p class=\"wp-block-paragraph\"><a href=\"https:\/\/www.facebook.com\/OlimpiaFloresMirabilia\">https:\/\/www.facebook.com\/OlimpiaFloresMirabilia<\/a><\/p>\n\n\n\n<p class=\"wp-block-paragraph\"><strong>Twitter: @euphrasina (amor por la elocuencia)<\/strong><\/p>\n","protected":false},"excerpt":{"rendered":"<p>De los fetitos miniatura tra\u00eddos y llevados por Miguel Serrano Lim\u00f3n a la exhibici\u00f3n p\u00fablica en vivo de un feto en gestaci\u00f3n; tal evoluci\u00f3n atestiguamos.<\/p>\n","protected":false},"author":3,"featured_media":18201,"comment_status":"open","ping_status":"open","sticky":false,"template":"","format":"standard","meta":{"_monsterinsights_skip_tracking":false,"footnotes":""},"categories":[692,133,134,35],"tags":[459],"class_list":["post-40816","post","type-post","status-publish","format-standard","has-post-thumbnail","category-692","category-desobediencia","category-olimpia-flores-ortiz","category-opinion","tag-opinion"],"_links":{"self":[{"href":"https:\/\/redsemlac.com\/semmexico\/wp-json\/wp\/v2\/posts\/40816","targetHints":{"allow":["GET"]}}],"collection":[{"href":"https:\/\/redsemlac.com\/semmexico\/wp-json\/wp\/v2\/posts"}],"about":[{"href":"https:\/\/redsemlac.com\/semmexico\/wp-json\/wp\/v2\/types\/post"}],"author":[{"embeddable":true,"href":"https:\/\/redsemlac.com\/semmexico\/wp-json\/wp\/v2\/users\/3"}],"replies":[{"embeddable":true,"href":"https:\/\/redsemlac.com\/semmexico\/wp-json\/wp\/v2\/comments?post=40816"}],"version-history":[{"count":0,"href":"https:\/\/redsemlac.com\/semmexico\/wp-json\/wp\/v2\/posts\/40816\/revisions"}],"wp:featuredmedia":[{"embeddable":true,"href":"https:\/\/redsemlac.com\/semmexico\/wp-json\/wp\/v2\/media\/18201"}],"wp:attachment":[{"href":"https:\/\/redsemlac.com\/semmexico\/wp-json\/wp\/v2\/media?parent=40816"}],"wp:term":[{"taxonomy":"category","embeddable":true,"href":"https:\/\/redsemlac.com\/semmexico\/wp-json\/wp\/v2\/categories?post=40816"},{"taxonomy":"post_tag","embeddable":true,"href":"https:\/\/redsemlac.com\/semmexico\/wp-json\/wp\/v2\/tags?post=40816"}],"curies":[{"name":"wp","href":"https:\/\/api.w.org\/{rel}","templated":true}]}}