{"id":40743,"date":"2021-10-09T14:06:10","date_gmt":"2021-10-09T20:06:10","guid":{"rendered":"https:\/\/redsemlac.com\/semmexico\/?p=40743"},"modified":"2023-07-21T17:08:03","modified_gmt":"2023-07-21T22:08:03","slug":"eleccion-extraordinaria-en-illiatenco-el-28-de-noviembre-iepc","status":"publish","type":"post","link":"https:\/\/redsemlac.com\/semmexico\/eleccion-extraordinaria-en-illiatenco-el-28-de-noviembre-iepc\/","title":{"rendered":"Elecci\u00f3n extraordinaria en Illiatenco el 28 de noviembre: IEPC"},"content":{"rendered":"\n<ul class=\"wp-block-list\"><li><strong>Acuerdo tras la nulidad de la elecci\u00f3n por el hostigamiento a mujer pol\u00edtica e ind\u00edgena<\/strong><\/li><li><strong>Sigue en riesgo la ex alcaldesa, Ruperta Nicol\u00e1s Hilario, que sufri\u00f3 escarnio a su condici\u00f3n<\/strong><\/li><\/ul>\n\n\n\n<p class=\"wp-block-paragraph\"><strong>Redacci\u00f3n<\/strong><\/p>\n\n\n\n<p class=\"wp-block-paragraph\">SemM\u00e9xico, con informaci\u00f3n de Ceprovysa, Chilpancingo, Guerrero, 9 de octubre 2021.- Luego de que el Tribunal Electoral del Poder Judicial de la Federaci\u00f3n IEPC orden\u00f3 anular la elecci\u00f3n de Illiatenco, y de que el Congreso Local constituyera un Concejo Municipal para atender ese Municipio, el IEPC-GRO dio a conocer que acordaron la fecha de la elecci\u00f3n extraordinaria.<\/p>\n\n\n\n<p class=\"wp-block-paragraph\">Durante la sesi\u00f3n del Pleno, el Instituto Electoral y de Participaci\u00f3n Ciudadana acord\u00f3 que la elecci\u00f3n extraordinaria se lleve a cabo el pr\u00f3ximo domingo 28 de noviembre del a\u00f1o en curso.<\/p>\n\n\n\n<p class=\"wp-block-paragraph\">El calendario aprobado para el desarrollo de esta elecci\u00f3n extraordinaria contempla para este s\u00e1bado 9 de octubre el registro y acreditaci\u00f3n de los partidos pol\u00edticos que contender\u00e1n, as\u00ed como la aprobaci\u00f3n de los topes de gastos de precampa\u00f1a y campa\u00f1a.<\/p>\n\n\n\n<p class=\"wp-block-paragraph\">Mientras tanto las autoridades no han dado seguridad necesaria a la ex alcaldesa, cuya queja por violencia pol\u00edtica de g\u00e9nero, produjo la nulidad electoral.<\/p>\n\n\n\n<p class=\"wp-block-paragraph\">El pleno del Tribunal Electoral del Poder Judicial de la Federaci\u00f3n (TEPJF) el 29 de septiembre \u00faltimo anul\u00f3 la elecci\u00f3n de presidente municipal en Iliatenco, Guerrero, por violencia pol\u00edtica de g\u00e9nero en contra de la candidata de Movimiento Ciudadano, Ruperta Nicol\u00e1s Hilario, por el hecho de ser mujer e integrante de una comunidad ind\u00edgena.<\/p>\n\n\n\n<p class=\"wp-block-paragraph\">El proyecto de la magistrada M\u00f3nica Soto acredit\u00f3 que durante la campa\u00f1a pol\u00edtica en ese municipio se colocaron mantas con leyendas como: \u201cLas mujeres no saben gobernar\u201d, \u00abNinguna mujer al poder\u201d, \u201cNinguna vieja m\u00e1s en el poder\u201d y \u201cFuera Ruperta\u201d.<\/p>\n\n\n\n<p class=\"wp-block-paragraph\">Redes de mujeres exigieron medidas precautorias para garantizar la vida y seguridad de Ruperta Nicol\u00e1s, hostigada por el Partido del Trabajo. Pero hasta ahora esto no ha sucedido y se repetir\u00e1n las elecciones en mes y medio.<\/p>\n\n\n\n<p class=\"wp-block-paragraph\">El proyecto de la elecci\u00f3n extraordinaria fue avalado por la mayor\u00eda de seis magistrados. El \u00fanico voto en contra fue del magistrado Jos\u00e9 Luis Vargas Valdez, quien consider\u00f3 que la colocaci\u00f3n de las mantas no es atribuible a ninguna persona, grupo o partido, y estim\u00f3 que con la anulaci\u00f3n de la elecci\u00f3n se afecta el mandato general del ciudadano en ese municipio.<\/p>\n\n\n\n<p class=\"wp-block-paragraph\">El Pleno del IEPC-GRO consider\u00f3 los siguientes tiempos: Las campa\u00f1as se realizar\u00e1n del 10 al 24 de noviembre; la elecci\u00f3n el domingo 28 de noviembre; el 1 de diciembre se llevar\u00e1 a cabo el c\u00f3mputo de la elecci\u00f3n, as\u00ed como la entrega de las constancias de mayor\u00eda y validez de la elecci\u00f3n, as\u00ed como la asignaci\u00f3n de seis Regidur\u00edas.<\/p>\n\n\n\n<p class=\"wp-block-paragraph\">Asimismo, contempla que, en enero del 2022, del 15 al 17, finalicen las impugnaciones que pudieran presentarse en esta elecci\u00f3n extraordinaria a fin de tomar protesta a las nuevas autoridades electas.<\/p>\n","protected":false},"excerpt":{"rendered":"<p>Acuerdo tras la nulidad de la elecci\u00f3n por el hostigamiento a mujer pol\u00edtica e ind\u00edgena<\/p>\n","protected":false},"author":3,"featured_media":40744,"comment_status":"open","ping_status":"open","sticky":false,"template":"","format":"standard","meta":{"_monsterinsights_skip_tracking":false,"footnotes":""},"categories":[692,141],"tags":[228,144],"class_list":["post-40743","post","type-post","status-publish","format-standard","has-post-thumbnail","category-692","category-elecciones-2020-2021","tag-elecciones","tag-guerrero"],"_links":{"self":[{"href":"https:\/\/redsemlac.com\/semmexico\/wp-json\/wp\/v2\/posts\/40743","targetHints":{"allow":["GET"]}}],"collection":[{"href":"https:\/\/redsemlac.com\/semmexico\/wp-json\/wp\/v2\/posts"}],"about":[{"href":"https:\/\/redsemlac.com\/semmexico\/wp-json\/wp\/v2\/types\/post"}],"author":[{"embeddable":true,"href":"https:\/\/redsemlac.com\/semmexico\/wp-json\/wp\/v2\/users\/3"}],"replies":[{"embeddable":true,"href":"https:\/\/redsemlac.com\/semmexico\/wp-json\/wp\/v2\/comments?post=40743"}],"version-history":[{"count":0,"href":"https:\/\/redsemlac.com\/semmexico\/wp-json\/wp\/v2\/posts\/40743\/revisions"}],"wp:featuredmedia":[{"embeddable":true,"href":"https:\/\/redsemlac.com\/semmexico\/wp-json\/wp\/v2\/media\/40744"}],"wp:attachment":[{"href":"https:\/\/redsemlac.com\/semmexico\/wp-json\/wp\/v2\/media?parent=40743"}],"wp:term":[{"taxonomy":"category","embeddable":true,"href":"https:\/\/redsemlac.com\/semmexico\/wp-json\/wp\/v2\/categories?post=40743"},{"taxonomy":"post_tag","embeddable":true,"href":"https:\/\/redsemlac.com\/semmexico\/wp-json\/wp\/v2\/tags?post=40743"}],"curies":[{"name":"wp","href":"https:\/\/api.w.org\/{rel}","templated":true}]}}