{"id":40741,"date":"2021-10-09T14:01:40","date_gmt":"2021-10-09T20:01:40","guid":{"rendered":"https:\/\/redsemlac.com\/semmexico\/?p=40741"},"modified":"2023-07-21T17:08:03","modified_gmt":"2023-07-21T22:08:03","slug":"desde-la-mano-izquierda-policias-y-perspectiva-de-genero","status":"publish","type":"post","link":"https:\/\/redsemlac.com\/semmexico\/desde-la-mano-izquierda-policias-y-perspectiva-de-genero\/","title":{"rendered":"Desde la Mano Izquierda| Polic\u00edas y perspectiva de g\u00e9nero"},"content":{"rendered":"\n<p class=\"wp-block-paragraph\"><strong>Claudia Espinosa Almaguer<\/strong><\/p>\n\n\n\n<p class=\"wp-block-paragraph\">SemM\u00e9xico, San Luis Potos\u00ed, SLP, 9 de octubre, 2021.-Hace alg\u00fan tiempo me toc\u00f3 impartir formaci\u00f3n en perspectiva de g\u00e9nero a distintos cuerpos de seguridad, se trataba de introducir un marco de conocimientos b\u00e1sicos para el primer respondiente respecto a su actuaci\u00f3n en casos de violencia contra las mujeres, por ejemplo, en los llamados al 911. En ese recorrido de capacitar agentes de polic\u00eda municipal y estatal, guardia nacional y militares, hay una clara voluntad de aprender, pero tambi\u00e9n una dificultad para integrar este enfoque como el principio indispensable que es, a ra\u00edz de las distintas sentencias e instrumentos de derechos humanos que as\u00ed lo mandatan.<\/p>\n\n\n\n<p class=\"wp-block-paragraph\">En uno de estos momentos, discut\u00edamos a fin de visibilizar los prejuicios y estereotipos de g\u00e9nero cuando un militar muy diligente me se\u00f1al\u00f3: maestra, sabemos que su trabajo es ense\u00f1arnos todo esto y lo que es el machismo, pero nosotros no estamos hechos para este tipo de asuntos.<\/p>\n\n\n\n<p class=\"wp-block-paragraph\">Eso resume efectivamente una circunstancia que en su oportunidad devel\u00f3 con mucha mayor claridad la Dra. Estefan\u00eda Vela en su participaci\u00f3n dentro de la \u201cSegunda Jornada formativa y de reflexi\u00f3n Aportes desde la Academia y la Sociedad Civil para la Erradicaci\u00f3n de la Violencia contra las Mujeres\u201d que hubo en San Luis Potos\u00ed en el mes de febrero.<\/p>\n\n\n\n<p class=\"wp-block-paragraph\">Al responder a la pregunta de si consideraba que la actitud belicista era un sin\u00f3nimo del machismo en el contexto de las instituciones de seguridad, relat\u00f3 entonces que cuando se abri\u00f3 la puerta a que las fuerzas armadas interviniesen en labores de seguridad p\u00fablica, esto se hizo con condiciones, entre ellas el deber de invertir en instituciones policiales civiles, por lo tanto, era indispensable insistir en esa exigencia desde la ciudadan\u00eda, dado que en aras de la cr\u00edtica contra las polic\u00edas, se priorizaba el uso del ej\u00e9rcito generando con ello un c\u00edrculo vicioso.<\/p>\n\n\n\n<p class=\"wp-block-paragraph\">Pero, adem\u00e1s, abord\u00f3 all\u00ed la existencia de una larga tradici\u00f3n feminista en torno al an\u00e1lisis del militarismo y las fuerzas de seguridad p\u00fablica como manifestaciones de <strong>la encarnaci\u00f3n del patriarcado<\/strong>, al establecer que se trata de las instituciones con mayor disparidad en t\u00e9rminos de g\u00e9nero, adem\u00e1s de contar con una imagen basada en la amenaza y la fuerza bruta.<\/p>\n\n\n\n<p class=\"wp-block-paragraph\">Por lo que invit\u00f3 a reflexionar acerca de los modelos de seguridad y la viabilidad en un Estado de Derecho, de implantar a militares y marinos para tareas de seguridad p\u00fablica o pretender la formaci\u00f3n militarizada de las polic\u00edas.<\/p>\n\n\n\n<p class=\"wp-block-paragraph\">En el contexto de la <strong>violencia contra las mujeres<\/strong>, no es algo sencillo de elaborar, justamente debido a la perspectiva de g\u00e9nero, indispensable para la valoraci\u00f3n de riesgo y la aplicaci\u00f3n y ejecuci\u00f3n de medidas id\u00f3neas y adecuadas a cada caso, como fen\u00f3meno criminal esto ya era muy preocupante desde hace varios a\u00f1os, pero se agrav\u00f3 debido a la pandemia.<\/p>\n\n\n\n<p class=\"wp-block-paragraph\">Aunque varios estudios acerca de la impunidad indican que apenas 1 de cada 10 delitos es denunciado, para darse una idea de<strong> la dimensi\u00f3n que tienen esos actos de violencia en San Luis Potos\u00ed<\/strong>, volvemos a la Informaci\u00f3n sobre violencia contra las mujeres del Secretariado Ejecutivo del Sistema Nacional de Seguridad P\u00fablica en donde se expone la incidencia delictiva y las llamadas de emergencia.<\/p>\n\n\n\n<p class=\"wp-block-paragraph\">Hasta el 31 de agosto de 2021 se han iniciado 672 carpetas de investigaci\u00f3n por el delito de feminicidio en el pa\u00eds, de las cuales 17 corresponden a la entidad y 6 al municipio de la capital.<\/p>\n\n\n\n<p class=\"wp-block-paragraph\">As\u00ed mismo hay 49 casos por homicidio doloso contra v\u00edctimas mujeres, 1207 por lesiones dolosas, 6285 por violencia familiar, 442 violaciones adem\u00e1s de 2353 llamadas al 911 por incidentes de violencia contra la mujer, 115 por abuso sexual, 118 por acoso u hostigamiento, 59 por incidentes de violencia sexual, 2139 por violencia de pareja y 10,536 por violencia familiar.<\/p>\n\n\n\n<p class=\"wp-block-paragraph\">Luego entonces tiene otra vez vigencia esta pregunta: Si se quiere resolver los actos de violencia que afectan a las mujeres y que son constitutivos de delito \u00bfQu\u00e9 tipo de polic\u00edas, de instituciones, de pol\u00edticas son apropiadas?<\/p>\n\n\n\n<p class=\"wp-block-paragraph\">A m\u00e1s ver<\/p>\n\n\n\n<p class=\"wp-block-paragraph\">Presentaci\u00f3n Informe \u00abLas dos guerras\u00bb<\/p>\n\n\n\n<p class=\"wp-block-paragraph\"><a href=\"https:\/\/fb.watch\/8wfp-U7z-K\/\">https:\/\/fb.watch\/8wfp-U7z-K\/<\/a><\/p>\n","protected":false},"excerpt":{"rendered":"<p>Luego entonces tiene otra vez vigencia esta pregunta: Si se quiere resolver los actos de violencia que afectan a las mujeres y que son constitutivos de delito \u00bfQu\u00e9 tipo de polic\u00edas, de instituciones, de pol\u00edticas son apropiadas? <\/p>\n","protected":false},"author":3,"featured_media":36870,"comment_status":"open","ping_status":"open","sticky":false,"template":"","format":"standard","meta":{"_monsterinsights_skip_tracking":false,"footnotes":""},"categories":[692,131,35],"tags":[459],"class_list":["post-40741","post","type-post","status-publish","format-standard","has-post-thumbnail","category-692","category-claudia-almaguer","category-opinion","tag-opinion"],"_links":{"self":[{"href":"https:\/\/redsemlac.com\/semmexico\/wp-json\/wp\/v2\/posts\/40741","targetHints":{"allow":["GET"]}}],"collection":[{"href":"https:\/\/redsemlac.com\/semmexico\/wp-json\/wp\/v2\/posts"}],"about":[{"href":"https:\/\/redsemlac.com\/semmexico\/wp-json\/wp\/v2\/types\/post"}],"author":[{"embeddable":true,"href":"https:\/\/redsemlac.com\/semmexico\/wp-json\/wp\/v2\/users\/3"}],"replies":[{"embeddable":true,"href":"https:\/\/redsemlac.com\/semmexico\/wp-json\/wp\/v2\/comments?post=40741"}],"version-history":[{"count":0,"href":"https:\/\/redsemlac.com\/semmexico\/wp-json\/wp\/v2\/posts\/40741\/revisions"}],"wp:featuredmedia":[{"embeddable":true,"href":"https:\/\/redsemlac.com\/semmexico\/wp-json\/wp\/v2\/media\/36870"}],"wp:attachment":[{"href":"https:\/\/redsemlac.com\/semmexico\/wp-json\/wp\/v2\/media?parent=40741"}],"wp:term":[{"taxonomy":"category","embeddable":true,"href":"https:\/\/redsemlac.com\/semmexico\/wp-json\/wp\/v2\/categories?post=40741"},{"taxonomy":"post_tag","embeddable":true,"href":"https:\/\/redsemlac.com\/semmexico\/wp-json\/wp\/v2\/tags?post=40741"}],"curies":[{"name":"wp","href":"https:\/\/api.w.org\/{rel}","templated":true}]}}