{"id":40722,"date":"2021-10-07T16:39:46","date_gmt":"2021-10-07T22:39:46","guid":{"rendered":"https:\/\/redsemlac.com\/semmexico\/?p=40722"},"modified":"2023-07-21T17:08:04","modified_gmt":"2023-07-21T22:08:04","slug":"ifigenia-martinez-y-hernandez-hace-un-llamado-a-la-unidad-de-mexicanos-y-mexicanas","status":"publish","type":"post","link":"https:\/\/redsemlac.com\/semmexico\/ifigenia-martinez-y-hernandez-hace-un-llamado-a-la-unidad-de-mexicanos-y-mexicanas\/","title":{"rendered":"Ifigenia Mart\u00ednez y Hern\u00e1ndez hace un llamado a la unidad de mexicanos y mexicanas"},"content":{"rendered":"\n<p class=\"wp-block-paragraph\">Propone que el Senado contribuya al desarrollo econ\u00f3mico del pa\u00eds&nbsp;<\/p>\n\n\n\n<p class=\"wp-block-paragraph\">La premiada sugiere crear un Consejo Econ\u00f3mico Plural<\/p>\n\n\n\n<p class=\"wp-block-paragraph\">Elda Montiel&nbsp;<\/p>\n\n\n\n<p class=\"wp-block-paragraph\">SemM\u00e9xico, Cd. de M\u00e9xico, 7 de octubre 2021.- Con un llamado a la unidad de las mexicanas y mexicanos porque aprendimos a \u201centendernos y no matarnos por nuestras diferencias\u201d parafraseando al ap\u00f3stol de la Reforma Melchor Ocampo, la maestra senadora Ifigenia Mart\u00ednez y Hern\u00e1ndez propuso la creaci\u00f3n de un Consejo Econ\u00f3mico, pol\u00edtico y plural para la recuperaci\u00f3n, rescate y renovaci\u00f3n del sistema econ\u00f3mico nacional.<\/p>\n\n\n\n<p class=\"wp-block-paragraph\">La economista y pol\u00edtica como ella misma se defini\u00f3, en un abierto apoyo a la reforma el\u00e9ctrica del gobierno de Andr\u00e9s Manuel L\u00f3pez Obrador dio detalles de los 10 puntos del \u00f3rgano colegiado que integrar\u00e1 el Consejo que impulsar\u00e1 en el Senado de la Republica, en la ceremonia en la que recibi\u00f3 la medalla Belisario Dom\u00ednguez.<\/p>\n\n\n\n<p class=\"wp-block-paragraph\">Antes, en su opini\u00f3n hay \u201cque volver ampliar las acciones del estado otorgando las disposiciones que actualmente limitan o perjudican a empresas productivas del pa\u00eds\u201d.<\/p>\n\n\n\n<p class=\"wp-block-paragraph\">\u201cLos argumentos de la libre concurrencia y la competitividad heredada de los gobiernos neoliberales que debilitaron al estado integraron un marco constitucional ilegal que es imperativo actualizar y rectificar en procesos que ya se ha iniciado con las iniciativas para fortalecer el car\u00e1cter nacional y publico del sector energ\u00e9tico sin perjuicio de la participaci\u00f3n privada complementaria adecuada regulada y justamente retribuida\u201d.&nbsp;<\/p>\n\n\n\n<p class=\"wp-block-paragraph\">Consider\u00f3 que debe existir un \u00f3rgano plural con representaci\u00f3n de todos los sectores sociales del pa\u00eds, trabajadores, empresarios, acad\u00e9micos, y servidores p\u00fablicos que en forma democr\u00e1tica cuantifiqu\u00e9 y evalu\u00e9 un avance ordenado al desarrollo econ\u00f3mico del pa\u00eds.&nbsp;<\/p>\n\n\n\n<p class=\"wp-block-paragraph\">Dijo que el \u00f3rgano colegiado est\u00e1 dise\u00f1ado para impulsar un nuevo pacto nacional pol\u00edtico, econ\u00f3mico y social sobre cada uno de los pilares de la cuarta transformaci\u00f3n.<\/p>\n\n\n\n<p class=\"wp-block-paragraph\">Habr\u00e1 de elaborar leyes para propiciar una mayor igualdad social, aumentando los ingresos de las clases marginadas y disminuyendo la concentraci\u00f3n de la riqueza y la separaci\u00f3n del poder econ\u00f3mico del poder pol\u00edtico.&nbsp;<\/p>\n\n\n\n<p class=\"wp-block-paragraph\">Establecer&nbsp;m\u00e1s \u201crigor administrativo\u201d para la recaudaci\u00f3n tributaria, un sistema progresivo de impuestos comprometidos con el federalismo, la implantaci\u00f3n de un impuesto a la riqueza y otras formas de gravamen a los ingresos personales excesivos, sin aumentos al Impuesto Sobre la Renta a las empresas, sobre todo a las de nivel medio e intermedio para procurar su expansi\u00f3n.<\/p>\n\n\n\n<p class=\"wp-block-paragraph\">La economista manifest\u00f3 que en el Senado quiere contribuir a la recuperaci\u00f3n, rescate y renovaci\u00f3n de nuestro sistema econ\u00f3mico nacional eliminando las enormes desigualdades que ocasiona la concentraci\u00f3n de la riqueza, y la dispersi\u00f3n de la pobreza, causante tambi\u00e9n de la emigraci\u00f3n forzada de miles de mexicanos.<\/p>\n\n\n\n<p class=\"wp-block-paragraph\">Como luchadora pol\u00edtica se mostr\u00f3 orgullosa de haber formado parte de la Corriente democr\u00e1tica que en 1987 particip\u00f3 al lado de&nbsp;&nbsp;&nbsp;Cuauht\u00e9moc C\u00e1rdenas y Porfirio Mu\u00f1oz Ledo y la defini\u00f3 como un parteaguas en la historia pol\u00edtica del pa\u00eds.<\/p>\n\n\n\n<p class=\"wp-block-paragraph\">A 30 a\u00f1os de la Corriente Democr\u00e1tica y con el liderazgo de Andr\u00e9s Manuel L\u00f3pez Obrador expres\u00f3: \u201ccontamos con un gobierno democr\u00e1tico de izquierda transformadora, que es un logro may\u00fasculo para la naci\u00f3n\u201d.&nbsp;&nbsp;<\/p>\n\n\n\n<p class=\"wp-block-paragraph\">En la antigua sede del Senado, la legisladora por Morena de 91 a\u00f1os se sum\u00f3 este jueves a la lista de las siete mujeres en recibir la Medalla de Honor Belisario Dom\u00ednguez en su edici\u00f3n 2021, y abri\u00f3 brecha para que m\u00e1s mujeres tuvieran participaci\u00f3n activa en la administraci\u00f3n p\u00fablica y en la pol\u00edtica. Autora de m\u00faltiples publicaciones, entre ellas su c\u00e9lebre libro: \u00abLa Distribuci\u00f3n del Ingreso en M\u00e9xico\u00bb, convirti\u00e9ndose en la primera economista mexicana en escribir sobre dicho tema en toda Am\u00e9rica Latina.<\/p>\n\n\n\n<p class=\"wp-block-paragraph\">Tambi\u00e9n fue la primera mexicana egresada de la Universidad Harvard con una maestr\u00eda, y la primera mujer en dirigir la Facultad de Econom\u00eda de la Universidad Nacional Aut\u00f3noma de M\u00e9xico (UNAM) de la que fue egresada cuando era Escuela de Econom\u00eda.<\/p>\n\n\n\n<p class=\"wp-block-paragraph\">Fundadora del Partido de la Revoluci\u00f3n Democr\u00e1tica (PRD), con Cuauht\u00e9moc C\u00e1rdenas y se desempe\u00f1\u00f3 como la primera senadora de un partido de oposici\u00f3n. Ifigenia Mart\u00ednez fue diputada por el PRI, PRD y el Partido del Trabajo, embajadora de M\u00e9xico en Nueva York ante la Organizaci\u00f3n de las Naciones Unidas, y miembro de la comisi\u00f3n consultiva de pol\u00edtica exterior en la Secretar\u00eda de Relaciones Exteriores (SRE).<\/p>\n\n\n\n<p class=\"wp-block-paragraph\">Con la ausencia del presidente Andr\u00e9s Manuel L\u00f3pez Obrador la entrega de la presea a Ifigenia Mart\u00ednez Hern\u00e1ndez reuni\u00f3 los actores pol\u00edticos del poder legislativo y judicial.<\/p>\n\n\n\n<p class=\"wp-block-paragraph\">El secretario de Gobernaci\u00f3n Ad\u00e1n Augusto L\u00f3pez acudi\u00f3 en representaci\u00f3n del Ejecutivo, la presidenta de la Mesa Directiva del Senado, Olga S\u00e1nchez Cordero le entrego la presea y estuvo presente el presidente de la Suprema Corte de Justicia de la Naci\u00f3n, Arturo Zald\u00edvar Lelo de Larrea.&nbsp;<\/p>\n","protected":false},"excerpt":{"rendered":"<p>Propone que el Senado contribuya al desarrollo econ\u00f3mico del pa\u00eds&nbsp; La premiada sugiere crear un Consejo Econ\u00f3mico Plural Elda Montiel&nbsp; SemM\u00e9xico, Cd. de M\u00e9xico, 7 de octubre 2021.- Con un llamado a la unidad de las mexicanas y mexicanos porque aprendimos a \u201centendernos y no matarnos por nuestras diferencias\u201d parafraseando al ap\u00f3stol de la Reforma [&hellip;]<\/p>\n","protected":false},"author":3,"featured_media":40723,"comment_status":"open","ping_status":"open","sticky":false,"template":"","format":"standard","meta":{"_monsterinsights_skip_tracking":false,"footnotes":""},"categories":[692,50],"tags":[],"class_list":["post-40722","post","type-post","status-publish","format-standard","has-post-thumbnail","category-692","category-congreso"],"_links":{"self":[{"href":"https:\/\/redsemlac.com\/semmexico\/wp-json\/wp\/v2\/posts\/40722","targetHints":{"allow":["GET"]}}],"collection":[{"href":"https:\/\/redsemlac.com\/semmexico\/wp-json\/wp\/v2\/posts"}],"about":[{"href":"https:\/\/redsemlac.com\/semmexico\/wp-json\/wp\/v2\/types\/post"}],"author":[{"embeddable":true,"href":"https:\/\/redsemlac.com\/semmexico\/wp-json\/wp\/v2\/users\/3"}],"replies":[{"embeddable":true,"href":"https:\/\/redsemlac.com\/semmexico\/wp-json\/wp\/v2\/comments?post=40722"}],"version-history":[{"count":0,"href":"https:\/\/redsemlac.com\/semmexico\/wp-json\/wp\/v2\/posts\/40722\/revisions"}],"wp:featuredmedia":[{"embeddable":true,"href":"https:\/\/redsemlac.com\/semmexico\/wp-json\/wp\/v2\/media\/40723"}],"wp:attachment":[{"href":"https:\/\/redsemlac.com\/semmexico\/wp-json\/wp\/v2\/media?parent=40722"}],"wp:term":[{"taxonomy":"category","embeddable":true,"href":"https:\/\/redsemlac.com\/semmexico\/wp-json\/wp\/v2\/categories?post=40722"},{"taxonomy":"post_tag","embeddable":true,"href":"https:\/\/redsemlac.com\/semmexico\/wp-json\/wp\/v2\/tags?post=40722"}],"curies":[{"name":"wp","href":"https:\/\/api.w.org\/{rel}","templated":true}]}}