{"id":40719,"date":"2021-10-07T14:52:49","date_gmt":"2021-10-07T20:52:49","guid":{"rendered":"https:\/\/redsemlac.com\/semmexico\/?p=40719"},"modified":"2023-07-21T17:08:04","modified_gmt":"2023-07-21T22:08:04","slug":"instan-a-visibilizar-la-lucha-por-la-igualdad-de-la-mujer-negra-en-brasil","status":"publish","type":"post","link":"https:\/\/redsemlac.com\/semmexico\/instan-a-visibilizar-la-lucha-por-la-igualdad-de-la-mujer-negra-en-brasil\/","title":{"rendered":"Instan a visibilizar la lucha por la igualdad de la mujer negra en Brasil"},"content":{"rendered":"\n<p class=\"wp-block-paragraph\">Redacci\u00f3n <\/p>\n\n\n\n<p class=\"wp-block-paragraph\">Conferencia virtual de la periodista y escritora dominicana Deisy Toussaint desde Santo Domingo. Ser mujer afrodescendiente en la Rep\u00fablica Dominicana \u00abes tener el coraje de enfrentar todos los prejuicios\u00bb<\/p>\n\n\n\n<p class=\"wp-block-paragraph\">SemM\u00e9xico. Brasilia, sept. 21. AmecoPress\/Prensa Latina-\u00a0<em>El 25 de julio de 1992, mujeres negras de 32 pa\u00edses de Am\u00e9rica Latina y el Caribe se reunieron en Rep\u00fablica Dominicana en el Primer Encuentro de Mujeres Negras de Am\u00e9rica Latina y el Caribe. De este encuentro surge la Red de Mujeres Afrolatinoamericanas y afrocaribe\u00f1as, un espacio de articulaci\u00f3n que resalta la importancia de las herramientas pol\u00edticas regionales como plataforma de denuncia, intercambio y reflexi\u00f3n.<\/em><\/p>\n\n\n\n<p class=\"wp-block-paragraph\"><em>Brasilia, (Prensa Latina) Llamados a visibilizar la lucha contra el racismo, el machismo y la discriminaci\u00f3n centraron este lunes una conferencia virtual aqu\u00ed sobre aprietos y logros de la mujer negra en Brasil.<\/em><\/p>\n\n\n\n<p class=\"wp-block-paragraph\"><a href=\"https:\/\/amecopress.net\/IMG\/jpg\/instan_a_visibilizar_la_lucha_por_la_igualdad_de_la_mujer.jpg\"><\/a><br>El evento se realiz\u00f3 a prop\u00f3sito del D\u00eda de la Mujer Negra que se celebra cada 25 de julio y este a\u00f1o la pandemia de Covid-19 acentu\u00f3 las desigualdades en la sociedad y el impacto en esta raza resulta a\u00fan mayor que en el resto de la poblaci\u00f3n.<\/p>\n\n\n\n<p class=\"wp-block-paragraph\">Unas 400 mujeres afrodescendientes se reunieron en la Rep\u00fablica Dominicana hace 29 a\u00f1os para debatir sus reivindicaciones pol\u00edticas y tender puentes para promover un cambio conjunto. Desde entonces, cada a\u00f1o se remonta al 25 de julio.<\/p>\n\n\n\n<p class=\"wp-block-paragraph\">La fecha se denomina oficialmente D\u00eda Internacional de la Mujer Negra Latinoamericana y Caribe\u00f1a, y en Brasil, mediante ley sancionada por la presidenta Dilma Rousseff, tambi\u00e9n resulta D\u00eda Nacional de Tereza de Benguela. Considerada reina, Benguela vivi\u00f3 en el siglo XVIII en el Vale do Guapor\u00e9 y dirigi\u00f3 el Quilombo de Quariter\u00ea, tras el asesinato de su compa\u00f1ero, Jos\u00e9 Piolho. Encabez\u00f3 la estructura pol\u00edtica, econ\u00f3mica y administrativa de la comunidad de tres mil personas y uni\u00f3 a negros, blancos e ind\u00edgenas para defender el territorio en el que viv\u00edan, al resistir valientemente a la esclavitud durante m\u00e1s de 20 a\u00f1os.<\/p>\n\n\n\n<p class=\"wp-block-paragraph\">Durante el debate sali\u00f3 a relucir que la pandemia trajo dificultades por la cuesti\u00f3n econ\u00f3mica, pero a\u00fan faltan pol\u00edticas p\u00fablicas para proteger a las mujeres negras.<\/p>\n\n\n\n<p class=\"wp-block-paragraph\">Seg\u00fan el Instituto Brasile\u00f1o de Geograf\u00eda y Estad\u00edsticas, las f\u00e9minas de esa raza representan un p\u00fablico equivalente a 60 millones de personas, es decir, un 28 por ciento de la poblaci\u00f3n brasile\u00f1a. La preocupaci\u00f3n por estas mujeres se basa tambi\u00e9n en el estudio del Instituto de Investigaci\u00f3n Econ\u00f3mica Aplicada de 2018, el cual se\u00f1ala que la vulnerabilidad de las mujeres negras al desempleo es 50 por ciento mayor que la de las no negras.<\/p>\n\n\n\n<p class=\"wp-block-paragraph\">Este a\u00f1o la Marcha de las Mujeres Negras en Brasil tuvo su sexta edici\u00f3n, en forma virtual por la Covid-19 que cobr\u00f3 m\u00e1s de 550 mil vidas perdidas, y se bas\u00f3 en tres pilares: formaci\u00f3n y autoformaci\u00f3n, acogida y autocuidado e incidencia pol\u00edtica.<\/p>\n","protected":false},"excerpt":{"rendered":"<p>Redacci\u00f3n Conferencia virtual de la periodista y escritora dominicana Deisy Toussaint desde Santo Domingo. Ser mujer afrodescendiente en la Rep\u00fablica Dominicana \u00abes tener el coraje de enfrentar todos los prejuicios\u00bb SemM\u00e9xico. Brasilia, sept. 21. AmecoPress\/Prensa Latina-\u00a0El 25 de julio de 1992, mujeres negras de 32 pa\u00edses de Am\u00e9rica Latina y el Caribe se reunieron en [&hellip;]<\/p>\n","protected":false},"author":3,"featured_media":40720,"comment_status":"open","ping_status":"open","sticky":false,"template":"","format":"standard","meta":{"_monsterinsights_skip_tracking":false,"footnotes":""},"categories":[692,53],"tags":[],"class_list":["post-40719","post","type-post","status-publish","format-standard","has-post-thumbnail","category-692","category-internacional"],"_links":{"self":[{"href":"https:\/\/redsemlac.com\/semmexico\/wp-json\/wp\/v2\/posts\/40719","targetHints":{"allow":["GET"]}}],"collection":[{"href":"https:\/\/redsemlac.com\/semmexico\/wp-json\/wp\/v2\/posts"}],"about":[{"href":"https:\/\/redsemlac.com\/semmexico\/wp-json\/wp\/v2\/types\/post"}],"author":[{"embeddable":true,"href":"https:\/\/redsemlac.com\/semmexico\/wp-json\/wp\/v2\/users\/3"}],"replies":[{"embeddable":true,"href":"https:\/\/redsemlac.com\/semmexico\/wp-json\/wp\/v2\/comments?post=40719"}],"version-history":[{"count":0,"href":"https:\/\/redsemlac.com\/semmexico\/wp-json\/wp\/v2\/posts\/40719\/revisions"}],"wp:featuredmedia":[{"embeddable":true,"href":"https:\/\/redsemlac.com\/semmexico\/wp-json\/wp\/v2\/media\/40720"}],"wp:attachment":[{"href":"https:\/\/redsemlac.com\/semmexico\/wp-json\/wp\/v2\/media?parent=40719"}],"wp:term":[{"taxonomy":"category","embeddable":true,"href":"https:\/\/redsemlac.com\/semmexico\/wp-json\/wp\/v2\/categories?post=40719"},{"taxonomy":"post_tag","embeddable":true,"href":"https:\/\/redsemlac.com\/semmexico\/wp-json\/wp\/v2\/tags?post=40719"}],"curies":[{"name":"wp","href":"https:\/\/api.w.org\/{rel}","templated":true}]}}