{"id":40716,"date":"2021-10-07T14:51:05","date_gmt":"2021-10-07T20:51:05","guid":{"rendered":"https:\/\/redsemlac.com\/semmexico\/?p=40716"},"modified":"2023-07-21T17:08:04","modified_gmt":"2023-07-21T22:08:04","slug":"llega-a-espana-el-movimiento-internacional-por-la-abolicion-de-la-prostitucion","status":"publish","type":"post","link":"https:\/\/redsemlac.com\/semmexico\/llega-a-espana-el-movimiento-internacional-por-la-abolicion-de-la-prostitucion\/","title":{"rendered":"Llega a Espa\u00f1a el movimiento internacional por la abolici\u00f3n de la prostituci\u00f3n"},"content":{"rendered":"\n<p class=\"wp-block-paragraph\">Redacci\u00f3n <\/p>\n\n\n\n<p class=\"wp-block-paragraph\">La Jornada, llamada \u201cHacia una ley abolicionista de la prostituci\u00f3n: una propuesta desde el activismo global\u201d, ha sido organizada por el Grupo Parlamentario Socialista, la Escuela Abolicionista Internacional y la Coalici\u00f3n por la Abolici\u00f3n de la Prostituci\u00f3n<\/p>\n\n\n\n<p class=\"wp-block-paragraph\">SemM\u00e9xico. Madrid, 07 oct. 21. AmecoPress. &#8211;\u00a0<em>El Grupo Parlamentario Socialista en el Congreso ha organizado junto a la Escuela Abolicionista Internacional y la Coalici\u00f3n por la Abolici\u00f3n de la Prostituci\u00f3n la Jornada \u201cHacia la ley abolicionista de la prostituci\u00f3n: una propuesta desde el activismo global\u201d, que ser\u00e1 celebrada el pr\u00f3ximo mi\u00e9rcoles 13 de octubre en el Congreso de los Diputados.<\/em><\/p>\n\n\n\n<p class=\"wp-block-paragraph\">El encuentro persigue dar visibilidad al modelo n\u00f3rdico de pol\u00edticas p\u00fablicas abolicionistas de la prostituci\u00f3n para abrir camino a una ley de las mismas caracter\u00edsticas en Espa\u00f1a.<\/p>\n\n\n\n<p class=\"wp-block-paragraph\">La explotaci\u00f3n sexual de miles de mujeres y ni\u00f1as otorga millones de euros a la industria del proxenetismo, un problema de magnitud internacional que pone en manifiesto la vulneraci\u00f3n de los derechos humanos de las mujeres y su consiguiente lucha a trav\u00e9s del movimiento civil abolicionista en todo el mundo.<\/p>\n\n\n\n<h3 class=\"wp-block-heading\">Participantes del activismo internacional<\/h3>\n\n\n\n<p class=\"wp-block-paragraph\">Despu\u00e9s de la inauguraci\u00f3n del acto de la mano de H\u00e9ctor G\u00f3mez, portavoz del Grupo Parlamentario Socialista, y Susana Ros, portavoz adjunta del Grupo Parlamentario Socialista y Secretaria Ejecutiva del PSOE contra la Violencia de G\u00e9nero; tendr\u00e1 lugar el \u201cDi\u00e1logo con el activismo internacional\u201d.<br>En \u00e9l intervendr\u00e1n Jonathan Machler (Francia), director ejecutivo de CAP International, integrada por 35 organizaciones de 27 pa\u00edses en cuatro continentes; y Rita Mar\u00eda Hern\u00e1ndez (M\u00e9xico &#8211; Estados Unidos), directora de Pol\u00edticas y Promoci\u00f3n de Rescue Freedom Internacional, con presencia en 23 pa\u00edses y part\u00edcipe en 183 programas de socios locales en la lucha contra la trata con fines de explotaci\u00f3n sexual.<\/p>\n\n\n\n<h3 class=\"wp-block-heading\">Participantes del activismo de nuestro pa\u00eds&nbsp;<\/h3>\n\n\n\n<p class=\"wp-block-paragraph\">Despu\u00e9s se desarrollar\u00e1 el \u2018Di\u00e1logo con el activismo en Espa\u00f1a\u2019, que contar\u00e1 con Amelia Tiganus (Espa\u00f1a \u2013 Ruman\u00eda), superviviente de prostituci\u00f3n y activista por la abolici\u00f3n. Su primer libro \u2018La revuelta de las putas\u2019, en el que explica a trav\u00e9s de su experiencia la importancia de entender por qu\u00e9 \u201clo personal es pol\u00edtico\u201d, ha sido publicado recientemente y ya ha alcanzado su segunda edici\u00f3n. Tambi\u00e9n colabora en esta secci\u00f3n Graciela Atencio (Argentina \u2013 Espa\u00f1a), coordinadora de la Escuela Abolicionista Internacional (Santa Coloma de Gramenet, Catalunya) y periodista con una consolidada carrera de m\u00e1s de 25 a\u00f1os. Experta sobre el feminicidio en Am\u00e9rica Latina y Europa, es directora de Feminicidio.net y autora del libro \u2018Feminicidio, el asesinato de mujeres por ser mujeres\u2019.<\/p>\n\n\n\n<p class=\"wp-block-paragraph\">Finalmente, clausurar\u00e1n la jornada Rafaela Cresp\u00edn, secretaria general del Grupo Parlamentario Socialista, y Carmen Calvo, presidenta de la Comisi\u00f3n de Igualdad y secretaria de Igualdad del PSOE.<\/p>\n\n\n\n<p class=\"wp-block-paragraph\">Inscripciones hasta completar aforo con fecha l\u00edmite del 9 de octubre en sonia.belhassen@gps.congreso.es adjuntando nombre, apellidos, organizaci\u00f3n y DNI.<\/p>\n","protected":false},"excerpt":{"rendered":"<p>Redacci\u00f3n La Jornada, llamada \u201cHacia una ley abolicionista de la prostituci\u00f3n: una propuesta desde el activismo global\u201d, ha sido organizada por el Grupo Parlamentario Socialista, la Escuela Abolicionista Internacional y la Coalici\u00f3n por la Abolici\u00f3n de la Prostituci\u00f3n SemM\u00e9xico. Madrid, 07 oct. 21. AmecoPress. &#8211;\u00a0El Grupo Parlamentario Socialista en el Congreso ha organizado junto a [&hellip;]<\/p>\n","protected":false},"author":3,"featured_media":40717,"comment_status":"open","ping_status":"open","sticky":false,"template":"","format":"standard","meta":{"_monsterinsights_skip_tracking":false,"footnotes":""},"categories":[692,53],"tags":[],"class_list":["post-40716","post","type-post","status-publish","format-standard","has-post-thumbnail","category-692","category-internacional"],"_links":{"self":[{"href":"https:\/\/redsemlac.com\/semmexico\/wp-json\/wp\/v2\/posts\/40716","targetHints":{"allow":["GET"]}}],"collection":[{"href":"https:\/\/redsemlac.com\/semmexico\/wp-json\/wp\/v2\/posts"}],"about":[{"href":"https:\/\/redsemlac.com\/semmexico\/wp-json\/wp\/v2\/types\/post"}],"author":[{"embeddable":true,"href":"https:\/\/redsemlac.com\/semmexico\/wp-json\/wp\/v2\/users\/3"}],"replies":[{"embeddable":true,"href":"https:\/\/redsemlac.com\/semmexico\/wp-json\/wp\/v2\/comments?post=40716"}],"version-history":[{"count":0,"href":"https:\/\/redsemlac.com\/semmexico\/wp-json\/wp\/v2\/posts\/40716\/revisions"}],"wp:featuredmedia":[{"embeddable":true,"href":"https:\/\/redsemlac.com\/semmexico\/wp-json\/wp\/v2\/media\/40717"}],"wp:attachment":[{"href":"https:\/\/redsemlac.com\/semmexico\/wp-json\/wp\/v2\/media?parent=40716"}],"wp:term":[{"taxonomy":"category","embeddable":true,"href":"https:\/\/redsemlac.com\/semmexico\/wp-json\/wp\/v2\/categories?post=40716"},{"taxonomy":"post_tag","embeddable":true,"href":"https:\/\/redsemlac.com\/semmexico\/wp-json\/wp\/v2\/tags?post=40716"}],"curies":[{"name":"wp","href":"https:\/\/api.w.org\/{rel}","templated":true}]}}