{"id":40713,"date":"2021-10-07T14:48:25","date_gmt":"2021-10-07T20:48:25","guid":{"rendered":"https:\/\/redsemlac.com\/semmexico\/?p=40713"},"modified":"2023-07-21T17:08:04","modified_gmt":"2023-07-21T22:08:04","slug":"oportunismo-politico-eleccion-extraordinaria-de-tlaquepaque-feministas","status":"publish","type":"post","link":"https:\/\/redsemlac.com\/semmexico\/oportunismo-politico-eleccion-extraordinaria-de-tlaquepaque-feministas\/","title":{"rendered":"Oportunismo pol\u00edtico, elecci\u00f3n extraordinaria de Tlaquepaque: feministas"},"content":{"rendered":"\n<p class=\"wp-block-paragraph\">El Congreso de Jalisco, con mayor\u00eda de MC, modific\u00f3 a su favor los lineamientos bajo el argumento de una acci\u00f3n afirmativa de g\u00e9nero<\/p>\n\n\n\n<p class=\"wp-block-paragraph\">Analy Nu\u00f1o<\/p>\n\n\n\n<p class=\"wp-block-paragraph\">SemM\u00e9xico, 7 de octubre de 2021, Tlaquepaque, Jalisco.- La determinaci\u00f3n de que la convocatoria para la elecci\u00f3n extraordinaria de Tlaquepaque sea exclusiva para mujeres es oportunista, advirtieron colectivas feministas y mujeres pol\u00edticas de Jalisco.<\/p>\n\n\n\n<p class=\"wp-block-paragraph\">Esto luego de que la Sala Superior del Tribunal Electoral del Poder Judicial de la Federaci\u00f3n dejar\u00e1 sin efecto la elecci\u00f3n pasada y el Congreso del Estado aprobara una convocatoria exclusiva para mujeres para la elecci\u00f3n en ese municipio bajo el argumento de que se trata de una acci\u00f3n afirmativa de g\u00e9nero, pese a que las modificaciones contravienen los lineamientos del Instituto Nacional Electoral que establecen que las elecciones extraordinarias deber\u00e1n conservar las condiciones originales.<\/p>\n\n\n\n<p class=\"wp-block-paragraph\">La modificaci\u00f3n en los lineamientos para la nueva elecci\u00f3n que se llevar\u00e1 a cabo el 21 de noviembre, provoc\u00f3 diversas cr\u00edticas, debido al uso pol\u00edtico que se est\u00e1 haciendo de las mujeres y la paridad de g\u00e9nero.<\/p>\n\n\n\n<p class=\"wp-block-paragraph\">\u201cEl tama\u00f1o del oportunismo pol\u00edtico no tiene l\u00edmites con esta legislatura. La paridad como pretexto y las mujeres como argumento, son un atentado a la democracia constitucional y paritaria cuando se utilizan solo cuando es conveniente a los intereses partidistas y de una manera claramente oportunista. Una convocatoria dirigida solo a mujeres en este contexto, no es un triunfo, por el contrario, es un atropello a la democracia\u201d, se\u00f1al\u00f3 Guadalupe Ramos Ponce, vicecoordinadora nacional del Comit\u00e9 de Am\u00e9rica Latina y el Caribe para la Defensa de los Derechos de las Mujeres (CLADEM).<\/p>\n\n\n\n<p class=\"wp-block-paragraph\">Por su parte en entrevista con medios de comunicaci\u00f3n, Diana Arredondo, presidenta de la asociaci\u00f3n feminista G10xJalisco advirti\u00f3 que aunque celebra la convocatoria est\u00e1 no deja de ser oportunista. \u201cVeo oportunismo pol\u00edtico, se casan con banderas que en su momento no hicieron suyas y ahora las usan para tomar o recuperar esa ventaja que tuvieron en el proceso electoral\u201d.<\/p>\n\n\n\n<p class=\"wp-block-paragraph\">\u201cEstoy indignada de que quieran usar la causa de las mujeres para hacer uso faccioso y pol\u00edtico contra sujetos que tienen derechos constitucionales\u201d, public\u00f3 en sus redes la diputada local, Mara Robles; igualmente en sus redes la activista y ex candidata a la alcald\u00eda de Guadalajara, Dolores P\u00e9rez Lazcano public\u00f3: \u201cLa agenda de las mujeres no es para cometer atropellos, violentar derechos o no observar ordenamientos legales\u201d.<\/p>\n\n\n\n<p class=\"wp-block-paragraph\">Adem\u00e1s los l\u00edderes nacionales de MORENA y Movimiento Ciudadano, se descalificaron mutuamente tras darse a conocer la metodolog\u00eda de la convocatoria.&nbsp;<\/p>\n\n\n\n<p class=\"wp-block-paragraph\">La elecci\u00f3n extraordinaria de Tlaquepaque se llevar\u00e1 a cabo luego de que el Tribunal Electoral acreditara mala pr\u00e1ctica de la candidata de MC durante la elecci\u00f3n y la intervenci\u00f3n del cardenal em\u00e9rito Juan Sandoval \u00cd\u00f1iguez, la cual afect\u00f3 el principio de laicidad.<\/p>\n","protected":false},"excerpt":{"rendered":"<p>El Congreso de Jalisco, con mayor\u00eda de MC, modific\u00f3 a su favor los lineamientos bajo el argumento de una acci\u00f3n afirmativa de g\u00e9nero Analy Nu\u00f1o SemM\u00e9xico, 7 de octubre de 2021, Tlaquepaque, Jalisco.- La determinaci\u00f3n de que la convocatoria para la elecci\u00f3n extraordinaria de Tlaquepaque sea exclusiva para mujeres es oportunista, advirtieron colectivas feministas y [&hellip;]<\/p>\n","protected":false},"author":3,"featured_media":40714,"comment_status":"open","ping_status":"open","sticky":false,"template":"","format":"standard","meta":{"_monsterinsights_skip_tracking":false,"footnotes":""},"categories":[692,50],"tags":[],"class_list":["post-40713","post","type-post","status-publish","format-standard","has-post-thumbnail","category-692","category-congreso"],"_links":{"self":[{"href":"https:\/\/redsemlac.com\/semmexico\/wp-json\/wp\/v2\/posts\/40713","targetHints":{"allow":["GET"]}}],"collection":[{"href":"https:\/\/redsemlac.com\/semmexico\/wp-json\/wp\/v2\/posts"}],"about":[{"href":"https:\/\/redsemlac.com\/semmexico\/wp-json\/wp\/v2\/types\/post"}],"author":[{"embeddable":true,"href":"https:\/\/redsemlac.com\/semmexico\/wp-json\/wp\/v2\/users\/3"}],"replies":[{"embeddable":true,"href":"https:\/\/redsemlac.com\/semmexico\/wp-json\/wp\/v2\/comments?post=40713"}],"version-history":[{"count":0,"href":"https:\/\/redsemlac.com\/semmexico\/wp-json\/wp\/v2\/posts\/40713\/revisions"}],"wp:featuredmedia":[{"embeddable":true,"href":"https:\/\/redsemlac.com\/semmexico\/wp-json\/wp\/v2\/media\/40714"}],"wp:attachment":[{"href":"https:\/\/redsemlac.com\/semmexico\/wp-json\/wp\/v2\/media?parent=40713"}],"wp:term":[{"taxonomy":"category","embeddable":true,"href":"https:\/\/redsemlac.com\/semmexico\/wp-json\/wp\/v2\/categories?post=40713"},{"taxonomy":"post_tag","embeddable":true,"href":"https:\/\/redsemlac.com\/semmexico\/wp-json\/wp\/v2\/tags?post=40713"}],"curies":[{"name":"wp","href":"https:\/\/api.w.org\/{rel}","templated":true}]}}