{"id":40707,"date":"2021-10-07T14:30:16","date_gmt":"2021-10-07T20:30:16","guid":{"rendered":"https:\/\/redsemlac.com\/semmexico\/?p=40707"},"modified":"2023-07-21T17:07:18","modified_gmt":"2023-07-21T22:07:18","slug":"la-vida-no-se-acaba-hay-que-luchar-contra-el-cancer-de-mama","status":"publish","type":"post","link":"https:\/\/redsemlac.com\/semmexico\/la-vida-no-se-acaba-hay-que-luchar-contra-el-cancer-de-mama\/","title":{"rendered":"La vida no se acaba, hay que luchar contra el C\u00e1ncer de Mam\u00e1"},"content":{"rendered":"\n<p class=\"wp-block-paragraph\"><strong>* Sara Canseco Brena elabora un video para decirle a otras mujeres que no est\u00e1n solas<\/strong><\/p>\n\n\n\n<p class=\"wp-block-paragraph\"><strong>* Hace menos de un mes se someti\u00f3 a una mastectom\u00eda radical y hace dos meses su objetivo era ser jueza<\/strong><\/p>\n\n\n\n<p class=\"wp-block-paragraph\"><strong>Soledad Jarqu\u00edn Edgar<\/strong><\/p>\n\n\n\n<p class=\"wp-block-paragraph\">SemM\u00e9xico, Oaxaca, 7 de octubre, 2021.- Sara Canseco Brena, 43 a\u00f1os, abogada y en proceso de preparaci\u00f3n para concursar por un cargo de jueza, emprendi\u00f3 un nuevo camino al conocer, hace dos meses, que enfrenta un c\u00e1ncer de seno.<\/p>\n\n\n\n<p class=\"wp-block-paragraph\">A trav\u00e9s de un video que comparti\u00f3 en YouTube da a conocer c\u00f3mo han sido sus dos \u00faltimos meses, cuando descubri\u00f3 que ten\u00eda una bolita en el seno izquierdo. Frente a la c\u00e1mara de su celular dice que no es para tener seguidores ni suscriptores, \u201ces para acompa\u00f1arnos, para resolver nuestras dudas y tambi\u00e9n para que lloremos juntas\u201d.<\/p>\n\n\n\n<p class=\"wp-block-paragraph\">Todo ha sido r\u00e1pido, no hubo tiempo de deprimirse, una cosa llev\u00f3 a otra, de una especialista a otro. Lleg\u00f3 a tener miedo, a veces llora en el silencio de la noche, pero asegura que por su mente no pas\u00f3 darse por vencida. \u201cNo s\u00e9 si fue Dios o las personas queridas que tengo arriba las que me mandaron la mejor de las vibras y la fortaleza necesaria para que lleve a cabo todo este proceso de la mejor manera\u201d.<\/p>\n\n\n\n<p class=\"wp-block-paragraph\">Ese mismo d\u00eda, tras descubrir \u201cla bolita\u201d en su seno, Sara Canseco Brena acudi\u00f3 a su ginec\u00f3loga, quien le dijo que era necesario un ultrasonido, donde result\u00f3 que no era una sino dos las bolitas y que hab\u00eda sospecha de malignidad. Despu\u00e9s acudi\u00f3 a un onc\u00f3logo donde sigui\u00f3 una mastograf\u00eda, un ultrasonido, una resonancia magn\u00e9tica\u2026 El resultado es que adem\u00e1s de las dos bolitas estaba comprometido un ganglio de su axila izquierda. Despu\u00e9s se realiz\u00f3 una biopsia, que s\u00ed le doli\u00f3, aclara.&nbsp;<\/p>\n\n\n\n<p class=\"wp-block-paragraph\">Una semana m\u00e1s tarde Sara Canseco Brena conoci\u00f3 los resultados de patolog\u00eda. Ah\u00ed ley\u00f3 la palabra carcinoma, \u201cno soy m\u00e9dica, pero s\u00e9 lo que significa\u201d. En ese momento, dice sinti\u00f3 miedo y supo que no se quer\u00eda morir, pens\u00f3 tambi\u00e9n que eso no le pod\u00eda estar pasando a ella.<\/p>\n\n\n\n<p class=\"wp-block-paragraph\">Sara Canseco Brena es mam\u00e1 de dos j\u00f3venes estudiantes universitarios y de una peque\u00f1a ni\u00f1a por quienes har\u00e1 frente al padecimiento, tambi\u00e9n destaca el papel que su compa\u00f1ero de vida juega al abrazar con ella este nuevo periodo que le toca enfrentar.<\/p>\n\n\n\n<p class=\"wp-block-paragraph\">El 18 de septiembre fue sometida a una mastectom\u00eda radical, un tratamiento agresivo, como le dijo su m\u00e9dico, pero la \u00fanica forma de erradicar el padecimiento. Al d\u00eda siguiente ella misma pidi\u00f3 que la llevaran a su casa, con su familia.<\/p>\n\n\n\n<p class=\"wp-block-paragraph\">M\u00e1s adelante, anuncia vendr\u00e1n otros tratamientos de radioterapia y quimioterapia.<\/p>\n\n\n\n<figure class=\"wp-block-embed is-type-video is-provider-youtube wp-block-embed-youtube wp-embed-aspect-16-9 wp-has-aspect-ratio\"><div class=\"wp-block-embed__wrapper\">\n<div class=\"youtube-embed\" data-video_id=\"0CVqzBfccis\"><iframe loading=\"lazy\" title=\"Mi experiencia con el c\u00e1ncer\" width=\"696\" height=\"392\" src=\"https:\/\/www.youtube.com\/embed\/0CVqzBfccis?feature=oembed&#038;enablejsapi=1\" frameborder=\"0\" allow=\"accelerometer; autoplay; clipboard-write; encrypted-media; gyroscope; picture-in-picture; web-share\" referrerpolicy=\"strict-origin-when-cross-origin\" allowfullscreen><\/iframe><\/div>\n<\/div><\/figure>\n\n\n\n<p class=\"wp-block-paragraph\">La vida no se acaba cuando esto nos sucede, dice Sara Canseco en su video a otras mujeres que como ella enfrentan el C\u00e1ncer de Mama. Cierto, dice, cuando te quitan un seno te sientes mutilada, incompleta, me veo rara\u2026pero quiero decirles que la vida sigue, no se acaba.<\/p>\n\n\n\n<p class=\"wp-block-paragraph\">Su madre, Sara Brena Jim\u00e9nez, dice por separado que su hija es una magnolia de acero, fuerte y con mucho car\u00e1cter, que saldr\u00e1 adelante.<\/p>\n\n\n\n<p class=\"wp-block-paragraph\">Octubre, mes del c\u00e1ncer de mama<\/p>\n\n\n\n<p class=\"wp-block-paragraph\">En M\u00e9xico y en el mundo, octubre es considerado el mes del C\u00e1ncer de Mam\u00e1, una de las principales causas de muerte de mujeres seg\u00fan el Instituto Nacional de Salud P\u00fablica, que se\u00f1ala que en en 2019, por cada 100 mil mujeres de 20 a\u00f1os o m\u00e1s se reportaron 35.24 casos nuevos de c\u00e1ncer de mama. A nivel nacional, la tasa de mortalidad por c\u00e1ncer de mama es de 17.19 defunciones por cada 100 mil mujeres de 20 a\u00f1os o m\u00e1s, seg\u00fan INEGI.<\/p>\n\n\n\n<p class=\"wp-block-paragraph\">En 2020, el gobierno federal report\u00f3 que hubo un aumento de casos en los \u00faltimos tres a\u00f1os y se\u00f1ala entre las razones el retraso en el inicio del tratamiento, ya sea por la tardanza en la b\u00fasqueda de atenci\u00f3n m\u00e9dica luego de que una mujer presenta un posible s\u00edntoma de c\u00e1ncer de mama, o por la demora en el sistema de salud, particularmente al dar el diagn\u00f3stico definitivo.<\/p>\n\n\n\n<p class=\"wp-block-paragraph\">SEM\/sj\u00a0\u00a0\u00a0\u00a0\u00a0\u00a0<\/p>\n","protected":false},"excerpt":{"rendered":"<p> Sara Canseco Brena elabora un video para decirle a otras mujeres que no est\u00e1n solas<\/p>\n","protected":false},"author":3,"featured_media":40708,"comment_status":"open","ping_status":"open","sticky":false,"template":"","format":"standard","meta":{"_monsterinsights_skip_tracking":false,"footnotes":""},"categories":[692,54],"tags":[149],"class_list":["post-40707","post","type-post","status-publish","format-standard","has-post-thumbnail","category-692","category-mujeres","tag-mujeres"],"_links":{"self":[{"href":"https:\/\/redsemlac.com\/semmexico\/wp-json\/wp\/v2\/posts\/40707","targetHints":{"allow":["GET"]}}],"collection":[{"href":"https:\/\/redsemlac.com\/semmexico\/wp-json\/wp\/v2\/posts"}],"about":[{"href":"https:\/\/redsemlac.com\/semmexico\/wp-json\/wp\/v2\/types\/post"}],"author":[{"embeddable":true,"href":"https:\/\/redsemlac.com\/semmexico\/wp-json\/wp\/v2\/users\/3"}],"replies":[{"embeddable":true,"href":"https:\/\/redsemlac.com\/semmexico\/wp-json\/wp\/v2\/comments?post=40707"}],"version-history":[{"count":0,"href":"https:\/\/redsemlac.com\/semmexico\/wp-json\/wp\/v2\/posts\/40707\/revisions"}],"wp:featuredmedia":[{"embeddable":true,"href":"https:\/\/redsemlac.com\/semmexico\/wp-json\/wp\/v2\/media\/40708"}],"wp:attachment":[{"href":"https:\/\/redsemlac.com\/semmexico\/wp-json\/wp\/v2\/media?parent=40707"}],"wp:term":[{"taxonomy":"category","embeddable":true,"href":"https:\/\/redsemlac.com\/semmexico\/wp-json\/wp\/v2\/categories?post=40707"},{"taxonomy":"post_tag","embeddable":true,"href":"https:\/\/redsemlac.com\/semmexico\/wp-json\/wp\/v2\/tags?post=40707"}],"curies":[{"name":"wp","href":"https:\/\/api.w.org\/{rel}","templated":true}]}}