{"id":40700,"date":"2021-10-07T13:56:33","date_gmt":"2021-10-07T19:56:33","guid":{"rendered":"https:\/\/redsemlac.com\/semmexico\/?p=40700"},"modified":"2023-07-21T17:07:18","modified_gmt":"2023-07-21T22:07:18","slug":"menores-de-edad-podran-elegir-su-identidad-de-genero-en-oaxaca","status":"publish","type":"post","link":"https:\/\/redsemlac.com\/semmexico\/menores-de-edad-podran-elegir-su-identidad-de-genero-en-oaxaca\/","title":{"rendered":"Menores de edad podr\u00e1n elegir su identidad de g\u00e9nero en Oaxaca"},"content":{"rendered":"\n<ul class=\"wp-block-list\"><li><strong>Iniciativa de la diputada morenista Magaly L\u00f3pez Dom\u00ednguez<\/strong><\/li><\/ul>\n\n\n\n<ul class=\"wp-block-list\"><li><strong>Dictaminada por la Comisi\u00f3n Permanente de Administraci\u00f3n y Procuraci\u00f3n de Justicia.<\/strong><strong><\/strong><\/li><\/ul>\n\n\n\n<p class=\"wp-block-paragraph\"><strong>Redacci\u00f3n<\/strong><\/p>\n\n\n\n<p class=\"wp-block-paragraph\">SemM\u00e9xico, San Raymundo Jalpan, Oaxaca, 7 de octubre, 2021.- El Congreso Local reform\u00f3 el C\u00f3digo Civil de Oaxaca para permitir que las personas mayores de 12 a\u00f1os, puedan modificar su g\u00e9nero y tener derecho a su identidad, en el acta de nacimiento.<\/p>\n\n\n\n<p class=\"wp-block-paragraph\">Mediante una reforma a los Art\u00edculos 137, 137 Bis y 137 Qu\u00e1ter, del C\u00f3digo Civil oaxaque\u00f1o, se establece que para hacer efectivo este derecho a la persona adolescente, los tutores del menor deben acudir a la Oficial\u00eda del Registro Civil, para manifestar su decisi\u00f3n respecto al g\u00e9nero con el que quiere ser identificado en su acta de nacimiento.<\/p>\n\n\n\n<p class=\"wp-block-paragraph\">Trat\u00e1ndose de personas menores de edad, el Registro Civil con el apoyo de la Procuradur\u00eda Estatal de Protecci\u00f3n de los Derechos de Ni\u00f1as, Ni\u00f1os y Adolescentes de Oaxaca, deber\u00e1n recabar el consentimiento informado, de la persona adolescente que exteriorice su deseo y conozca los alcances del tr\u00e1mite.&nbsp;<\/p>\n\n\n\n<p class=\"wp-block-paragraph\">Cuando por cualquier causa se niegue o sea imposible obtener el consentimiento del padre, la madre o la persona que tenga la custodia legal del menor de edad, el o la adolescente podr\u00e1 acudir ante la Procuradur\u00eda Estatal de Protecci\u00f3n de los Derechos de Ni\u00f1as, Ni\u00f1os y Adolescentes de Oaxaca.<\/p>\n\n\n\n<p class=\"wp-block-paragraph\">La Procuradur\u00eda prestar\u00e1 asistencia legal para garantizar el inter\u00e9s superior de la ni\u00f1ez, por la v\u00eda jurisdiccional correspondiente.<\/p>\n\n\n\n<p class=\"wp-block-paragraph\">La reforma al C\u00f3digo Civil fue presentada por la diputada, Magaly L\u00f3pez Dom\u00ednguez, integrante del Grupo Parlamentario de Morena, y dictaminada por la Comisi\u00f3n Permanente de Administraci\u00f3n y Procuraci\u00f3n de Justicia.<\/p>\n","protected":false},"excerpt":{"rendered":"<p>Iniciativa de la diputada morenista Magaly L\u00f3pez Dom\u00ednguez<\/p>\n","protected":false},"author":3,"featured_media":40701,"comment_status":"open","ping_status":"open","sticky":false,"template":"","format":"standard","meta":{"_monsterinsights_skip_tracking":false,"footnotes":""},"categories":[692,50],"tags":[146],"class_list":["post-40700","post","type-post","status-publish","format-standard","has-post-thumbnail","category-692","category-congreso","tag-oaxaca"],"_links":{"self":[{"href":"https:\/\/redsemlac.com\/semmexico\/wp-json\/wp\/v2\/posts\/40700","targetHints":{"allow":["GET"]}}],"collection":[{"href":"https:\/\/redsemlac.com\/semmexico\/wp-json\/wp\/v2\/posts"}],"about":[{"href":"https:\/\/redsemlac.com\/semmexico\/wp-json\/wp\/v2\/types\/post"}],"author":[{"embeddable":true,"href":"https:\/\/redsemlac.com\/semmexico\/wp-json\/wp\/v2\/users\/3"}],"replies":[{"embeddable":true,"href":"https:\/\/redsemlac.com\/semmexico\/wp-json\/wp\/v2\/comments?post=40700"}],"version-history":[{"count":0,"href":"https:\/\/redsemlac.com\/semmexico\/wp-json\/wp\/v2\/posts\/40700\/revisions"}],"wp:featuredmedia":[{"embeddable":true,"href":"https:\/\/redsemlac.com\/semmexico\/wp-json\/wp\/v2\/media\/40701"}],"wp:attachment":[{"href":"https:\/\/redsemlac.com\/semmexico\/wp-json\/wp\/v2\/media?parent=40700"}],"wp:term":[{"taxonomy":"category","embeddable":true,"href":"https:\/\/redsemlac.com\/semmexico\/wp-json\/wp\/v2\/categories?post=40700"},{"taxonomy":"post_tag","embeddable":true,"href":"https:\/\/redsemlac.com\/semmexico\/wp-json\/wp\/v2\/tags?post=40700"}],"curies":[{"name":"wp","href":"https:\/\/api.w.org\/{rel}","templated":true}]}}