{"id":40658,"date":"2021-10-06T11:15:35","date_gmt":"2021-10-06T17:15:35","guid":{"rendered":"https:\/\/redsemlac.com\/semmexico\/?p=40658"},"modified":"2023-07-21T17:07:20","modified_gmt":"2023-07-21T22:07:20","slug":"los-indicadores-de-la-violencia-machista-superan-los-niveles-previos-al-covid-19","status":"publish","type":"post","link":"https:\/\/redsemlac.com\/semmexico\/los-indicadores-de-la-violencia-machista-superan-los-niveles-previos-al-covid-19\/","title":{"rendered":"Los indicadores de la violencia machista superan los niveles previos al Covid-19"},"content":{"rendered":"\n<ul class=\"wp-block-list\"><li><strong>Un 20,4 por ciento m\u00e1s de v\u00edctimas y un 17,8 por ciento m\u00e1s de denuncias<\/strong><\/li><\/ul>\n\n\n\n<ul class=\"wp-block-list\"><li><strong>Indicadores del Observatorio contra la Violencia Dom\u00e9stica y de G\u00e9nero correspondientes al segundo trimestre de este a\u00f1o<\/strong><strong><\/strong><\/li><\/ul>\n\n\n\n<p class=\"wp-block-paragraph\"><strong>Redacci\u00f3n<\/strong><\/p>\n\n\n\n<p class=\"wp-block-paragraph\">SemM\u00e9xico\/AmecoPress, Madrid, 6 de octubre, 2021.-&nbsp;Los datos del Observatorio contra la Violencia Dom\u00e9stica y de G\u00e9nero correspondientes al segundo trimestre de este a\u00f1o reflejan un importante aumento de los principales indicadores de la violencia machista respecto al a\u00f1o anterior, afectado por la crisis sanitaria causada por la Covid-19. Las denuncias presentadas entre abril y junio de 2021 aumentaron un 17,8 por ciento y el n\u00famero de v\u00edctimas, un 20,4 por ciento con respecto al a\u00f1o anterior. Unas cifras que se sit\u00faan a unos niveles muy similares a los de 2019.<\/p>\n\n\n\n<p class=\"wp-block-paragraph\">Seg\u00fan el informe presentado por el Observatorio, se ha triplicado el n\u00famero de sentencias con respecto al a\u00f1o pasado. Los distintos \u00f3rganos judiciales (juzgados de violencia sobre la mujer, juzgados de lo penal y audiencias provinciales) dictaron 14.794 sentencias entre abril y junio de este a\u00f1o, un 177 por ciento m\u00e1s que en pleno confinamiento.<\/p>\n\n\n\n<p class=\"wp-block-paragraph\">Las cifras presentadas \u201cdemuestran que durante los meses m\u00e1s duros de la crisis sanitaria no hubo una disminuci\u00f3n real de la violencia machista, sino que \u00e9sta permaneci\u00f3 oculta\u201d ha afirmado la presidenta del Observatorio contra la Violencia Dom\u00e9stica y de G\u00e9nero, \u00c1ngeles Carmona. A causa del confinamiento, las victimas no pod\u00edan escapar del control de sus maltratadores y presentaban dificultades para denunciar la situaci\u00f3n ante el juzgado o en comisar\u00eda.<\/p>\n\n\n\n<p class=\"wp-block-paragraph\">Durante los meses m\u00e1s duros de la crisis sanitaria no hubo una disminuci\u00f3n real de la violencia machista<\/p>\n\n\n\n<p class=\"wp-block-paragraph\">Por ello, entre abril y junio de 2020 hubo un total de 34.580 denuncias, un 17,8 por ciento menos que este a\u00f1o, cuya cifra es de 40.721, seg\u00fan los registros de los juzgados de violencia sobre la mujer. Un n\u00famero que supera ligeramente a las 40.495 denuncias que fueron presentadas en el mismo periodo de 2019. Por otro lado, las denuncias presentadas directamente por las v\u00edctimas representan un 73,86 por ciento de todas las registradas.<\/p>\n\n\n\n<p class=\"wp-block-paragraph\">Esta tendencia sucede tambi\u00e9n en el n\u00famero de v\u00edctimas que ha sido de 40.168, un 20,4 por ciento m\u00e1s que el a\u00f1o pasado. Un n\u00famero bastante m\u00e1s alto que supera a las 38.723 v\u00edctimas registradas en el segundo trimestre de 2019. Por comunidades aut\u00f3nomas, la tasa m\u00e1s alta ha sido la de Islas Baleares con 25,7 v\u00edctimas por cada 10 mil mujeres. Tambi\u00e9n, por encima de la media nacional se sit\u00faa Comunidad Valenciana (21,8), Murcia (21,6), Canarias (20,7), Andaluc\u00eda (19,1) y Madrid (18,2).<\/p>\n\n\n\n<div class=\"wp-block-image\"><figure class=\"aligncenter size-full\"><a href=\"https:\/\/redsemlac.com\/semmexico\/wp-content\/uploads\/2021\/10\/violencia-2.png\"><img loading=\"lazy\" decoding=\"async\" width=\"686\" height=\"455\" src=\"https:\/\/redsemlac.com\/semmexico\/wp-content\/uploads\/2021\/10\/violencia-2.png\" alt=\"\" class=\"wp-image-40660\"\/><\/a><\/figure><\/div>\n\n\n\n<p class=\"wp-block-paragraph\"><a href=\"https:\/\/amecopress.net\/IMG\/png\/captura_de_pantalla_6_.png\"><\/a><\/p>\n\n\n\n<p class=\"wp-block-paragraph\">Asimismo, la actividad judicial ha crecido exponencialmente a causa del levantamiento del estado de alarma. Las v\u00edctimas solicitaron 11.098 \u00f3rdenes de protecci\u00f3n, un 9,6 por ciento m\u00e1s que en el mismo trimestre del a\u00f1o pasado. Adem\u00e1s, casi el 50 por ciento de los casos, la v\u00edctima manten\u00eda una relaci\u00f3n afectiva con el agresor en el momento de solicitar la orden de protecci\u00f3n.<\/p>\n\n\n\n<p class=\"wp-block-paragraph\">La actividad judicial ha crecido exponencialmente a causa del levantamiento del estado de alarma<\/p>\n\n\n\n<p class=\"wp-block-paragraph\">Derivadas de las \u00f3rdenes de protecci\u00f3n y de otras medidas cautelares, los juzgados han adoptado un total de 18.963 medidas civiles y penales de protecci\u00f3n de las v\u00edctimas, mujeres y menores. Las medidas penales m\u00e1s frecuentes han sido las \u00f3rdenes de alejamiento (5.945) y las prohibiciones de comunicaci\u00f3n (5.586) que han aumentado un 10,1 por ciento con respecto a las acordadas entre abril y junio de 2020.<\/p>\n\n\n\n<p class=\"wp-block-paragraph\">En cuanto a las sentencias dictadas por los \u00f3rganos judiciales, entre el 1 de abril y el 30 de junio de 2021 se dictaron 14.794 sentencias; de ellas, el 75,22 por ciento condenaron al maltratador. Adem\u00e1s, en el periodo analizado ha habido un aumento de asuntos penales en los juzgados de violencia sobre la mujer con un total de 54.953, un 23,3 por ciento m\u00e1s que el a\u00f1o pasado.<\/p>\n\n\n\n<p class=\"wp-block-paragraph\">Las medidas penales m\u00e1s frecuentes han sido las \u00f3rdenes de alejamiento y las prohibiciones de comunicaci\u00f3n<\/p>\n\n\n\n<p class=\"wp-block-paragraph\">Por otro lado, el miedo que presentan las victimas a denunciar contra sus agresores ha vuelto a los niveles anteriores a la pandemia. En el segundo trimestre, m\u00e1s de 4.200 mujeres se han acogido a la dispensa para no tener que declarar contra sus maltratadores. Un 33,89 por ciento m\u00e1s que hace un a\u00f1o en el que fueron 3.160 mujeres, aunque la ratio se haya mantenido en n\u00fameros muy similares. Por ello, Carmona ha apelado al entorno m\u00e1s cercano de las v\u00edctimas para que den el paso y denuncien cuando tengan conocimiento de situaciones de malos tratos. \u201cTodos los ciudadanos estamos obligados a denunciar hechos delictivos de los que tengamos conocimiento\u201d, recuerda la presidente del Observatorio.<\/p>\n\n\n\n<p class=\"wp-block-paragraph\">El 75,22 por ciento de las sentencias condenaron al maltratador<\/p>\n\n\n\n<p class=\"wp-block-paragraph\">Asimismo, \u00c1ngeles Carmona ha insistido en \u201cla necesidad de seguir trabajando en la mejora de las medidas de prevenci\u00f3n y de protecci\u00f3n tanto de las mujeres como de sus hijas e hijos\u201d, ya que las ni\u00f1as y los ni\u00f1os son \u201cel eslab\u00f3n m\u00e1s vulnerable de la violencia machista\u201d. Por \u00faltimo, la presidenta ha pedido a las v\u00edctimas y a la ciudadan\u00eda que conf\u00eden en la Justica por \u201cel elevado porcentaje de sentencias condenatorias dictadas por los \u00f3rganos judiciales en el \u00e1mbito de la violencia machista, un 75,22 por ciento en el segundo trimestre del a\u00f1o\u201d.<\/p>\n","protected":false},"excerpt":{"rendered":"<p>Indicadores del Observatorio contra la Violencia Dom\u00e9stica y de G\u00e9nero correspondientes al segundo trimestre de este a\u00f1o<\/p>\n","protected":false},"author":3,"featured_media":40661,"comment_status":"open","ping_status":"open","sticky":false,"template":"","format":"standard","meta":{"_monsterinsights_skip_tracking":false,"footnotes":""},"categories":[692,54],"tags":[149,142],"class_list":["post-40658","post","type-post","status-publish","format-standard","has-post-thumbnail","category-692","category-mujeres","tag-mujeres","tag-violencia"],"_links":{"self":[{"href":"https:\/\/redsemlac.com\/semmexico\/wp-json\/wp\/v2\/posts\/40658","targetHints":{"allow":["GET"]}}],"collection":[{"href":"https:\/\/redsemlac.com\/semmexico\/wp-json\/wp\/v2\/posts"}],"about":[{"href":"https:\/\/redsemlac.com\/semmexico\/wp-json\/wp\/v2\/types\/post"}],"author":[{"embeddable":true,"href":"https:\/\/redsemlac.com\/semmexico\/wp-json\/wp\/v2\/users\/3"}],"replies":[{"embeddable":true,"href":"https:\/\/redsemlac.com\/semmexico\/wp-json\/wp\/v2\/comments?post=40658"}],"version-history":[{"count":0,"href":"https:\/\/redsemlac.com\/semmexico\/wp-json\/wp\/v2\/posts\/40658\/revisions"}],"wp:featuredmedia":[{"embeddable":true,"href":"https:\/\/redsemlac.com\/semmexico\/wp-json\/wp\/v2\/media\/40661"}],"wp:attachment":[{"href":"https:\/\/redsemlac.com\/semmexico\/wp-json\/wp\/v2\/media?parent=40658"}],"wp:term":[{"taxonomy":"category","embeddable":true,"href":"https:\/\/redsemlac.com\/semmexico\/wp-json\/wp\/v2\/categories?post=40658"},{"taxonomy":"post_tag","embeddable":true,"href":"https:\/\/redsemlac.com\/semmexico\/wp-json\/wp\/v2\/tags?post=40658"}],"curies":[{"name":"wp","href":"https:\/\/api.w.org\/{rel}","templated":true}]}}