{"id":40645,"date":"2021-10-05T19:16:20","date_gmt":"2021-10-06T01:16:20","guid":{"rendered":"https:\/\/redsemlac.com\/semmexico\/?p=40645"},"modified":"2023-07-21T17:07:20","modified_gmt":"2023-07-21T22:07:20","slug":"premio-estatal-de-la-juventud-a-joven-por-divulgacion-cientifica-entre-ninas-y-ninos","status":"publish","type":"post","link":"https:\/\/redsemlac.com\/semmexico\/premio-estatal-de-la-juventud-a-joven-por-divulgacion-cientifica-entre-ninas-y-ninos\/","title":{"rendered":"Premio Estatal de la Juventud a joven por divulgaci\u00f3n cient\u00edfica entre ni\u00f1as y ni\u00f1os"},"content":{"rendered":"\n<ul class=\"wp-block-list\"><li><strong>Busca desarrollar liderazgo, sentido humano y responsabilidad para crear una sociedad m\u00e1s consciente<\/strong><\/li><\/ul>\n\n\n\n<ul class=\"wp-block-list\"><li><strong>Jazm\u00edn Gonz\u00e1lez Ruiz recibi\u00f3 el Premio en la categor\u00eda de M\u00e9rito Acad\u00e9mico<\/strong><\/li><\/ul>\n\n\n\n<p class=\"wp-block-paragraph\"><strong>Patricia Brise\u00f1o<\/strong><\/p>\n\n\n\n<p class=\"wp-block-paragraph\">SemM\u00e9xico, Oaxaca, 5 de octubre, 2021.-&nbsp; A trav\u00e9s del Semillero Cient\u00edfico Femenino, Jazm\u00edn Gonz\u00e1lez Ruiz, de 20 a\u00f1os de edad, originaria de Salina Cruz, estudiante de la licenciatura en Medicina de la Universidad Aut\u00f3noma \u201cBenito Ju\u00e1rez\u201d de Oaxaca (UABJO) involucra a ni\u00f1as y adolescentes en ciencia, tecnolog\u00eda, ingenier\u00eda y matem\u00e1ticas.<\/p>\n\n\n\n<p class=\"wp-block-paragraph\">Esta iniciativa de la cual es fundadora junto con otras dos universitarias Linda Paola Garc\u00eda (Puebla) y F\u00e1tima Osorio (Guadalajara) surgi\u00f3 con la pandemia, por lo que todas las actividades se han realizado en la modalidad en l\u00ednea.<\/p>\n\n\n\n<p class=\"wp-block-paragraph\">Explic\u00f3 que los talleres del Semillero buscan desarrollar en las chicas liderazgo, sentido humano y responsabilidad para crear una sociedad m\u00e1s consciente. \u201cAdem\u00e1s de motivar en ellas el inter\u00e9s por la divulgaci\u00f3n cient\u00edfica, romper mitos de qu\u00e9 la ciencia es inalcanzable, independientemente si en un futuro se dedican a esta carrera\u201d, dijo.<\/p>\n\n\n\n<figure class=\"wp-block-image size-full\"><a href=\"https:\/\/redsemlac.com\/semmexico\/wp-content\/uploads\/2021\/10\/WhatsApp-Image-2021-10-04-at-7.20.22-PM-1.jpeg\"><img loading=\"lazy\" decoding=\"async\" width=\"1024\" height=\"768\" src=\"https:\/\/redsemlac.com\/semmexico\/wp-content\/uploads\/2021\/10\/WhatsApp-Image-2021-10-04-at-7.20.22-PM-1.jpeg\" alt=\"\" class=\"wp-image-40646\"\/><\/a><\/figure>\n\n\n\n<p class=\"wp-block-paragraph\">El primer taller se imparti\u00f3 en noviembre del a\u00f1o pasado, se conectaron ni\u00f1as de secundaria y bachillerato, de 25 estados de M\u00e9xico, y cinco pa\u00edses, \u201clo cual nos motiv\u00f3 mucho, pues al inicio ten\u00edamos miedo de que nuestro proyecto fuera rechazado\u201d, refiri\u00f3 la estudiante de la UABJO.<\/p>\n\n\n\n<p class=\"wp-block-paragraph\">&nbsp;A la fecha, suman cuatro talleres con gran aceptaci\u00f3n entre las chicas debido a las conferencias, foros e intercambio de experiencias relacionadas con temas de divulgaci\u00f3n de la ciencia y su aplicaci\u00f3n en \u201cla vida real\u201d.<\/p>\n\n\n\n<p class=\"wp-block-paragraph\">En reconocimiento a su dedicaci\u00f3n, trabajo, estudio y compromiso con las mujeres j\u00f3venes de Oaxaca, y del pa\u00eds, Jazm\u00edn Gonz\u00e1lez Ruiz recibi\u00f3 el Premio Estatal de la Juventud en la categor\u00eda de M\u00e9rito Acad\u00e9mico, entregado por el gobernador, Alejandro Murat Hinojosa.<\/p>\n\n\n\n<p class=\"wp-block-paragraph\">&nbsp;De igual manera recibi\u00f3 la medalla \u201cLuis Donaldo Colosio Murrieta\u201d, m\u00e1ximo reconocimiento que otorga el Poder Ejecutivo como un est\u00edmulo a su dedicaci\u00f3n, trabajo, estudio y compromiso con la divulgaci\u00f3n de la ciencia, humanidad y artes.<\/p>\n\n\n\n<p class=\"wp-block-paragraph\">La universitaria subray\u00f3 que el proyecto del Semillero surgi\u00f3 en 2020 cuando fue invitada a formar parte del programa de Mujeres L\u00edderes en \u00e1reas de ciencia, tecnolog\u00eda, ingenier\u00eda y matem\u00e1ticas (STEM por sus siglas en ingl\u00e9s) para Am\u00e9rica Latina.<\/p>\n\n\n\n<p class=\"wp-block-paragraph\">El programa auspiciado por una fundaci\u00f3n binacional entre M\u00e9xico y Estados Unidos, vi\u00f3 en Jazm\u00edn potencial, pues pr\u00e1cticamente \u00abse quiere comer el mundo\u00bb y al salir del bachillerato la convoc\u00f3; una oportunidad que la joven aprovech\u00f3 para presentar un cap\u00edtulo tem\u00e1tico, antecedente del Semillero Cient\u00edfico, \u201cactualmente, dijo, contamos con ese respaldo, lo que le da un plus a nuestro proyecto, mismo que en su cuarta edici\u00f3n tuvo presencia en ocho pa\u00edses\u201d.<\/p>\n\n\n\n<h2 class=\"wp-block-heading\">AMOR POR LA CIENCIA<\/h2>\n\n\n\n<p class=\"wp-block-paragraph\">Comparti\u00f3 que su amor por la ciencia naci\u00f3 en el bachillerato, con la idea de abrir caminos y oportunidades para explorar nuevos saberes y aprendizajes.<\/p>\n\n\n\n<p class=\"wp-block-paragraph\">Fue en 2019 cuando result\u00f3 seleccionada para participar en talleres de ciencia en la Universidad Nacional Aut\u00f3noma de M\u00e9xico (UNAM), la Universidad de Baja California, el Instituto Polit\u00e9cnico Nacional (IPN), y en el Campamento de Empoderamiento Cient\u00edfico del Instituto Nacional de Astrof\u00edsica \u00d3ptica y Electr\u00f3nica, conoci\u00f3 a otras personas con el mismo inter\u00e9s y con quienes fund\u00f3 el proyecto Omnisciencia con representaci\u00f3n de j\u00f3venes en todo el pa\u00eds.<\/p>\n\n\n\n<p class=\"wp-block-paragraph\">SEM\/pb\/sj<\/p>\n","protected":false},"excerpt":{"rendered":"<p>Jazm\u00edn Gonz\u00e1lez Ruiz recibi\u00f3 el Premio en la categor\u00eda de M\u00e9rito Acad\u00e9mico<\/p>\n","protected":false},"author":3,"featured_media":40647,"comment_status":"open","ping_status":"open","sticky":false,"template":"","format":"standard","meta":{"_monsterinsights_skip_tracking":false,"footnotes":""},"categories":[692,54],"tags":[146],"class_list":["post-40645","post","type-post","status-publish","format-standard","has-post-thumbnail","category-692","category-mujeres","tag-oaxaca"],"_links":{"self":[{"href":"https:\/\/redsemlac.com\/semmexico\/wp-json\/wp\/v2\/posts\/40645","targetHints":{"allow":["GET"]}}],"collection":[{"href":"https:\/\/redsemlac.com\/semmexico\/wp-json\/wp\/v2\/posts"}],"about":[{"href":"https:\/\/redsemlac.com\/semmexico\/wp-json\/wp\/v2\/types\/post"}],"author":[{"embeddable":true,"href":"https:\/\/redsemlac.com\/semmexico\/wp-json\/wp\/v2\/users\/3"}],"replies":[{"embeddable":true,"href":"https:\/\/redsemlac.com\/semmexico\/wp-json\/wp\/v2\/comments?post=40645"}],"version-history":[{"count":0,"href":"https:\/\/redsemlac.com\/semmexico\/wp-json\/wp\/v2\/posts\/40645\/revisions"}],"wp:featuredmedia":[{"embeddable":true,"href":"https:\/\/redsemlac.com\/semmexico\/wp-json\/wp\/v2\/media\/40647"}],"wp:attachment":[{"href":"https:\/\/redsemlac.com\/semmexico\/wp-json\/wp\/v2\/media?parent=40645"}],"wp:term":[{"taxonomy":"category","embeddable":true,"href":"https:\/\/redsemlac.com\/semmexico\/wp-json\/wp\/v2\/categories?post=40645"},{"taxonomy":"post_tag","embeddable":true,"href":"https:\/\/redsemlac.com\/semmexico\/wp-json\/wp\/v2\/tags?post=40645"}],"curies":[{"name":"wp","href":"https:\/\/api.w.org\/{rel}","templated":true}]}}