{"id":40642,"date":"2021-10-05T19:07:10","date_gmt":"2021-10-06T01:07:10","guid":{"rendered":"https:\/\/redsemlac.com\/semmexico\/?p=40642"},"modified":"2023-07-21T17:07:20","modified_gmt":"2023-07-21T22:07:20","slug":"a-comisiones-iniciativa-para-no-criminalizar-el-aborto-en-quintana-roo","status":"publish","type":"post","link":"https:\/\/redsemlac.com\/semmexico\/a-comisiones-iniciativa-para-no-criminalizar-el-aborto-en-quintana-roo\/","title":{"rendered":"A comisiones iniciativa para no criminalizar el aborto en Quintana Roo"},"content":{"rendered":"\n<ul class=\"wp-block-list\"><li><strong> Busca cumplir con la resoluci\u00f3n 148\/2017 de la Corte<\/strong><\/li><\/ul>\n\n\n\n<ul class=\"wp-block-list\"><li><strong>Reconoce la capacidad de decisi\u00f3n de las mujeres y personas gestantes<\/strong><\/li><\/ul>\n\n\n\n<p class=\"wp-block-paragraph\"><strong>Lorena Vaniezcot<\/strong><\/p>\n\n\n\n<p class=\"wp-block-paragraph\">SemM\u00e9xico, Cd. de M\u00e9xico, 5 de octubre, 2021.- En solo nueve minutos, el Congreso de Quintana Roo env\u00edo a la Comisi\u00f3n de Justicia, Derechos Humanos, y de Salud y de Asistencia Social, para su estudio, an\u00e1lisis y dictamen la iniciativa de decreto que busca reformar, derogar y adicionar diversas disposiciones del C\u00f3digo Penal de esa entidad, en materia de interrupci\u00f3n del embarazo.<\/p>\n\n\n\n<p class=\"wp-block-paragraph\">La iniciativa presentada por las diputadas Tyara Schleske de Ari\u00f1o, presidenta de la Comisi\u00f3n de Medio Ambiente y Cambio Clim\u00e1tico, y por Ana Ellam\u00edn Pamplona Ram\u00edrez, presidenta de la Comisi\u00f3n de Cultura est\u00e1 basada en el fallo emitido por la Suprema Corte de Justicia de la Naci\u00f3n de acci\u00f3n de inconstitucionalidad 148\/2017 del pasado 7 de septiembre.<\/p>\n\n\n\n<p class=\"wp-block-paragraph\">Por lo que las entidades federativas que criminalizan el aborto de manera absoluto deben legislar para cumplir con la resoluci\u00f3n de la Corte mexicana, se\u00f1ala la propuesta que sostiene tres objetivos generales:<\/p>\n\n\n\n<p class=\"wp-block-paragraph\">1. Reconocimiento de las mujeres y las personas con capacidad de gestar como titulares del derecho a decidir la continuaci\u00f3n o interrupci\u00f3n del embarazo; 2. La garant\u00eda de que las mujeres o personas gestantes que as\u00ed lo decidan puedan interrumpir su embarazo en instituciones de salud p\u00fablicas de forma accesible, gratuita, confidencial, segura, expedita y no discriminatoria, y 3. La educaci\u00f3n sexual como pilar de la pol\u00edtica p\u00fablica estatal en materia de salud reproductiva.<\/p>\n\n\n\n<p class=\"wp-block-paragraph\">La iniciativa, dijo la presidenta de la mesa directiva de la XVI Legislatura de Quintana Roo, Euterpe Alicia Guti\u00e9rrez Valasis, fue enviada a comisiones.<\/p>\n\n\n\n<p class=\"wp-block-paragraph\">En su turno, la diputada Tyara Schleske, dijo en tribuna, que esta era una nueva oportunidad para que el congreso de Quintana Roo hiciera historia, en consideraci\u00f3n que al menos cinco iniciativas hab\u00edan sido presentadas anteriormente para despenalizar el aborto.<\/p>\n\n\n\n<p class=\"wp-block-paragraph\">Schleske de Ari\u00f1o dijo estar convencida de que \u201cpara regular tenemos que legalizar\u201d y llam\u00f3 a las y los integrantes de la XVI Legislatura a no caminar con los ojos cerrados \u201csin querer ver lo que hoy es una realidad, miles de abortos clandestinos que ponen en riesgo la vida de miles de mujeres\u201d.<\/p>\n\n\n\n<p class=\"wp-block-paragraph\">En redes sociales, la Red Feminista Quintanarroense respaldaron la iniciativa presentada por las diputadas Schleske de Ari\u00f1o y Pamplona Ram\u00edrez, y consideraron que al haber sido turnada a comisiones \u201ces un paso hacia el logro de los objetivos de la Marea Verde en Quintana Roo\u201d.<\/p>\n\n\n\n<p class=\"wp-block-paragraph\">\u201cEsperamos que las y los dem\u00e1s integrantes de la XVI Legislatura de la Paridad, act\u00faen en el marco de los derechos humanos y en observancia del Control Convencional a fin de dejar de contar con un marco normativo incongruente con la Constituci\u00f3n Pol\u00edtica Federal, tal como lo ha argumentado ampliamente la Suprema Corte de Justicia de la Naci\u00f3n\u201d.<\/p>\n\n\n\n<p class=\"wp-block-paragraph\">SEM\/lv\/sj<\/p>\n","protected":false},"excerpt":{"rendered":"<p>Reconoce la capacidad de decisi\u00f3n de las mujeres y personas gestantes<\/p>\n","protected":false},"author":3,"featured_media":40643,"comment_status":"open","ping_status":"open","sticky":false,"template":"","format":"standard","meta":{"_monsterinsights_skip_tracking":false,"footnotes":""},"categories":[692,50],"tags":[],"class_list":["post-40642","post","type-post","status-publish","format-standard","has-post-thumbnail","category-692","category-congreso"],"_links":{"self":[{"href":"https:\/\/redsemlac.com\/semmexico\/wp-json\/wp\/v2\/posts\/40642","targetHints":{"allow":["GET"]}}],"collection":[{"href":"https:\/\/redsemlac.com\/semmexico\/wp-json\/wp\/v2\/posts"}],"about":[{"href":"https:\/\/redsemlac.com\/semmexico\/wp-json\/wp\/v2\/types\/post"}],"author":[{"embeddable":true,"href":"https:\/\/redsemlac.com\/semmexico\/wp-json\/wp\/v2\/users\/3"}],"replies":[{"embeddable":true,"href":"https:\/\/redsemlac.com\/semmexico\/wp-json\/wp\/v2\/comments?post=40642"}],"version-history":[{"count":0,"href":"https:\/\/redsemlac.com\/semmexico\/wp-json\/wp\/v2\/posts\/40642\/revisions"}],"wp:featuredmedia":[{"embeddable":true,"href":"https:\/\/redsemlac.com\/semmexico\/wp-json\/wp\/v2\/media\/40643"}],"wp:attachment":[{"href":"https:\/\/redsemlac.com\/semmexico\/wp-json\/wp\/v2\/media?parent=40642"}],"wp:term":[{"taxonomy":"category","embeddable":true,"href":"https:\/\/redsemlac.com\/semmexico\/wp-json\/wp\/v2\/categories?post=40642"},{"taxonomy":"post_tag","embeddable":true,"href":"https:\/\/redsemlac.com\/semmexico\/wp-json\/wp\/v2\/tags?post=40642"}],"curies":[{"name":"wp","href":"https:\/\/api.w.org\/{rel}","templated":true}]}}