{"id":40639,"date":"2021-10-05T16:20:38","date_gmt":"2021-10-05T22:20:38","guid":{"rendered":"https:\/\/redsemlac.com\/semmexico\/?p=40639"},"modified":"2023-07-21T17:07:20","modified_gmt":"2023-07-21T22:07:20","slug":"designa-congreso-de-guerrero-consejo-municipal-de-iliatenco","status":"publish","type":"post","link":"https:\/\/redsemlac.com\/semmexico\/designa-congreso-de-guerrero-consejo-municipal-de-iliatenco\/","title":{"rendered":"Designa Congreso de Guerrero, Consejo Municipal de Iliatenco"},"content":{"rendered":"\n<p class=\"wp-block-paragraph\"><strong>* La elecci\u00f3n fue anulada por el TEPJF por violencia pol\u00edtica en raz\u00f3n de g\u00e9nero<\/strong><\/p>\n\n\n\n<p class=\"wp-block-paragraph\"><strong>* Red para el Avance Pol\u00edtico de la Guerrerenses ven riesgo para la ex mun\u00edcipe y candidata&nbsp;<\/strong><\/p>\n\n\n\n<p class=\"wp-block-paragraph\"><strong>Soledad Jarqu\u00edn Edgar<\/strong><\/p>\n\n\n\n<p class=\"wp-block-paragraph\">SemM\u00e9xico, Ciudad de M\u00e9xico., 5 de octubre, 2021.- El Congreso local de Guerrero nombr\u00f3 hoy a las personas que integran el Consejo Municipal Provisional de Iliatenco, que encabezar\u00e1 Policarpo Ram\u00edrez Ramos, integrante del Partido del Trabajo, lo que en opini\u00f3n de la Red para el Avance Pol\u00edtico de las Mujeres Guerrerenses pone en riesgo a la ex candidata de Movimiento Ciudadano, Ruperta Nicol\u00e1s Hilario.<\/p>\n\n\n\n<p class=\"wp-block-paragraph\">Integrantes de la LIII Legislatura local de esa entidad presentaron el decreto de quienes conforman el Consejo Municipal Provisional de esa demarcaci\u00f3n perteneciente a la regi\u00f3n de La Monta\u00f1a que encabeza el partido del Trabajo, as\u00ed como dos regidur\u00edas, en tanto la sindicatura y dos regidur\u00edas fueron otorgadas a Movimiento Ciudadano.<\/p>\n\n\n\n<p class=\"wp-block-paragraph\">El 28 de septiembre, por primera vez el Tribunal Electoral del Poder Judicial de la Federaci\u00f3n anul\u00f3 una elecci\u00f3n por violencia pol\u00edtica en raz\u00f3n de g\u00e9nero en contra de la candidata de Movimiento Ciudadano, Ruperta Nicol\u00e1s Hilario, quien buscaba ser reelecta como presidenta municipal.<\/p>\n\n\n\n<p class=\"wp-block-paragraph\">Durante la campa\u00f1a pol\u00edtica opositores a la candidata de Movimiento Ciudadano colocaron pintas con mensajes mis\u00f3ginos como \u201cNinguna mujer al poder\u201d, \u201cNinguna Vieja m\u00e1s en el Poder\u201d, \u201cFuera Ruperta\u201d y \u201cLas mujeres no saben gobernar\u201d, por lo que el pasado 30 de septiembre, el Tribunal Electoral determin\u00f3 anular la elecci\u00f3n.<\/p>\n\n\n\n<p class=\"wp-block-paragraph\">Muriel Salinas, coordinadora estatal de la Red para el Avance Pol\u00edtico de las Mujeres Guerrerenses, apunt\u00f3 que el nombramiento de un militante del PT al frente del Consejo Municipal provisional aumenta el riesgo para Ruberta Nicol\u00e1s Hilario, quien seguramente buscar\u00e1 ser reelecta en el proceso electoral extraordinario, como ya sucedi\u00f3 en el pasado proceso electoral.<\/p>\n\n\n\n<p class=\"wp-block-paragraph\">Nos preocupa que el partido pol\u00edtico opositor mantenga el control de la seguridad y los recursos p\u00fablicos municipales, por lo que dijo el Congreso local no s\u00f3lo se dilat\u00f3 en realizar el nombramiento del Consejo Municipal, sino que da un mensaje pues beneficia al partido pol\u00edtico que se opuso a la reelecci\u00f3n de la candidata que sufri\u00f3 violencia pol\u00edtica en raz\u00f3n de g\u00e9nero.<\/p>\n\n\n\n<p class=\"wp-block-paragraph\">La defensora y feminista dijo que continuar\u00e1n atentas al desarrollo del proceso electoral extraordinario para que la ex presidenta municipal Ruberta Nicol\u00e1s Hilario no vuelva a ser violentada.<\/p>\n\n\n\n<p class=\"wp-block-paragraph\">El Consejo Municipal Provisional, nombrado hoy por el Congreso local, fungir\u00e1 como autoridad legal hasta que sea electo el nuevo cabildo en comicios extraordinarios, que deber\u00e1n ser realizadas en los pr\u00f3ximos 60 d\u00edas, las personas electas podr\u00e1n tomar protesta del cargo el 15 de enero pr\u00f3ximo.<\/p>\n\n\n\n<p class=\"wp-block-paragraph\">SEM\/sj<\/p>\n","protected":false},"excerpt":{"rendered":"<p>La elecci\u00f3n fue anulada por el TEPJF por violencia pol\u00edtica en raz\u00f3n de g\u00e9nero<\/p>\n","protected":false},"author":3,"featured_media":40640,"comment_status":"open","ping_status":"open","sticky":false,"template":"","format":"standard","meta":{"_monsterinsights_skip_tracking":false,"footnotes":""},"categories":[692,50],"tags":[228,144],"class_list":["post-40639","post","type-post","status-publish","format-standard","has-post-thumbnail","category-692","category-congreso","tag-elecciones","tag-guerrero"],"_links":{"self":[{"href":"https:\/\/redsemlac.com\/semmexico\/wp-json\/wp\/v2\/posts\/40639","targetHints":{"allow":["GET"]}}],"collection":[{"href":"https:\/\/redsemlac.com\/semmexico\/wp-json\/wp\/v2\/posts"}],"about":[{"href":"https:\/\/redsemlac.com\/semmexico\/wp-json\/wp\/v2\/types\/post"}],"author":[{"embeddable":true,"href":"https:\/\/redsemlac.com\/semmexico\/wp-json\/wp\/v2\/users\/3"}],"replies":[{"embeddable":true,"href":"https:\/\/redsemlac.com\/semmexico\/wp-json\/wp\/v2\/comments?post=40639"}],"version-history":[{"count":0,"href":"https:\/\/redsemlac.com\/semmexico\/wp-json\/wp\/v2\/posts\/40639\/revisions"}],"wp:featuredmedia":[{"embeddable":true,"href":"https:\/\/redsemlac.com\/semmexico\/wp-json\/wp\/v2\/media\/40640"}],"wp:attachment":[{"href":"https:\/\/redsemlac.com\/semmexico\/wp-json\/wp\/v2\/media?parent=40639"}],"wp:term":[{"taxonomy":"category","embeddable":true,"href":"https:\/\/redsemlac.com\/semmexico\/wp-json\/wp\/v2\/categories?post=40639"},{"taxonomy":"post_tag","embeddable":true,"href":"https:\/\/redsemlac.com\/semmexico\/wp-json\/wp\/v2\/tags?post=40639"}],"curies":[{"name":"wp","href":"https:\/\/api.w.org\/{rel}","templated":true}]}}