{"id":40630,"date":"2021-10-05T14:28:00","date_gmt":"2021-10-05T20:28:00","guid":{"rendered":"https:\/\/redsemlac.com\/semmexico\/?p=40630"},"modified":"2023-07-21T17:07:21","modified_gmt":"2023-07-21T22:07:21","slug":"lamentan-fallecimiento-de-marta-rojas-destacada-periodista-e-intelectual-cubana","status":"publish","type":"post","link":"https:\/\/redsemlac.com\/semmexico\/lamentan-fallecimiento-de-marta-rojas-destacada-periodista-e-intelectual-cubana\/","title":{"rendered":"Lamentan fallecimiento de Marta Rojas, destacada periodista e intelectual cubana"},"content":{"rendered":"\n<p class=\"wp-block-paragraph\"><strong>* Se convirti\u00f3 en la cronista de la revoluci\u00f3n de su pa\u00eds desde 1953<\/strong><\/p>\n\n\n\n<p class=\"wp-block-paragraph\"><strong>* Revolucionaria de su tiempo y entre las mejores plumas del continente: Stella Calloni<\/strong><\/p>\n\n\n\n<p class=\"wp-block-paragraph\"><strong>Redacci\u00f3n<\/strong><\/p>\n\n\n\n<p class=\"wp-block-paragraph\">SemM\u00e9xico, Cd. de M\u00e9xico, 5 de octubre, 2021.- El fallecimiento de Marta Rojas, intelectual y periodista cubana, ha conmovido a la poblaci\u00f3n cubana y m\u00e1s all\u00e1 de la isla caribe\u00f1a.<\/p>\n\n\n\n<p class=\"wp-block-paragraph\">Reconocida por tu trabajo, Marta Rojas muri\u00f3 el pasado domingo. Fue testigo de los asaltos a los cuarteles Moncada y Carlos Manuel de C\u00e9spedes, encabezados por Fidel Castro el 26 de julio de 1953, hecho que plasm\u00f3 en Bohemia y se convirti\u00f3 en una cronista de aquellos d\u00edas, incluyendo el juicio a los sobrevivientes de aquel intento fallido para derrocar al dictador Fulgencio Batista (1952-1959), se\u00f1ala la agencia Prensa-Latina.cu<\/p>\n\n\n\n<p class=\"wp-block-paragraph\">Su trabajo como periodista qued\u00f3 plasmado, adem\u00e1s de Bohemia, en los diarios Revoluci\u00f3n y Granma desde su creaci\u00f3n en 1965. No s\u00f3lo acompa\u00f1o a Castro en sus giras sino fue la primera corresponsal de guerra cubana, al cubrir los hechos violentos de Vietnam.<\/p>\n\n\n\n<p class=\"wp-block-paragraph\">Marta Rojas naci\u00f3 en Santiago de Cuba en 1928 y muri\u00f3 el pasado domingo 3 de octubre a los 93 a\u00f1os de edad.<\/p>\n\n\n\n<p class=\"wp-block-paragraph\">De acuerdo con Prensa-Latina.cu desde el primer momento que se supo de su fallecimiento se han hecho diversas manifestaciones de dolor por la p\u00e9rdida de esta emblem\u00e1tica periodista e intelectual cubana.<\/p>\n\n\n\n<p class=\"wp-block-paragraph\">&#8216;Su vida est\u00e1 marcada por el compromiso y constituye un ejemplo para las actuales y nuevas generaciones de periodistas, siempre comprometida con la verdad y con el destino de su pueblo&#8217;, destac\u00f3 Juan Carlos Cama\u00f1o, presidente de la FELAP.<\/p>\n\n\n\n<p class=\"wp-block-paragraph\">Junto al secretario general de la Felap, Nelson del Castillo, ambos dirigentes resaltaron que la periodista y escritora cubana mantuvo un v\u00ednculo estrecho con la entidad continental desde su fundaci\u00f3n.<br><br>&#8216;Los diversos reconocimientos acumulados por Marta Rojas a lo largo de su fruct\u00edfera vida, evidencian su grandeza como periodista y revolucionaria, por lo que es ejemplo a seguir por la juventud cubana y continental&#8217;, afirm\u00f3 Del Castillo.<br><br><\/p>\n\n\n\n<p class=\"wp-block-paragraph\">Desde Buenos Aires, Argentina, la intelectual argentina Stella Calloni expres\u00f3 hoy su dolor por la p\u00e9rdida de la periodista cubana Marta Rojas, a quien catalog\u00f3 de revolucionaria de su tiempo y entre las mejores plumas del continente.<\/p>\n\n\n\n<p class=\"wp-block-paragraph\"><br>La intelectual record\u00f3 que la periodista cubana fue la primera corresponsal de guerra en toda Am\u00e9rica Latina durante la invasi\u00f3n de Estados Unidos a Vietnam, destac\u00f3 sus huellas en las cr\u00f3nicas que leg\u00f3 sobre naciones como Cambodia y en el proceso revolucionario cubano.<br><br>Asimismo, evoc\u00f3 aquellas cr\u00f3nicas plasmadas en la revista Bohemia cuando en la ciudad de Santiago de Cuba fue sorprendida, el 26 de julio de 1953, por el asalto al cuartel Moncada, liderado por Fidel Castro, y las detalladas notas que tom\u00f3 cuando pudo presenciar el alegato del l\u00edder hist\u00f3rico en su autodefensa, conocido como La Historia me absolver\u00e1.<br><br>Rojas deja un largo caudal period\u00edstico que debe figurar entre los mejores de la regi\u00f3n y el mundo, expres\u00f3 la autora de Operaci\u00f3n C\u00f3ndor, quien realiz\u00f3 para una edici\u00f3n argentina el pr\u00f3logo del libro de la autora cubana Las campanas de Juana la loca, que calific\u00f3 como una pieza maestra y original, se\u00f1ala en otro nota period\u00edstica Prensa Latina.<\/p>\n\n\n\n<p class=\"wp-block-paragraph\">La agencia de noticias, tambi\u00e9n inform\u00f3 que oeri\u00f3dicos, canales de televisi\u00f3n, estaciones de radio y redes sociales en Vietnam recordaron hoy el amor que profes\u00f3 a este pa\u00eds la reci\u00e9n fallecida periodista e intelectual cubana Marta Rojas.<\/p>\n\n\n\n<p class=\"wp-block-paragraph\">La agencia de noticias vietnamita VNA destac\u00f3 que Rojas, primera corresponsal de guerra latinoamericano durante los combates contra el invasor estadounidense, fue durante 10 a\u00f1os testigo de los bombardeos en el norte y la lucha guerrillera en el sur. Tambi\u00e9n, la \u00faltima periodista extranjera en entrevistar al presidente Ho Chi Minh.<br><br>Ese y otros medios resaltaron que a su regreso a la isla, esta &#8216;cercana amiga&#8217; particip\u00f3 activamente en las campa\u00f1as de apoyo y solidaridad con Vietnam y hasta reci\u00e9n, con 90 a\u00f1os, escrib\u00eda sobre la naci\u00f3n indochina y se manten\u00eda como vicepresidenta de la Asociaci\u00f3n de Amistad Cuba-Vietnam.<br>Entre otros libros public\u00f3 uno sobre aquel hecho de la historia de Cuba, que reinici\u00f3 las luchas por la independencia nacional.<\/p>\n\n\n\n<h2 class=\"wp-block-heading\">D\u00edaz-Canel<\/h2>\n\n\n\n<p class=\"wp-block-paragraph\">El presidente de Cuba, Miguel D\u00edaz-Canel, lament\u00f3 desde que se supo la noticia el fallecimiento de la periodista y escritora Marta Rojas.<\/p>\n\n\n\n<p class=\"wp-block-paragraph\">En su cuenta en Twitter, el mandatario escribi\u00f3: Se ha ido Marta Rojas, mujer de Letras y #Revoluci\u00f3n, testigo y narradora excepcional, desde &#8216;El juicio del Moncada&#8217;. Hero\u00edna del Trabajo, fue periodista y escritora hasta el \u00faltimo aliento. Su obra trascendental es memoria de la naci\u00f3n.<br><br><br><\/p>\n\n\n\n<p class=\"wp-block-paragraph\">A su vez, la Asamblea Nacional del Poder Popular (parlamento) que en su cuenta en Twitter se\u00f1al\u00f3 que la obra y vida de la destacada intelectual estar\u00e1n siempre vinculadas a la Revoluci\u00f3n cubana.<br><br>Tambien en Twitter se pronunci\u00f3 el presidente de la Uni\u00f3n de Escritores y Artista de Cuba (Uneac), Luis Morlote.<br><br>&#8216;Dolor profundo ante la p\u00e9rdida de una de nuestras m\u00e1s queridas intelectuales: Marta Rojas, Premio Nacional de Periodismo Jos\u00e9 Mart\u00ed y Miembro del Consejo Nacional de la @UNEAC. #Cuba llora su partida. En su #Uneac60, a la que tanto entreg\u00f3, la recordaremos siempre&#8217;, tuite\u00f3 Morlote.<br><br>En t\u00e9rminos similares se pronunci\u00f3 Casa de las Am\u00e9ricas y la Asociaci\u00f3n Hermanos Sa\u00edz, cuyo vicepresidente la calific\u00f3 de maestra de juventudes.<br><br>Marta Rojas, escritora y periodista cubana de larga experiencia y H\u00e9roe Nacional del Trabajo, naci\u00f3 en Santiago de Cuba el 17 de mayo de 1928 y estudi\u00f3 la carrera de Periodismo en La Habana.<br><br>Fue la primera corresponsal de guerra, cubana y latinoamericana en la guerra de Vietnam y deja una obra literaria con seis novelas y varios libros testimoniales.<\/p>\n\n\n\n<p class=\"wp-block-paragraph\"><br>SEM-sj<\/p>\n","protected":false},"excerpt":{"rendered":"<p> Se convirti\u00f3 en la cronista de la revoluci\u00f3n de su pa\u00eds desde 1953<\/p>\n","protected":false},"author":3,"featured_media":40631,"comment_status":"open","ping_status":"open","sticky":false,"template":"","format":"standard","meta":{"_monsterinsights_skip_tracking":false,"footnotes":""},"categories":[692,53],"tags":[],"class_list":["post-40630","post","type-post","status-publish","format-standard","has-post-thumbnail","category-692","category-internacional"],"_links":{"self":[{"href":"https:\/\/redsemlac.com\/semmexico\/wp-json\/wp\/v2\/posts\/40630","targetHints":{"allow":["GET"]}}],"collection":[{"href":"https:\/\/redsemlac.com\/semmexico\/wp-json\/wp\/v2\/posts"}],"about":[{"href":"https:\/\/redsemlac.com\/semmexico\/wp-json\/wp\/v2\/types\/post"}],"author":[{"embeddable":true,"href":"https:\/\/redsemlac.com\/semmexico\/wp-json\/wp\/v2\/users\/3"}],"replies":[{"embeddable":true,"href":"https:\/\/redsemlac.com\/semmexico\/wp-json\/wp\/v2\/comments?post=40630"}],"version-history":[{"count":0,"href":"https:\/\/redsemlac.com\/semmexico\/wp-json\/wp\/v2\/posts\/40630\/revisions"}],"wp:featuredmedia":[{"embeddable":true,"href":"https:\/\/redsemlac.com\/semmexico\/wp-json\/wp\/v2\/media\/40631"}],"wp:attachment":[{"href":"https:\/\/redsemlac.com\/semmexico\/wp-json\/wp\/v2\/media?parent=40630"}],"wp:term":[{"taxonomy":"category","embeddable":true,"href":"https:\/\/redsemlac.com\/semmexico\/wp-json\/wp\/v2\/categories?post=40630"},{"taxonomy":"post_tag","embeddable":true,"href":"https:\/\/redsemlac.com\/semmexico\/wp-json\/wp\/v2\/tags?post=40630"}],"curies":[{"name":"wp","href":"https:\/\/api.w.org\/{rel}","templated":true}]}}