{"id":40624,"date":"2021-10-05T13:19:43","date_gmt":"2021-10-05T19:19:43","guid":{"rendered":"https:\/\/redsemlac.com\/semmexico\/?p=40624"},"modified":"2023-07-21T17:07:21","modified_gmt":"2023-07-21T22:07:21","slug":"enorme-brecha-entre-mujeres-y-hombres-en-tareas-de-cuidados-inmujeres","status":"publish","type":"post","link":"https:\/\/redsemlac.com\/semmexico\/enorme-brecha-entre-mujeres-y-hombres-en-tareas-de-cuidados-inmujeres\/","title":{"rendered":"Enorme brecha entre mujeres y hombres, en tareas de cuidados: Inmujeres"},"content":{"rendered":"\n<ul class=\"wp-block-list\"><li><strong>Ellas dedican el triple de tiempo que los hombres<\/strong><\/li><\/ul>\n\n\n\n<ul class=\"wp-block-list\"><li><strong>Inmujeres impulsa un Sistema Nacional de Cuidados<\/strong><\/li><\/ul>\n\n\n\n<p class=\"wp-block-paragraph\"><strong>Micaela M\u00e1rquez<\/strong><\/p>\n\n\n\n<p class=\"wp-block-paragraph\">SemM\u00e9xico, Cd. de M\u00e9xico, 5 de octubre 2021.- La brecha es enorme en las actividades de cuidado de las mujeres respecto a los hombres en M\u00e9xico, al menos 25 horas m\u00e1s por parte de las mujeres, dijo Nadine Gasman Zylberman, presidenta del Instituto Nacional de las Mujeres (Inmujeres).<\/p>\n\n\n\n<p class=\"wp-block-paragraph\">&nbsp;Las mujeres dedican el triple de tiempo que los hombres al cuidado, pero en Durango ellas destinan una jornada con 66 horas a la semana respecto a las 40 horas a la semana en promedio.<\/p>\n\n\n\n<p class=\"wp-block-paragraph\">En la inauguraci\u00f3n del Foro \u201cAvanzando hacia una realidad sobre el Sistema Nacional de Cuidados\u201d, que se llev\u00f3 a cabo en Durango funcionarias, legisladoras y activistas compartieron las experiencias y retos que enfrentan las personas que necesitan cuidados para avanzar hacia la articulaci\u00f3n y coordinaci\u00f3n entre los tres \u00f3rdenes de gobierno y sus instituciones p\u00fablicas, de la mano con la sociedad civil.<\/p>\n\n\n\n<p class=\"wp-block-paragraph\">El Inmujeres impulsa un Sistema Nacional de Cuidados que se articule con los grandes pilares de los sistemas de bienestar (salud, educaci\u00f3n y bienestar social), para conformar un aparato de protecci\u00f3n social integral, con \u00e9nfasis en las poblaciones con necesidades espec\u00edficas de cuidados.<\/p>\n\n\n\n<p class=\"wp-block-paragraph\">La instituci\u00f3n colabora con ONU Mujeres en la generaci\u00f3n de informaci\u00f3n que oriente y aporte en el dise\u00f1o y costeo de pol\u00edticas p\u00fablicas del Sistema Nacional de Cuidados, en tanto, con el Legislativo da seguimiento a las reformas a los art\u00edculos 4\u00ba y 73\u00ba constitucionales que se encuentran en an\u00e1lisis y aprobaci\u00f3n en el Senado de la Rep\u00fablica, que resultar\u00e1 en la creaci\u00f3n de la Ley General de Cuidados.<\/p>\n\n\n\n<figure class=\"wp-block-image size-large\"><a href=\"https:\/\/redsemlac.com\/semmexico\/wp-content\/uploads\/2021\/10\/ForoCuidados-NGZ-consejeras2.jpeg\"><img decoding=\"async\" src=\"https:\/\/redsemlac.com\/semmexico\/wp-content\/uploads\/2021\/10\/ForoCuidados-NGZ-consejeras2-1024x683.jpeg\" alt=\"\" class=\"wp-image-40626\"\/><\/a><\/figure>\n\n\n\n<p class=\"wp-block-paragraph\">Por su parte, Laura Elena Estrada Rodr\u00edguez, titular del Instituto Estatal de las Mujeres de Durango, inform\u00f3 que realizan talleres para profesionalizar a cuidadoras y cuidadores de personas adultas mayores y como resultado surgi\u00f3 una publicaci\u00f3n.<\/p>\n\n\n\n<p class=\"wp-block-paragraph\">Adem\u00e1s, en el marco del Programa de Fortalecimiento a la Transversalidad de la Perspectiva de G\u00e9nero del Inmujeres, se realizar\u00e1 un diplomado de profesionalizaci\u00f3n de personas cuidadoras de poblaci\u00f3n dependiente.<\/p>\n\n\n\n<p class=\"wp-block-paragraph\">El Foro permite conocer cu\u00e1l es el estatus de la legislaci\u00f3n del Sistema Nacional de Cuidados; la remuneraci\u00f3n de los cuidados; las experiencias de cuidado en personas dependientes y con espectro autista; as\u00ed como la situaci\u00f3n de las mujeres cuidadoras de: ni\u00f1as, ni\u00f1os y adolescentes que participan en el mercado laboral; de personas con alguna discapacidad motriz o intelectual; de personas ciegas o sordas; adultas mayores y con enfermedades terminales.&nbsp;<\/p>\n\n\n\n<p class=\"wp-block-paragraph\">El Inmujeres, a trav\u00e9s de su Consejo Social, recoge los principales retos, oportunidades y propuestas para avanzar hacia la consolidaci\u00f3n del Sistema Nacional de Cuidados y refrenda su compromiso para impulsar las pol\u00edticas p\u00fablicas y articulaciones necesarias para sentar bases firmes del Sistema y garantizar el derecho al cuidado que tienen todas las personas.<\/p>\n\n\n\n<p class=\"wp-block-paragraph\">Participaron la consejera social, Mar\u00eda Dolores Romero Cota; la diputada Yolanda de la Torre Valdez y la coordinadora general de Gabinete del Gobierno de Durango, Mar\u00eda del Rosario Castro Lozano.&nbsp;<\/p>\n\n\n\n<p class=\"wp-block-paragraph\">SEM\/mm\/sj<\/p>\n","protected":false},"excerpt":{"rendered":"<p>Ellas dedican el triple de tiempo que los hombres<\/p>\n","protected":false},"author":3,"featured_media":40625,"comment_status":"open","ping_status":"open","sticky":false,"template":"","format":"standard","meta":{"_monsterinsights_skip_tracking":false,"footnotes":""},"categories":[692,51],"tags":[],"class_list":["post-40624","post","type-post","status-publish","format-standard","has-post-thumbnail","category-692","category-ejecutivo"],"_links":{"self":[{"href":"https:\/\/redsemlac.com\/semmexico\/wp-json\/wp\/v2\/posts\/40624","targetHints":{"allow":["GET"]}}],"collection":[{"href":"https:\/\/redsemlac.com\/semmexico\/wp-json\/wp\/v2\/posts"}],"about":[{"href":"https:\/\/redsemlac.com\/semmexico\/wp-json\/wp\/v2\/types\/post"}],"author":[{"embeddable":true,"href":"https:\/\/redsemlac.com\/semmexico\/wp-json\/wp\/v2\/users\/3"}],"replies":[{"embeddable":true,"href":"https:\/\/redsemlac.com\/semmexico\/wp-json\/wp\/v2\/comments?post=40624"}],"version-history":[{"count":0,"href":"https:\/\/redsemlac.com\/semmexico\/wp-json\/wp\/v2\/posts\/40624\/revisions"}],"wp:featuredmedia":[{"embeddable":true,"href":"https:\/\/redsemlac.com\/semmexico\/wp-json\/wp\/v2\/media\/40625"}],"wp:attachment":[{"href":"https:\/\/redsemlac.com\/semmexico\/wp-json\/wp\/v2\/media?parent=40624"}],"wp:term":[{"taxonomy":"category","embeddable":true,"href":"https:\/\/redsemlac.com\/semmexico\/wp-json\/wp\/v2\/categories?post=40624"},{"taxonomy":"post_tag","embeddable":true,"href":"https:\/\/redsemlac.com\/semmexico\/wp-json\/wp\/v2\/tags?post=40624"}],"curies":[{"name":"wp","href":"https:\/\/api.w.org\/{rel}","templated":true}]}}