{"id":40622,"date":"2021-10-05T13:17:19","date_gmt":"2021-10-05T19:17:19","guid":{"rendered":"https:\/\/redsemlac.com\/semmexico\/?p=40622"},"modified":"2023-07-21T17:07:21","modified_gmt":"2023-07-21T22:07:21","slug":"entresemana-del-jocoque-y-el-angel-de-la-guarda-de-andres-manuel","status":"publish","type":"post","link":"https:\/\/redsemlac.com\/semmexico\/entresemana-del-jocoque-y-el-angel-de-la-guarda-de-andres-manuel\/","title":{"rendered":"Entresemana| Del jocoque y el \u00c1ngel de la Guarda de Andr\u00e9s Manuel"},"content":{"rendered":"\n<p class=\"wp-block-paragraph\"><strong>Mois\u00e9s S\u00e1nchez Lim\u00f3n<\/strong><\/p>\n\n\n\n<p class=\"wp-block-paragraph\">SemM\u00e9xico, 5 de octubre, 2021.- Reza el refr\u00e1n que quien con leche se quema hasta al jocoque le sopla. Y.<\/p>\n\n\n\n<p class=\"wp-block-paragraph\">F\u00edjese que Su Alteza Seren\u00edsima declin\u00f3 la invitaci\u00f3n del Senado, prevista en el art\u00edculo 100 de la Ley Org\u00e1nica del Congreso de la Uni\u00f3n, para asistir a la entrega de la medalla Belisario Dom\u00ednguez a la senadora morenista Ifigenia Mart\u00ednez.<\/p>\n\n\n\n<p class=\"wp-block-paragraph\">La decisi\u00f3n del licenciado presidente tiene como fundamento el temor al rid\u00edculo, por decir lo menos, o la ausencia de valor para enfrentar en un terreno diferente al de la ma\u00f1anera, a quienes considera opositores.<\/p>\n\n\n\n<p class=\"wp-block-paragraph\">\u00bfQu\u00e9 pretext\u00f3 a la maestra Ifigenia Mart\u00ednez?<\/p>\n\n\n\n<p class=\"wp-block-paragraph\">\u201cUsted merece toda mi admiraci\u00f3n y respeto, y por lo mismo tengo el deber de informarle que no estar\u00e9 presente en dicha ceremonia, porque una legisladora del bloque conservador est\u00e1 convocando a que se me falte al respeto y considero que no debemos caer en ninguna provocaci\u00f3n que ayude a la \u00e9lite del poder econ\u00f3mico y pol\u00edtico, ni a sus empleados y voceros\u201d, le escribi\u00f3 Andr\u00e9s Manuel a la senadora.<\/p>\n\n\n\n<p class=\"wp-block-paragraph\">Y es que, el pasado viernes 1 de octubre, en un tweet la senadora panista Lilly T\u00e9llez public\u00f3: \u201cEl violador serial de la Constituci\u00f3n: el se\u00f1or presidente L\u00f3pez Obrador\u2026 vendr\u00e1 al senado la pr\u00f3xima semana; es preciso hacerle frente\u201d.<\/p>\n\n\n\n<p class=\"wp-block-paragraph\">\u00bfMiedo o precauci\u00f3n en Su Alteza Seren\u00edsima? La senadora Lilly T\u00e9llez no convoc\u00f3 a faltar al respeto al licenciado presidente. Pero\u2026<\/p>\n\n\n\n<p class=\"wp-block-paragraph\">Al inicio de semana, el Duce nos recet\u00f3 en su actitud personal ese refr\u00e1n que le viene como anillo al dedo \u2013\u00e9l dixit&#8211; con lo que le ha ocurrido en meses recientes y que, en Huauchinango, Puebla, tuvo un episodio digno de preocupaci\u00f3n por la salud del pa\u00eds que implica la seguridad presidencial.<\/p>\n\n\n\n<p class=\"wp-block-paragraph\">\u00bfQui\u00e9n se atreve a dar portazo en un acto encabezado por el Presidente de la Rep\u00fablica? No es pregunta simplista en trat\u00e1ndose de un asunto de seguridad nacional, por m\u00e1s que Andr\u00e9s Manuel haya pretendido minimizarlo y utilizarlo para, por cent\u00e9sima ocasi\u00f3n, tomar la referencia de tiempos idos para justificar atropellos, demagogias, corruptelas, impunidades y otros etc\u00e9teras que ocurren y han ocurrido en su gobierno.<\/p>\n\n\n\n<p class=\"wp-block-paragraph\">Lo cierto es que el Duce anda preocupado. Y mucho.<\/p>\n\n\n\n<p class=\"wp-block-paragraph\">A la mitad de su administraci\u00f3n, Su Alteza Seren\u00edsima Andr\u00e9s Manuel es el mejor ejemplo de aquel refr\u00e1n que reza \u201cel que con leche se quema, hasta al jocoque le sopla\u201d. Y, a las demostraciones de repudio a su gobierno y a \u00e9l en lo personal, las mentadas de madre que acompa\u00f1an a la demanda de cumplimiento de promesas, especialmente de ciudadanos que han enfrentado desgracias y p\u00e9rdidas de familiares, responde con nerviosas justificaciones.<\/p>\n\n\n\n<p class=\"wp-block-paragraph\">Por fortuna, lo ocurrido el domingo \u00faltimo en aquella localidad poblana, no lleg\u00f3 a mayores, no hubo agresiones f\u00edsicas m\u00e1s all\u00e1 de empujones y gritos de ciudadanos que, \u00bfcasualmente?, no fueron incluidos en esas listas que maneja la Secretar\u00eda de Bienestar para atender a damnificados por las lluvias e inundaciones recientes.<\/p>\n\n\n\n<p class=\"wp-block-paragraph\">Incluso, la se\u00f1ora que lleg\u00f3 hasta el Duce, en el pres\u00eddium donde la secretaria de Seguridad y Protecci\u00f3n Ciudadana, Rosa Icela Rodr\u00edguez Vel\u00e1zquez, se pasm\u00f3 y hasta la botella del agua le robaron, sin duda es dirigente de una de esas organizaciones que ha servido a Morena, porque el licenciado presidente la trat\u00f3 con familiaridad. Pero\u2026<\/p>\n\n\n\n<p class=\"wp-block-paragraph\">Pero la muchedumbre estaba enojada y demandaba ser escuchada y que sus demandas fueran atendidas.<\/p>\n\n\n\n<p class=\"wp-block-paragraph\">\u00bfMe van a respetar?, pregunt\u00f3 a voz en cuello el Duce. Y como de cuando a ac\u00e1 el portador de la investidura presidencial debe hacer esa pregunta a sus gobernados que presume lo quieren y eligieron por amplia mayor\u00eda. Elemental, con su proceder y falta de respeto a quienes no comulgan con \u00e9l, ha generado un clima adverso hacia su persona que lleva de la mano a la investidura.<\/p>\n\n\n\n<p class=\"wp-block-paragraph\">Grave riesgo. Imagine usted que esa se\u00f1ora a la que el DJ en funciones de vocero presidencial, Chucho Ram\u00edrez, franque\u00f3 el paso, fuera armada o simplemente adiestrada para agredir a Andr\u00e9s Manuel. \u00bfLo protege el pueblo bueno como reiter\u00f3 en la ma\u00f1anera? Blofea, sabe que es creciente la animadversi\u00f3n a \u00e9l y lo que representa. La presencia de militares y del secretario de la Defensa Nacional fue dique, sin duda, a una situaci\u00f3n grave.&nbsp;<\/p>\n\n\n\n<p class=\"wp-block-paragraph\">&#8211;\u00bfLo que ocurri\u00f3 ayer en Huauchinango tiene una motivaci\u00f3n pol\u00edtica?, \u00bfen verdad es gente que no se les aplic\u00f3 bien el censo?, \u00bfqu\u00e9 fue lo que pas\u00f3?, \u00bfcu\u00e1l es la informaci\u00f3n que ya despu\u00e9s de varias horas de lo ocurrido tiene? \u2014le preguntaron a L\u00f3pez Obrador en la ma\u00f1anera de inicio de semana.<\/p>\n\n\n\n<p class=\"wp-block-paragraph\"><strong>&#8212;<\/strong>Bueno \u2013sesg\u00f3 el licenciado presidente&#8211;, estamos iniciando un m\u00e9todo nuevo para atender a damnificados. Antes compraban v\u00edveres, enseres, la Secretar\u00eda de Gobernaci\u00f3n con el programa del Fonden; hab\u00eda mucha corrupci\u00f3n, lo he dicho ya en otras ocasiones, era un barril sin fondo (\u2026)<\/p>\n\n\n\n<p class=\"wp-block-paragraph\">Y minimiz\u00f3 el hecho. \u201cEntonces, \u00bfqu\u00e9 pasa? Pues ayer nos dieron un portazo, as\u00ed se le conoce cuando se hace una reuni\u00f3n como esta y de repente llegan visitantes, toman aqu\u00ed, porque quer\u00edan muchos plantear sus problemas y otros pues inconformes por este m\u00e9todo de entrega (\u2026). Ojal\u00e1 y ya no vuelvan a haber estos portazos. La gente por lo general act\u00faa con mucha responsabilidad y con mucho respeto, a m\u00ed me respetan mucho porque yo respeto al pueblo y le tengo un profundo amor al pueblo, y ellos lo saben\u201d.<\/p>\n\n\n\n<p class=\"wp-block-paragraph\">\u00bfLo respetan mucho? Dice que el pueblo bueno s\u00ed, pero \u201clos de mero arriba, pues esos no, esos son muy majaderos, esos insultan; pero la gente humilde, aunque no est\u00e9 a favor de nuestro movimiento, de nuestro gobierno, se expresa, pero con respeto y es cosa que yo agradezco mucho\u201d.<\/p>\n\n\n\n<p class=\"wp-block-paragraph\">\u00bfEn serio?, porque quienes dieron el portazo no eran de \u201clos de mero arriba\u201d; y lo que ha ocurrido recurrentemente en las localidades por donde hace giras nada tiene de respeto y cari\u00f1o. Pero el Duce considera que son gajes del oficio.<\/p>\n\n\n\n<p class=\"wp-block-paragraph\"><strong>Y blofe\u00f3 am\u00e9n de mentir. \u201c<\/strong>Imag\u00ednense \u2013dijo a su auditorio en la ma\u00f1anera en Puebla&#8211; cu\u00e1ntos a\u00f1os llevo as\u00ed, no solo enfrentando portazos, sino situaciones m\u00e1s delicadas y no pasa nada, la gente es muy responsable y el que lucha por la justicia no tiene nada qu\u00e9 temer; adem\u00e1s, yo tengo mi \u00e1ngel de la guarda que es el pueblo de M\u00e9xico.<\/p>\n\n\n\n<p class=\"wp-block-paragraph\">\u201cEntonces, por eso puedo enfrentar cualquier situaci\u00f3n adversa y por eso no traigo guardaespaldas ni me traslado en carros blindados y puedo ir a todos lados, tengo mi conciencia tranquila\u201d.<\/p>\n\n\n\n<p class=\"wp-block-paragraph\">Entonces, que su \u00c1ngel de la Guarda y senadores de Morena, del PT y del dizque Verde Ecologista lo acompa\u00f1en a la ceremonia en la que se entregar\u00e1 la Belisario Dom\u00ednguez a la senadora Ifigenia Mart\u00ednez y post mortem al doctor Manuel Velasco Su\u00e1rez. O, \u00bfen serio le tiene miedo a Lilly T\u00e9llez?<\/p>\n\n\n\n<p class=\"wp-block-paragraph\">Lo dicho, Andr\u00e9s Manuel es ejemplo de aquel que con leche se quema, hasta al jocoque le sopla. Habr\u00e1 que recomendarle otro refr\u00e1n: no temas como Judas\u2026 tuvo temor. Usted me entiende.<\/p>\n\n\n\n<p class=\"wp-block-paragraph\">\u00a1Ah!, con esto de los Pandora Papers de inmediato puso a salvo a sus cuates involucrados, como el secretario de Comunicaciones, Jorge Arganis D\u00edaz Leal, menos a Julio Scherer porque, adujo, ya no trabaja en el gobierno, \u00bfser\u00e1?, \u00bfno que casi hermanos? Digo.<\/p>\n\n\n\n<p class=\"wp-block-paragraph\"><a href=\"mailto:sanchezlimon@gmail.com\">sanchezlimon@gmail.com<\/a><\/p>\n\n\n\n<p class=\"wp-block-paragraph\"><a href=\"http:\/\/www.entresemana.mx\">www.entresemana.mx<\/a><\/p>\n\n\n\n<p class=\"wp-block-paragraph\"><strong>@msanchezlimon @msanchezlimon1<\/strong><\/p>\n","protected":false},"excerpt":{"rendered":"<p>Reza el refr\u00e1n que quien con leche se quema hasta al jocoque le sopla. Y<\/p>\n","protected":false},"author":3,"featured_media":15805,"comment_status":"open","ping_status":"open","sticky":false,"template":"","format":"standard","meta":{"_monsterinsights_skip_tracking":false,"footnotes":""},"categories":[692,105,83,35],"tags":[459],"class_list":["post-40622","post","type-post","status-publish","format-standard","has-post-thumbnail","category-692","category-entresemana","category-moises-sanchez-limon","category-opinion","tag-opinion"],"_links":{"self":[{"href":"https:\/\/redsemlac.com\/semmexico\/wp-json\/wp\/v2\/posts\/40622","targetHints":{"allow":["GET"]}}],"collection":[{"href":"https:\/\/redsemlac.com\/semmexico\/wp-json\/wp\/v2\/posts"}],"about":[{"href":"https:\/\/redsemlac.com\/semmexico\/wp-json\/wp\/v2\/types\/post"}],"author":[{"embeddable":true,"href":"https:\/\/redsemlac.com\/semmexico\/wp-json\/wp\/v2\/users\/3"}],"replies":[{"embeddable":true,"href":"https:\/\/redsemlac.com\/semmexico\/wp-json\/wp\/v2\/comments?post=40622"}],"version-history":[{"count":0,"href":"https:\/\/redsemlac.com\/semmexico\/wp-json\/wp\/v2\/posts\/40622\/revisions"}],"wp:featuredmedia":[{"embeddable":true,"href":"https:\/\/redsemlac.com\/semmexico\/wp-json\/wp\/v2\/media\/15805"}],"wp:attachment":[{"href":"https:\/\/redsemlac.com\/semmexico\/wp-json\/wp\/v2\/media?parent=40622"}],"wp:term":[{"taxonomy":"category","embeddable":true,"href":"https:\/\/redsemlac.com\/semmexico\/wp-json\/wp\/v2\/categories?post=40622"},{"taxonomy":"post_tag","embeddable":true,"href":"https:\/\/redsemlac.com\/semmexico\/wp-json\/wp\/v2\/tags?post=40622"}],"curies":[{"name":"wp","href":"https:\/\/api.w.org\/{rel}","templated":true}]}}