{"id":40604,"date":"2021-10-04T14:10:22","date_gmt":"2021-10-04T20:10:22","guid":{"rendered":"https:\/\/redsemlac.com\/semmexico\/?p=40604"},"modified":"2023-07-21T17:07:22","modified_gmt":"2023-07-21T22:07:22","slug":"carmelita-sibaja-ochoa-nueva-presidenta-provisional-de-ieepco","status":"publish","type":"post","link":"https:\/\/redsemlac.com\/semmexico\/carmelita-sibaja-ochoa-nueva-presidenta-provisional-de-ieepco\/","title":{"rendered":"Carmelita Sibaja Ochoa nueva presidenta provisional de IEEPCO"},"content":{"rendered":"\n<ul class=\"wp-block-list\"><li><strong>En casi tres d\u00e9cadas, es la primera en ocupar ese cargo<\/strong><\/li><\/ul>\n\n\n\n<ul class=\"wp-block-list\"><li><strong>La instituci\u00f3n uno de los pilares fundamentales de la democracia de Oaxaca<br><br><\/strong><\/li><\/ul>\n\n\n\n<p class=\"wp-block-paragraph\"><strong>Redacci\u00f3n<\/strong><\/p>\n\n\n\n<p class=\"wp-block-paragraph\">SemM\u00e9xico, Oaxaca, 4 de octubre, 2021.- Carmelita Sibaja Ochoa tom\u00f3 protesta como Consejera Presidenta Provisional del Instituto Estatal Electoral y de Participaci\u00f3n Ciudadana de Oaxaca (IEEPCO), cargo que estar\u00e1 desempe\u00f1ando, en tanto el Instituto Nacional Electoral realice el nombramiento correspondiente de la convocatoria para ocupar la presidencia del instituto.&nbsp;<\/p>\n\n\n\n<p class=\"wp-block-paragraph\">En su mensaje la consejera presidenta Carmelita Sibaja Ochoa, indic\u00f3 que el Instituto es uno de los pilares fundamentales de la democracia de Oaxaca ya que en el desempe\u00f1o de sus facultades ha llevado a buen puerto la renovaci\u00f3n peri\u00f3dica de autoridades de elecci\u00f3n popular por el Sistema de Partidos pol\u00edticos y ha coadyuvado exitosamente en la renovaci\u00f3n de autoridades por sistemas normativos ind\u00edgenas.&nbsp;<\/p>\n\n\n\n<p class=\"wp-block-paragraph\">Este fin de semana, se\u00f1al\u00f3 la importancia de contar con un Instituto fortalecido y consolidado, conformado por personas altamente especializadas y comprometidas con la democracia de la entidad y el respeto de los derechos pol\u00edticos y electorales de la ciudadan\u00eda oaxaque\u00f1a, ya que sin duda es un \u00d3rgano preparado para hacer frente al Proceso Electoral en curso y dem\u00e1s funciones que la ley mandata.&nbsp;<\/p>\n\n\n\n<p class=\"wp-block-paragraph\">\u201cHago propicia la ocasi\u00f3n para agradecer al Consejo General la deferencia a mi persona, al considerarme para desarrollar la honrosa encomienda de presidir de manera provisional el \u00d3rgano Electoral Local, para mi representa un doble honor ser la primera mujer en estar al frente de Instituto en sus 28 a\u00f1os de historia, mi eterno agradecimiento para todas aquellas mujeres que cambiaron las cosas que no era posible aceptar; este espacio y este logro es de todas\u201d declar\u00f3 Sibaja Ochoa.&nbsp;&nbsp;<\/p>\n\n\n\n<p class=\"wp-block-paragraph\">Finaliz\u00f3 su intervenci\u00f3n exteriorizando asumir con gran responsabilidad el encargo, aunado a ello agradeci\u00f3 a sus colegas consejeras y consejeros brindarle la confianza para realizar la tarea al frente del Instituto, se\u00f1alando que, aunque es temporal no es menor y representa el eslab\u00f3n de uni\u00f3n entre un periodo y otro, trabajando en por el bien de la democracia del Estado.&nbsp;&nbsp;<\/p>\n\n\n\n<p class=\"wp-block-paragraph\">Las consejeras y consejeros electorales durante sus participaciones, refrendaron el compromiso para colaborar y participar activamente como integrantes del Consejo General en los procesos de deliberaci\u00f3n, de discusi\u00f3n y construcci\u00f3n de soluciones para cumplir con la encomienda constitucional y legal, as\u00ed como para desarrollar las actividades con estricto apego a los principios de la funci\u00f3n electoral.&nbsp;<\/p>\n\n\n\n<p class=\"wp-block-paragraph\">Se\u00f1alaron la importancia de ser la primera Consejera Presidenta del Instituto en sus 28 a\u00f1os, lo cual resulta un momento hist\u00f3rico en el \u00f3rgano electoral, por lo que externaron sus felicitaciones y celebraron que un perfil como el suyo haya logrado el consenso para conducir las tareas por venir.&nbsp;<\/p>\n\n\n\n<p class=\"wp-block-paragraph\">Por su parte los Partidos Pol\u00edticos manifestaron apoyar y acompa\u00f1ar la decisi\u00f3n tomada por el Consejo General, dado que la designaci\u00f3n da un mensaje social al poner en la mesa que no es necesaria la espera de la designaci\u00f3n por el INE, ya que cualquier momento es id\u00f3neo para el triunfo en la lucha de las mujeres y que en definitiva cambiar\u00e1 la mentalidad de las personas que hacen pol\u00edtica y toman decisiones en el gobierno.&nbsp;<strong><\/strong><\/p>\n\n\n\n<p class=\"wp-block-paragraph\">SEM\/sj<\/p>\n","protected":false},"excerpt":{"rendered":"<p>* En casi tres d\u00e9cadas, es la primera en ocupar ese cargo<\/p>\n","protected":false},"author":3,"featured_media":40605,"comment_status":"open","ping_status":"open","sticky":false,"template":"","format":"standard","meta":{"_monsterinsights_skip_tracking":false,"footnotes":""},"categories":[692,141],"tags":[],"class_list":["post-40604","post","type-post","status-publish","format-standard","has-post-thumbnail","category-692","category-elecciones-2020-2021"],"_links":{"self":[{"href":"https:\/\/redsemlac.com\/semmexico\/wp-json\/wp\/v2\/posts\/40604","targetHints":{"allow":["GET"]}}],"collection":[{"href":"https:\/\/redsemlac.com\/semmexico\/wp-json\/wp\/v2\/posts"}],"about":[{"href":"https:\/\/redsemlac.com\/semmexico\/wp-json\/wp\/v2\/types\/post"}],"author":[{"embeddable":true,"href":"https:\/\/redsemlac.com\/semmexico\/wp-json\/wp\/v2\/users\/3"}],"replies":[{"embeddable":true,"href":"https:\/\/redsemlac.com\/semmexico\/wp-json\/wp\/v2\/comments?post=40604"}],"version-history":[{"count":0,"href":"https:\/\/redsemlac.com\/semmexico\/wp-json\/wp\/v2\/posts\/40604\/revisions"}],"wp:featuredmedia":[{"embeddable":true,"href":"https:\/\/redsemlac.com\/semmexico\/wp-json\/wp\/v2\/media\/40605"}],"wp:attachment":[{"href":"https:\/\/redsemlac.com\/semmexico\/wp-json\/wp\/v2\/media?parent=40604"}],"wp:term":[{"taxonomy":"category","embeddable":true,"href":"https:\/\/redsemlac.com\/semmexico\/wp-json\/wp\/v2\/categories?post=40604"},{"taxonomy":"post_tag","embeddable":true,"href":"https:\/\/redsemlac.com\/semmexico\/wp-json\/wp\/v2\/tags?post=40604"}],"curies":[{"name":"wp","href":"https:\/\/api.w.org\/{rel}","templated":true}]}}