{"id":40595,"date":"2021-10-04T13:46:27","date_gmt":"2021-10-04T19:46:27","guid":{"rendered":"https:\/\/redsemlac.com\/semmexico\/?p=40595"},"modified":"2023-07-21T17:07:23","modified_gmt":"2023-07-21T22:07:23","slug":"ejecutan-a-autoridad-auxiliar-de-los-ciruelos-oaxaca","status":"publish","type":"post","link":"https:\/\/redsemlac.com\/semmexico\/ejecutan-a-autoridad-auxiliar-de-los-ciruelos-oaxaca\/","title":{"rendered":"Ejecutan a autoridad auxiliar de Los Ciruelos, Oaxaca"},"content":{"rendered":"\n<ul class=\"wp-block-list\"><li><strong>Ocupaba el cargo desde febrero de 2019<\/strong><\/li><\/ul>\n\n\n\n<ul class=\"wp-block-list\"><li><strong>Su esposo se encuentra grave<\/strong><\/li><\/ul>\n\n\n\n<p class=\"wp-block-paragraph\"><strong>Patricia Brise\u00f1o<\/strong><\/p>\n\n\n\n<p class=\"wp-block-paragraph\">SemM\u00e9xico, Oaxaca, 4 de octubre, 2021.- Cecilia G.O., de 60 a\u00f1os de edad, autoridad auxiliar de la comunidad coste\u00f1a de Los Ciruelos, fue ejecutada esta tarde de domingo mientras com\u00eda en compa\u00f1\u00eda de su esposo, quien result\u00f3 herido, inform\u00f3 la Polic\u00eda Municipal de San Pedro Pochutla, Oaxaca.<\/p>\n\n\n\n<p class=\"wp-block-paragraph\">La autoridad muri\u00f3 tras recibir los impactos de proyectil en forma directa, mientras que su esposo Alfonso fue ingresado grave al \u00e1rea de urgencia a los servicios de salud de la jurisdicci\u00f3n.<\/p>\n\n\n\n<p class=\"wp-block-paragraph\">Elementos de la Polic\u00eda Municipal, primeros respondientes, atendieron la llamada de auxilio de los propietarios del comedor donde se registr\u00f3 al atentado, alrededor de las 15:30 horas; acordonaron el \u00e1rea, previo al arribo del Ministerio P\u00fablico y Agentes de Investigaci\u00f3n de la Fiscal\u00eda General del Estado.<\/p>\n\n\n\n<p class=\"wp-block-paragraph\">La v\u00edctima ocup\u00f3 el cargo de autoridad auxiliar de Los Ciruelos desde febrero de 2019 hasta el d\u00eda de hoy, y estar\u00eda pr\u00f3xima a concluir esta responsabilidad en enero de 2022; el cargo fue honorifico, por lo que no recib\u00eda salario ni compensaci\u00f3n.<\/p>\n\n\n\n<p class=\"wp-block-paragraph\">Saymi Pineda Velasco, presidenta municipal de Pochutla conden\u00f3 el crimen de la agente, quien tuvo la funci\u00f3n de gestionar recursos y servicios en beneficio de Los Ciruelos, donde viven unas 400 personas.<\/p>\n\n\n\n<p class=\"wp-block-paragraph\">SEM\/pb\/sj<\/p>\n","protected":false},"excerpt":{"rendered":"<p>Su esposo se encuentra grave<\/p>\n","protected":false},"author":3,"featured_media":40596,"comment_status":"open","ping_status":"open","sticky":false,"template":"","format":"standard","meta":{"_monsterinsights_skip_tracking":false,"footnotes":""},"categories":[692,47,48],"tags":[146,142],"class_list":["post-40595","post","type-post","status-publish","format-standard","has-post-thumbnail","category-692","category-no-mas-impunidad","category-no-mas-impunidad-no-mas-impunidad","tag-oaxaca","tag-violencia"],"_links":{"self":[{"href":"https:\/\/redsemlac.com\/semmexico\/wp-json\/wp\/v2\/posts\/40595","targetHints":{"allow":["GET"]}}],"collection":[{"href":"https:\/\/redsemlac.com\/semmexico\/wp-json\/wp\/v2\/posts"}],"about":[{"href":"https:\/\/redsemlac.com\/semmexico\/wp-json\/wp\/v2\/types\/post"}],"author":[{"embeddable":true,"href":"https:\/\/redsemlac.com\/semmexico\/wp-json\/wp\/v2\/users\/3"}],"replies":[{"embeddable":true,"href":"https:\/\/redsemlac.com\/semmexico\/wp-json\/wp\/v2\/comments?post=40595"}],"version-history":[{"count":0,"href":"https:\/\/redsemlac.com\/semmexico\/wp-json\/wp\/v2\/posts\/40595\/revisions"}],"wp:featuredmedia":[{"embeddable":true,"href":"https:\/\/redsemlac.com\/semmexico\/wp-json\/wp\/v2\/media\/40596"}],"wp:attachment":[{"href":"https:\/\/redsemlac.com\/semmexico\/wp-json\/wp\/v2\/media?parent=40595"}],"wp:term":[{"taxonomy":"category","embeddable":true,"href":"https:\/\/redsemlac.com\/semmexico\/wp-json\/wp\/v2\/categories?post=40595"},{"taxonomy":"post_tag","embeddable":true,"href":"https:\/\/redsemlac.com\/semmexico\/wp-json\/wp\/v2\/tags?post=40595"}],"curies":[{"name":"wp","href":"https:\/\/api.w.org\/{rel}","templated":true}]}}