{"id":40582,"date":"2021-10-04T14:00:00","date_gmt":"2021-10-04T20:00:00","guid":{"rendered":"https:\/\/redsemlac.com\/semmexico\/?p=40582"},"modified":"2023-07-21T17:07:22","modified_gmt":"2023-07-21T22:07:22","slug":"violeta-del-anahuac-mujeres-gobernaran-32-de-guerrero","status":"publish","type":"post","link":"https:\/\/redsemlac.com\/semmexico\/violeta-del-anahuac-mujeres-gobernaran-32-de-guerrero\/","title":{"rendered":"Violeta del An\u00e1huac| Mujeres gobernaran 32 % de Guerrero"},"content":{"rendered":"\n<p class=\"wp-block-paragraph\"><strong>Isabel Ortega Morales<\/strong><\/p>\n\n\n\n<p class=\"wp-block-paragraph\">SemM\u00e9xico, 4 de octubre, 202.- El estado de Guerrero ser\u00e1 gobernado por mujeres en un 32 por ciento de su territorio y a\u00fan cuando parece reducido el n\u00famero a diferencia del periodo 2018-2021 que ten\u00edan un 22 por ciento, hay avances.<\/p>\n\n\n\n<p class=\"wp-block-paragraph\">Este 1 de octubre rindieron protestaron 25 mujeres como Presidentas Municipales. En el a\u00f1o 2018 asumieron este encargo 17.<\/p>\n\n\n\n<p class=\"wp-block-paragraph\">Pero aun cuando va creciendo la representaci\u00f3n no podemos decir que haya influido la forma de gobernar de las mujeres en otros municipios o que exista un perfil de confianza a favor de las mismas para alcanzar estos logros, factores que hay que revisar con detenimiento.<\/p>\n\n\n\n<p class=\"wp-block-paragraph\">Me preocupa porque en los discursos de las alcaldesas de Acapulco y Chilpancingo no encontr\u00e9 un planteamiento feminista y ellas representan espacios de gobierno con mayor cobertura informativa y, por ende, un referente de la creaci\u00f3n e impulso de una cultura de g\u00e9nero que ayude al resto de los municipios gobernados por mujeres a crecer y empujar para que otros m\u00e1s se sumen en el a\u00f1o 2024, incluso que los varones aprendan y se sumen a impulsar pol\u00edticas p\u00fablicas con una visi\u00f3n m\u00e1s incluyente.<\/p>\n\n\n\n<p class=\"wp-block-paragraph\">No encontr\u00e9 que exista un compromiso para impulsar mecanismos de protecci\u00f3n a los derechos de las mujeres, acciones espec\u00edficas en programas que eliminen violencia. Y la ausencia de una pol\u00edtica p\u00fablica que permita observar que existe en el encargo una direcci\u00f3n con un enfoque de g\u00e9nero.<\/p>\n\n\n\n<p class=\"wp-block-paragraph\">Como podr\u00edamos considerar las guerrerenses que la situaci\u00f3n econ\u00f3mica y cultural de la mujer puede mejorar si quienes asumen mandos pol\u00edticos no tienen consideradas acciones que les permita mejorar sus marcos de beneficio, m\u00e1s all\u00e1 de la despensa o los servicios p\u00fablicos que son para todas y todos.<\/p>\n\n\n\n<p class=\"wp-block-paragraph\">Si no hay perspectiva de g\u00e9nero no se nota lo que se tiene que trabajar para reconstruir un tejido que armonice a la sociedad, si no se notan las desigualdades no se nota donde se tiene que mejorar en derechos humanos.<\/p>\n\n\n\n<p class=\"wp-block-paragraph\">En unos d\u00edas m\u00e1s la entidad recibir\u00e1 a la primera mujer en encabezar un gobierno estatal, Evelyn Cesia Salgado Pinera, y el Congreso Local es encabezado en la Mesa Directiva por una mujer, Flor A\u00f1orve Ocampo. Se suman a ellas 25 Alcaldesas, a simple vista esto es bueno para las mujeres y, por lo tanto, bueno para la sociedad.<\/p>\n\n\n\n<p class=\"wp-block-paragraph\">Sin embargo, el avance en n\u00famero, territorialmente hablando, para este primer momento en los municipios, no ha significado escuchar que exista el compromiso de un cambio.<\/p>\n\n\n\n<p class=\"wp-block-paragraph\">Es temprano a\u00fan para decir si no escucharemos en poco tiempo que existen programas en los municipios a favor de las mujeres, y que se impulsar\u00e1n acciones desde el gobierno del estado, se aprobaran leyes y se aplicar\u00e1n herramientas que ayuden a que la primera entidad en tener una Secretar\u00eda de la Mujer cuenta ya con una nueva cultura &nbsp;que elimina desigualdades, que hay programas que no sean populistas sino de profundidad en la transformaci\u00f3n de la sociedad con una perspectiva de g\u00e9nero y que tambi\u00e9n en ello, est\u00e1 a la vanguardia.<\/p>\n","protected":false},"excerpt":{"rendered":"<p>El estado de Guerrero ser\u00e1 gobernado por mujeres en un 32 por ciento de su territorio y a\u00fan cuando parece reducido el n\u00famero a diferencia del periodo 2018-2021 que ten\u00edan un 22 por ciento, hay avances.<\/p>\n","protected":false},"author":3,"featured_media":38576,"comment_status":"open","ping_status":"open","sticky":false,"template":"","format":"standard","meta":{"_monsterinsights_skip_tracking":false,"footnotes":""},"categories":[692,198,35,197],"tags":[459],"class_list":["post-40582","post","type-post","status-publish","format-standard","has-post-thumbnail","category-692","category-isabel-ortega-morales","category-opinion","category-violeta-del-anahuac","tag-opinion"],"_links":{"self":[{"href":"https:\/\/redsemlac.com\/semmexico\/wp-json\/wp\/v2\/posts\/40582","targetHints":{"allow":["GET"]}}],"collection":[{"href":"https:\/\/redsemlac.com\/semmexico\/wp-json\/wp\/v2\/posts"}],"about":[{"href":"https:\/\/redsemlac.com\/semmexico\/wp-json\/wp\/v2\/types\/post"}],"author":[{"embeddable":true,"href":"https:\/\/redsemlac.com\/semmexico\/wp-json\/wp\/v2\/users\/3"}],"replies":[{"embeddable":true,"href":"https:\/\/redsemlac.com\/semmexico\/wp-json\/wp\/v2\/comments?post=40582"}],"version-history":[{"count":0,"href":"https:\/\/redsemlac.com\/semmexico\/wp-json\/wp\/v2\/posts\/40582\/revisions"}],"wp:featuredmedia":[{"embeddable":true,"href":"https:\/\/redsemlac.com\/semmexico\/wp-json\/wp\/v2\/media\/38576"}],"wp:attachment":[{"href":"https:\/\/redsemlac.com\/semmexico\/wp-json\/wp\/v2\/media?parent=40582"}],"wp:term":[{"taxonomy":"category","embeddable":true,"href":"https:\/\/redsemlac.com\/semmexico\/wp-json\/wp\/v2\/categories?post=40582"},{"taxonomy":"post_tag","embeddable":true,"href":"https:\/\/redsemlac.com\/semmexico\/wp-json\/wp\/v2\/tags?post=40582"}],"curies":[{"name":"wp","href":"https:\/\/api.w.org\/{rel}","templated":true}]}}