{"id":40556,"date":"2021-10-04T14:15:00","date_gmt":"2021-10-04T20:15:00","guid":{"rendered":"https:\/\/redsemlac.com\/semmexico\/?p=40556"},"modified":"2023-07-21T17:07:22","modified_gmt":"2023-07-21T22:07:22","slug":"gracias-mercedes","status":"publish","type":"post","link":"https:\/\/redsemlac.com\/semmexico\/gracias-mercedes\/","title":{"rendered":"Gracias, Mercedes"},"content":{"rendered":"\n<p class=\"has-text-align-right wp-block-paragraph\"><em>La lucha es lo que nos une (\u2026)<\/em><\/p>\n\n\n\n<p class=\"has-text-align-right wp-block-paragraph\"><em>Tenemos que organizarnos bien para trazar estrategias<\/em><\/p>\n\n\n\n<p class=\"has-text-align-right wp-block-paragraph\"><em>e ir construyendo nuestras autonom\u00edas o lo que nos corresponda.<\/em><\/p>\n\n\n\n<p class=\"has-text-align-right wp-block-paragraph\"><em>Encontrar la mejor forma de crecer<\/em><\/p>\n\n\n\n<p class=\"has-text-align-right wp-block-paragraph\"><em>y avanzar colectivamente hacia el futuro que queremos<\/em><\/p>\n\n\n\n<p class=\"has-text-align-right wp-block-paragraph\">(Mercedes Olivera, 2018)<\/p>\n\n\n\n<p class=\"wp-block-paragraph\"><strong><a href=\"https:\/\/www.chiapasparalelo.com\/author\/marisatrejo\/\">Marisa Ruiz Trejo<\/a><\/strong><strong><\/strong><\/p>\n\n\n\n<p class=\"wp-block-paragraph\">SemM\u00e9xico\/Chiapas Paralelo, Tuxtla, Guti\u00e9rrez Chiapas, 4 de octubre, 2021.-Mercedes Olivera dijo estas palabras en un evento organizado en el CIDECI-UNITIERRA despu\u00e9s del Primer Encuentro de \u201cMujeres que luchan\u201d al que asistimos, celebrado el 8 de marzo de 2018, en el Caracol zapatista Morelia, en la zona Tsots Choj. En ese sentido, escrib\u00ed estas palabras para el&nbsp;<a href=\"https:\/\/ceasmexico.wordpress.com\/2021\/09\/28\/homenaje-mercedes-olivera-una-feminista-radical-de-izquierda\/\">homenaje a Mercedes<\/a>, realizado el 30 de septiembre de 2021 en CESMECA, por motivo de su cumplea\u00f1os, porque lo que nos une es su lucha multiplicada en cada una de nosotras. Mercedes ra\u00edz, Mercedes tronco, Mercedes rama entretejida entre muchas hojas.<\/p>\n\n\n\n<p class=\"wp-block-paragraph\">Tengo pocos a\u00f1os de conocer personalmente a Mercedes Olivera. No obstante, admiro mucho su obra y sus aportes a los movimientos de mujeres y feministas en Chiapas y Centroam\u00e9rica y, en estos a\u00f1os, he desarrollado un enorme cari\u00f1o hacia ella. Como estas palabras son una forma de honrar a Mercedes, me dirigir\u00e9 a ella directamente.<\/p>\n\n\n\n<figure class=\"wp-block-image size-full\"><a href=\"https:\/\/redsemlac.com\/semmexico\/wp-content\/uploads\/2021\/10\/chiapas-1.png\"><img loading=\"lazy\" decoding=\"async\" width=\"847\" height=\"393\" src=\"https:\/\/redsemlac.com\/semmexico\/wp-content\/uploads\/2021\/10\/chiapas-1.png\" alt=\"\" class=\"wp-image-40558\"\/><\/a><figcaption> Yuridia Denise G\u00f3mez Guerrero <\/figcaption><\/figure>\n\n\n\n<p class=\"wp-block-paragraph\">Mercedes: hoy podr\u00eda hablar de tu ni\u00f1ez, en una familia cat\u00f3lica, de diez hermanos, cinco hombres y cinco mujeres; de las dificultades que pasaste cuando eras peque\u00f1a y de c\u00f3mo te ocupaste de cuidar a tus hermanos por ser la hija mayor. De tu padre, de origen ind\u00edgena, con ideas tradicionales; de c\u00f3mo te impidieron durante un tiempo ir a la escuela, pero tambi\u00e9n de c\u00f3mo te las ingeniaste para llevarte a tus hermanos y hermanas y de tu maestra Julita que te ayud\u00f3 para que la directora no se diera cuenta de que tus hermanos asist\u00edan contigo a la escuela.<\/p>\n\n\n\n<p class=\"wp-block-paragraph\">Podr\u00eda tambi\u00e9n hablar de la Uni\u00f3n Femenina de Estudiantes Cat\u00f3licas de la que fuiste dirigente, de c\u00f3mo dejaste de creer en la Iglesia, de tu pleito con los curas, de c\u00f3mo comenzaste a militar en el Partido Comunista, de los conflictos ideol\u00f3gicos que esto te gener\u00f3 con tu familia, de c\u00f3mo esto se convirti\u00f3 en la pol\u00e9mica de tu vida, entre la fe y las posiciones argumentadas de la izquierda y de c\u00f3mo te convertiste en la mujer y feminista rebelde que todas admiramos.<\/p>\n\n\n\n<div class=\"wp-block-image\"><figure class=\"alignleft size-full\"><a href=\"https:\/\/redsemlac.com\/semmexico\/wp-content\/uploads\/2021\/10\/chiapas-2.png\"><img loading=\"lazy\" decoding=\"async\" width=\"547\" height=\"372\" src=\"https:\/\/redsemlac.com\/semmexico\/wp-content\/uploads\/2021\/10\/chiapas-2.png\" alt=\"\" class=\"wp-image-40559\"\/><\/a><figcaption> Foto del Archivo personal de Mercedes Olivera, cedida para el proyecto de investigaci\u00f3n \u201cPioneras en antropolog\u00eda en Chiapas y Centroam\u00e9rica\u201d, Universidad Aut\u00f3noma de Chiapas. <\/figcaption><\/figure><\/div>\n\n\n\n<p class=\"wp-block-paragraph\">Tambi\u00e9n podr\u00eda hablar de c\u00f3mo te atreviste a leer los libros prohibidos por la Iglesia que las mujeres no deb\u00edan leer; de c\u00f3mo te diste cuenta del verticalismo y del autorismo de esa instituci\u00f3n; de los problemas que tuviste cuando te diste cuenta del acoso y el hostigamiento que algunos curas hac\u00edan a las mujeres, de c\u00f3mo te convertiste en la mujer cuestionadora que eres y de c\u00f3mo tambi\u00e9n cuando llegaste al Partido Comunista y militaste algunos a\u00f1os ah\u00ed, te diste cuenta de que tampoco era una estructura consecuente y fuiste expulsada por denunciarlo.<\/p>\n\n\n\n<p class=\"wp-block-paragraph\">Podr\u00eda hablar de la reuni\u00f3n&nbsp;que tuviste con Pedro Carrasco, Arturo Warman y Stefano Varesse en el Congreso Indigenista Interamericano, celebrado en Lima, Per\u00fa, en 1969 y de esta foto en donde apareces con otros antrop\u00f3logos de la \u00e9poca con una enorme sonrisa y la felicidad radiante de quien ha desafiado muchas de las normas androc\u00e9ntricas que la \u00e9poca impon\u00eda (y sigue imponiendo) a las mujeres valientes como t\u00fa. De c\u00f3mo aprendiste a separarte de las posiciones masculinistas, as\u00ed como de la parte emocional que a veces doblega a las mujeres y, que, al mismo tiempo, es una riqueza de la que t\u00fa nunca te has arrepentido.<\/p>\n\n\n\n<div class=\"wp-block-image\"><figure class=\"alignleft size-full is-resized\"><a href=\"https:\/\/redsemlac.com\/semmexico\/wp-content\/uploads\/2021\/10\/chiapas-3.png\"><img loading=\"lazy\" decoding=\"async\" src=\"https:\/\/redsemlac.com\/semmexico\/wp-content\/uploads\/2021\/10\/chiapas-3.png\" alt=\"\" class=\"wp-image-40560\" width=\"402\" height=\"301\"\/><\/a><figcaption> Foto del Archivo personal de Mercedes Olivera, cedida para el proyecto de investigaci\u00f3n \u201cPioneras en antropolog\u00eda en Chiapas y Centroam\u00e9rica\u201d, Universidad Aut\u00f3noma de Chiapas. <\/figcaption><\/figure><\/div>\n\n\n\n<p class=\"wp-block-paragraph\"><\/p>\n\n\n\n<p class=\"wp-block-paragraph\">Adem\u00e1s podr\u00eda rememorar esta sala que vemos en la foto con Lina Odena G\u00fcemes, Aura Marina Arriola y Enrique Valencia, todos estudiantes de la Escuela Nacional de Antropolog\u00eda e Historia, en donde, en m\u00e1quinas de escribir, est\u00e1n posiblemente mecanografiando, lo que fueron tus notas de campo en distintos lugares de Puebla como Tlaxcalancingo o Cholula; o tus experiencias en las luchas con \u201cLos magn\u00edficos\u201d como \u00c1ngel Palerm, Guillermo Bonflil Batalla, Rodolfo Stavenhaguen, Arturo Warman, Enrique Valencia, pero tambi\u00e9n Carlos Navarrete y Susan Drucker; entre los planteamientos de la pol\u00edtica de izquierda y los aportes te\u00f3ricos de la antropolog\u00eda desde una mirada materialista; de tus profesoras Calixta Guiteras, Barbro Dahlgren y Johana Faulfaber y tambi\u00e9n de Juan Comas, Pedro Armillas y Jos\u00e9\u0301 Luis Lorenzo, quienes te inspiraron en \u201cconocer para transformar\u201d. De tu pleito con aquella antropolog\u00eda que no une el discurso con la pr\u00e1ctica, preocupada solamente por los aplausos, pero poco interesada por transformar.<\/p>\n\n\n\n<p class=\"wp-block-paragraph\"><\/p>\n\n\n\n<div class=\"wp-block-image\"><figure class=\"alignright size-full is-resized\"><a href=\"https:\/\/redsemlac.com\/semmexico\/wp-content\/uploads\/2021\/10\/chiapas-4.png\"><img decoding=\"async\" src=\"https:\/\/redsemlac.com\/semmexico\/wp-content\/uploads\/2021\/10\/chiapas-4.png\" alt=\"\" class=\"wp-image-40561\" width=\"-41\" height=\"-23\"\/><\/a><\/figure><\/div>\n\n\n\n<p class=\"wp-block-paragraph\">Podr\u00eda hablar de c\u00f3mo llegaste a Chiapas como Directora de la Escuela de Desarrollo del lNI, de tu posicionamiento cr\u00edtico ante el indigenismo y tus discusiones con Aguirre Beltr\u00e1n; de c\u00f3mo fuiste acusada de organizar un movimiento al estilo de los&nbsp;<em>Black Panthers<\/em>&nbsp;de E.U., o Panteras Negras, &nbsp;aqu\u00ed en Chiapas, por haber apoyado la idea de que los pueblos ind\u00edgenas deben tomar sus propias decisiones sobre sus territorios y sus lenguas; de cuando te fuiste a trabajar a las fincas cafetaleras de la zona Norte de Chiapas, las tensiones que viviste y la ayuda que tuviste que pedir a la Central Independiente de Obreros Agr\u00edcolas y Campesinos (CIOAC), organizaci\u00f3n campesina de izquierda ligada al Partido Comunista Mexicano, con la que ten\u00edas relaci\u00f3n; de cuando hablaste a los campesinos de la revoluci\u00f3n de Zapata, de la Reforma Agraria y del derecho constitucional a tener tierras y de c\u00f3mo la gente tom\u00f3 sus tierras, lo que se convirti\u00f3 en un antecedente de uno de los movimientos agrarios m\u00e1s importantes de Chiapas.<\/p>\n\n\n\n<p class=\"wp-block-paragraph\">Podr\u00eda tambi\u00e9n expresar mi reconocimiento por tu apoyo a los movimientos revolucionarios centroamericanos, los exilios que tuviste que vivir, tu paso por Nicaragua, Guatemala y Espa\u00f1a. Podr\u00eda tambi\u00e9n agradecerte por tu papel como inciadora de la antropolog\u00eda feminista en Chiapas; por tu colaboraci\u00f3n con la organizaci\u00f3n de mujeres de Mam\u00e1 Maqu\u00edn, tu apoyo a los movimientos zapatistas y, m\u00e1s particularmente tus di\u00e1logos con las mujeres zapatistas; tu papel en la fundaci\u00f3n de distintas organizaciones por los derechos de las mujeres de Chiapas, tus rebeld\u00edas y tus demostraciones de obedecer solamente el gobierno de nosotras mismas, y tantas y tantas cosas que nos has legado.<\/p>\n\n\n\n<div class=\"wp-block-image\"><figure class=\"alignleft size-full\"><a href=\"https:\/\/redsemlac.com\/semmexico\/wp-content\/uploads\/2021\/10\/chiapas-5.png\"><img loading=\"lazy\" decoding=\"async\" width=\"206\" height=\"287\" src=\"https:\/\/redsemlac.com\/semmexico\/wp-content\/uploads\/2021\/10\/chiapas-5.png\" alt=\"\" class=\"wp-image-40562\"\/><\/a><figcaption> Fotos del archivo de Grupo de Antrop\u00f3logas Feministas \u201cLas del Fondo\u201d, integrado por Patricia Casta\u00f1eda, Mary Goldsmith, Monserrat Salas, Laura Valladares y Marisa Ruiz Trejo. Taller sobre Antropolog\u00eda Feminista en M\u00e9xico. Congreso Mexicano de Antropolog\u00eda (COMASE), Quer\u00e9taro, 2017. <\/figcaption><\/figure><\/div>\n\n\n\n<p class=\"wp-block-paragraph\">Pero no basta y no bastar\u00e1n estas palabras. Har\u00e1 falta seguir gritando, denunciando cada agravio aferradas al suelo, har\u00e1 falta que sigamos asistiendo a cada marcha como t\u00fa lo has hecho desde hace tantos a\u00f1os, har\u00e1 falta que todas seamos igual o m\u00e1s cuestionadoras, insistentes y rebeldes que t\u00fa, har\u00e1 falta que al miedo y al dolor le pongamos restricciones, que terminemos con la guerra contra los poderosos, que nos abramos a sent\u00ed-pensar desde nuestros cuerpos-territorios y que tarde o temprano encontremos la justicia y la transformaci\u00f3n que tu tanto has anhelado.<\/p>\n\n\n\n<p class=\"wp-block-paragraph\"><\/p>\n\n\n\n<p class=\"wp-block-paragraph\">Gracias, Mercedes por tu palabra; por todos los talleres que has elaborado como herramienta de lucha, por hacer que entrelacemos las manos entre defensoras rurales, lesbianas, personas trans, anarquistas, feministas urbano-populares, pluridiversidades y revolucionarias de la vida; gracias por creer en la m\u00fasica, el teatro, los c\u00edrculos y el fuego; gracias porque no olvidaremos las lecciones de esperanza que nos has dado en cada una de tus clases, charlas y pancartas; gracias por abrazar nuestras luchas diversas porque como un gran \u00e1rbol que eres, nos has dado sombra y hemos compartido espacios, sin mayor conflicto, a pesar de nuestras diferentes y, a veces hasta encontradas, posiciones feministas; gracias por escucharnos a las m\u00e1s j\u00f3venes, sin considerar nuestros intereses como menos importantes, y por tu capacidad de ampliar tus imaginarios con debates y luchas que no fueron los tuyos; gracias por tu fuerza, por tu resistencia y por tu alegr\u00eda. \u00a1Nos une la lucha y nos une el amor por la vida! \u00a1Larga vida para ti!<\/p>\n\n\n\n<figure class=\"wp-block-image size-full\"><a href=\"https:\/\/redsemlac.com\/semmexico\/wp-content\/uploads\/2021\/10\/chiapas-6.png\"><img loading=\"lazy\" decoding=\"async\" width=\"645\" height=\"345\" src=\"https:\/\/redsemlac.com\/semmexico\/wp-content\/uploads\/2021\/10\/chiapas-6.png\" alt=\"\" class=\"wp-image-40563\"\/><\/a><\/figure>\n\n\n\n<p class=\"wp-block-paragraph\">Fotos del archivo de Grupo de Antrop\u00f3logas Feministas \u201cLas del Fondo\u201d, integrado por Patricia Casta\u00f1eda, Mary Goldsmith, Monserrat Salas, Laura Valladares y Marisa Ruiz Trejo. Taller sobre Antropolog\u00eda Feminista en M\u00e9xico. Congreso Mexicano de Antropolog\u00eda (COMASE), Quer\u00e9taro, 2017.<\/p>\n","protected":false},"excerpt":{"rendered":"<p>Mercedes Olivera dijo estas palabras en un evento organizado en el CIDECI-UNITIERRA despu\u00e9s del Primer Encuentro de \u201cMujeres que luchan\u201d al que asistimos, celebrado el 8 de marzo de 2018<\/p>\n","protected":false},"author":3,"featured_media":40564,"comment_status":"open","ping_status":"open","sticky":false,"template":"","format":"standard","meta":{"_monsterinsights_skip_tracking":false,"footnotes":""},"categories":[692,54],"tags":[149],"class_list":["post-40556","post","type-post","status-publish","format-standard","has-post-thumbnail","category-692","category-mujeres","tag-mujeres"],"_links":{"self":[{"href":"https:\/\/redsemlac.com\/semmexico\/wp-json\/wp\/v2\/posts\/40556","targetHints":{"allow":["GET"]}}],"collection":[{"href":"https:\/\/redsemlac.com\/semmexico\/wp-json\/wp\/v2\/posts"}],"about":[{"href":"https:\/\/redsemlac.com\/semmexico\/wp-json\/wp\/v2\/types\/post"}],"author":[{"embeddable":true,"href":"https:\/\/redsemlac.com\/semmexico\/wp-json\/wp\/v2\/users\/3"}],"replies":[{"embeddable":true,"href":"https:\/\/redsemlac.com\/semmexico\/wp-json\/wp\/v2\/comments?post=40556"}],"version-history":[{"count":0,"href":"https:\/\/redsemlac.com\/semmexico\/wp-json\/wp\/v2\/posts\/40556\/revisions"}],"wp:featuredmedia":[{"embeddable":true,"href":"https:\/\/redsemlac.com\/semmexico\/wp-json\/wp\/v2\/media\/40564"}],"wp:attachment":[{"href":"https:\/\/redsemlac.com\/semmexico\/wp-json\/wp\/v2\/media?parent=40556"}],"wp:term":[{"taxonomy":"category","embeddable":true,"href":"https:\/\/redsemlac.com\/semmexico\/wp-json\/wp\/v2\/categories?post=40556"},{"taxonomy":"post_tag","embeddable":true,"href":"https:\/\/redsemlac.com\/semmexico\/wp-json\/wp\/v2\/tags?post=40556"}],"curies":[{"name":"wp","href":"https:\/\/api.w.org\/{rel}","templated":true}]}}