{"id":40553,"date":"2021-10-04T13:30:00","date_gmt":"2021-10-04T19:30:00","guid":{"rendered":"https:\/\/redsemlac.com\/semmexico\/?p=40553"},"modified":"2023-07-21T17:07:23","modified_gmt":"2023-07-21T22:07:23","slug":"interrupcion-legal-del-embarazo-en-todo-el-pais-seguro-y-gratuito-propondran-legisladoras","status":"publish","type":"post","link":"https:\/\/redsemlac.com\/semmexico\/interrupcion-legal-del-embarazo-en-todo-el-pais-seguro-y-gratuito-propondran-legisladoras\/","title":{"rendered":"Interrupci\u00f3n Legal del Embarazo en todo el pa\u00eds seguro y gratuito, propondr\u00e1n legisladoras"},"content":{"rendered":"\n<ul class=\"wp-block-list\"><li><strong>De 16 estados de la republica las 73 mil 427 mujeres que abortaron en Ciudad de M\u00e9xico de forma legal<\/strong><\/li><li><strong>En el Congreso 180 iniciativas para modificar la Ley General de Salud y el C\u00f3digo Penal<\/strong><\/li><\/ul>\n\n\n\n<p class=\"wp-block-paragraph\"><strong>Elda Montiel<\/strong><\/p>\n\n\n\n<p class=\"wp-block-paragraph\">SemM\u00e9xico, Cd. de M\u00e9xico, 4 de octubre, 2021.- Garantizar el derecho de las mujeres a la salud sexual y reproductiva y a decidir si contin\u00faan con su embarazo hasta las 12 semanas de gestaci\u00f3n se proponen las legisladoras de la C\u00e1mara de Diputados y de Senadores con m\u00e1s de 180 iniciativas para modificar la Ley General de Salud y el C\u00f3digo Penal.<\/p>\n\n\n\n<p class=\"wp-block-paragraph\">Diputadas del Grupo Parlamentario de Morena expresaron en conferencia de prensa su apoyo y respaldo a las mujeres para el ejercicio de su derecho a la autonom\u00eda f\u00edsica y libre decisi\u00f3n sobre la maternidad, en el contexto del D\u00eda de Acci\u00f3n Global por un Acceso al Aborto Legal y Seguro este 28 de septiembre.<\/p>\n\n\n\n<p class=\"wp-block-paragraph\">Mientras la presidenta de la Comisi\u00f3n para la Igualdad de G\u00e9nero, Martha Luc\u00eda Micher Camarena con legisladoras de diversos Grupos Parlamentarios anunciaron que presentar\u00e1n una iniciativa para reformar la Ley General de Salud y agregar un cap\u00edtulo en materia de salud reproductiva, en el que se reconoce el derecho de mujeres embarazadas a decidir si contin\u00faan o no con el proceso de gestaci\u00f3n.&nbsp;<\/p>\n\n\n\n<p class=\"wp-block-paragraph\">La senadora Patricia Mercado, de Movimiento Ciudadano, dijo que las&nbsp;y los senadores de las diferentes bancadas trabajan en el mismo sentido de la resoluci\u00f3n de Suprema Corte de Justicia de la Naci\u00f3n, \u201cahora le toca al Congreso que quede muy claro que no se puede criminalizar la decisi\u00f3n de la interrupci\u00f3n del embarazo por mujeres o personas gestantes, y es necesario que quede en la Ley General de Salud y en el C\u00f3digo Penal\u201d. &nbsp;<\/p>\n\n\n\n<p class=\"wp-block-paragraph\">Las cifras del aborto legal en el pa\u00eds son los de los servicios de la Interrupci\u00f3n Legal del Embarazo de la Ciudad de M\u00e9xico que de abril del 2007 al 30 de junio del 2021 atendi\u00f3 a 237 mil 643 mujeres, la mayor\u00eda de las usuarias de la Ciudad de M\u00e9xico 164 mil 216 casos y del Estado de M\u00e9xico con 64 mil 77 casos del Estado de M\u00e9xico.<\/p>\n\n\n\n<p class=\"wp-block-paragraph\">En estos 14 a\u00f1os, 73 mil 427 mujeres de 16 entidades de la Republica, incluyendo al Estado de M\u00e9xico se han trasladado a la Ciudad de M\u00e9xico para practicarse un aborto.<\/p>\n\n\n\n<p class=\"wp-block-paragraph\">Por demanda Puebla es el estado de donde provienen 1491 pacientes, Hidalgo 1317, Morelos 920, Jalisco 680 casos, Veracruz con 569 casos, Quer\u00e9taro 655, Michoac\u00e1n 551, Guanajuato 492, Oaxaca 394.<\/p>\n\n\n\n<p class=\"wp-block-paragraph\">Cabe se\u00f1alar que en los estados de Oaxaca, Hidalgo y Veracruz son las entidades donde se ha aprobado la interrupci\u00f3n legal del embarazo en 2019 en el primero, y en los dos restantes hace unos meses.&nbsp;&nbsp;&nbsp;<\/p>\n\n\n\n<p class=\"wp-block-paragraph\">Tlaxcala 388, Guerrero 317, San Luis Potos\u00ed 205, Quintana Roo 152, Nuevo Le\u00f3n 151, Aguascalientes 149, Zacatecas 103, Chiapas 79, Baja California 77 casos, Chihuahua 68, Tabasco 62, Nayarit 60, Coahuila 51, Sonora 48, Durango 47, Sinaloa 37, Colima 34, Campeche 16.<\/p>\n\n\n\n<p class=\"wp-block-paragraph\">Cabe destacar que el grupo de edad predominante es de 18 a 24 a\u00f1os de edad con el 45.9 por ciento, le siguen de 25 a 29 a\u00f1os con 23.6 por ciento y menores de edad de 11 a 14 a\u00f1os 0.7 por ciento, y de 15 a 17 a\u00f1os el 4.9 por ciento.<\/p>\n\n\n\n<p class=\"wp-block-paragraph\">Por ocupaci\u00f3n las usuarias se dedican al hogar en un 31.5 por ciento, son empleadas 27.4 por ciento, estudiantes el 24.5 por ciento, comerciante y desempleada es similar el porcentaje 5.3 por ciento, cada una; 0.7 por ciento profesionista, 0.6 por ciento dom\u00e9stica, 0.2 obrera.&nbsp;<\/p>\n\n\n\n<p class=\"wp-block-paragraph\">Las diputadas como Marisol Garc\u00eda destacaron que cuando una mujer no quiere continuar con un embarazo no deseado lo interrumpe como sea, y siempre son las m\u00e1s pobres las que tienen mayor dificultad para acceder a servicios seguros y de calidad, y Susana Prieto Terrazas indic\u00f3 que se plantear\u00e1 una reforma constitucional para que efectivamente el aborto sea legal en todo el pa\u00eds y que se hagan efectivas las resoluciones de la Suprema Corte.<\/p>\n\n\n\n<p class=\"wp-block-paragraph\">Tambi\u00e9n advirtieron que debe incorporarse un servicio gratuito del aborto de manera integral, as\u00ed como educativo en materia reproductiva.&nbsp;<\/p>\n\n\n\n<p class=\"wp-block-paragraph\">La diputada Salma Lu\u00e9vano Luna manifest\u00f3 que el derecho al aborto tambi\u00e9n incluye a los cuerpos gestantes, \u201chay que mencionarlo\u201d en esta ley, dijo.<\/p>\n\n\n\n<p class=\"wp-block-paragraph\">Mientras que la senadora Alejandra Lagunes Soto Ru\u00edz del PVEM,&nbsp;dijo que la autonom\u00eda de las mujeres para decidir sobre su cuerpo, usar m\u00e9todos anticonceptivos, tener pareja, ser madres o no, forman parte de sus derechos sexuales, reproductivos y de salud, los cuales defender\u00e1 desde el Senado de la Republica con la propuesta presentada. &nbsp;<\/p>\n\n\n\n<p class=\"wp-block-paragraph\">La senadora Alejandra del Carmen Le\u00f3n Gastelum reitero que la maternidad no debe de ser impuesta mediante penas por el Estado, sino se considerada como una elecci\u00f3n en la que se considere la autovaloraci\u00f3n&nbsp;psicol\u00f3gica y emocional.&nbsp;<\/p>\n\n\n\n<p class=\"wp-block-paragraph\">A la conferencia tambi\u00e9n asistieron la senadora Indira Kempis Mart\u00ednez, de Movimiento Ciudadano; y el senador Miguel \u00c1ngel Mancera Espinosa, del PRD<\/p>\n","protected":false},"excerpt":{"rendered":"<p>De 16 estados de la republica las 73 mil 427 mujeres que abortaron en Ciudad de M\u00e9xico de forma legal<\/p>\n","protected":false},"author":3,"featured_media":40554,"comment_status":"open","ping_status":"open","sticky":false,"template":"","format":"standard","meta":{"_monsterinsights_skip_tracking":false,"footnotes":""},"categories":[692,50],"tags":[149],"class_list":["post-40553","post","type-post","status-publish","format-standard","has-post-thumbnail","category-692","category-congreso","tag-mujeres"],"_links":{"self":[{"href":"https:\/\/redsemlac.com\/semmexico\/wp-json\/wp\/v2\/posts\/40553","targetHints":{"allow":["GET"]}}],"collection":[{"href":"https:\/\/redsemlac.com\/semmexico\/wp-json\/wp\/v2\/posts"}],"about":[{"href":"https:\/\/redsemlac.com\/semmexico\/wp-json\/wp\/v2\/types\/post"}],"author":[{"embeddable":true,"href":"https:\/\/redsemlac.com\/semmexico\/wp-json\/wp\/v2\/users\/3"}],"replies":[{"embeddable":true,"href":"https:\/\/redsemlac.com\/semmexico\/wp-json\/wp\/v2\/comments?post=40553"}],"version-history":[{"count":0,"href":"https:\/\/redsemlac.com\/semmexico\/wp-json\/wp\/v2\/posts\/40553\/revisions"}],"wp:featuredmedia":[{"embeddable":true,"href":"https:\/\/redsemlac.com\/semmexico\/wp-json\/wp\/v2\/media\/40554"}],"wp:attachment":[{"href":"https:\/\/redsemlac.com\/semmexico\/wp-json\/wp\/v2\/media?parent=40553"}],"wp:term":[{"taxonomy":"category","embeddable":true,"href":"https:\/\/redsemlac.com\/semmexico\/wp-json\/wp\/v2\/categories?post=40553"},{"taxonomy":"post_tag","embeddable":true,"href":"https:\/\/redsemlac.com\/semmexico\/wp-json\/wp\/v2\/tags?post=40553"}],"curies":[{"name":"wp","href":"https:\/\/api.w.org\/{rel}","templated":true}]}}