{"id":40535,"date":"2021-10-04T10:57:47","date_gmt":"2021-10-04T16:57:47","guid":{"rendered":"https:\/\/redsemlac.com\/semmexico\/?p=40535"},"modified":"2023-07-21T17:07:23","modified_gmt":"2023-07-21T22:07:23","slug":"convocan-al-tribunal-feminista-contra-la-violencia-feminicida-en-oaxaca","status":"publish","type":"post","link":"https:\/\/redsemlac.com\/semmexico\/convocan-al-tribunal-feminista-contra-la-violencia-feminicida-en-oaxaca\/","title":{"rendered":"Convocan al Tribunal Feminista contra la Violencia Feminicida en Oaxaca"},"content":{"rendered":"\n<ul class=\"wp-block-list\"><li><strong>Consorcio Oaxaca, OCNF y madres de v\u00edctimas de feminicidio lanzan la iniciativa de justicia ciudadana<\/strong><\/li><\/ul>\n\n\n\n<ul class=\"wp-block-list\"><li><strong>El Tribunal estar\u00e1 integrado por personas de reconocida trayectoria en esta materia<\/strong><\/li><\/ul>\n\n\n\n<p class=\"wp-block-paragraph\"><strong>Lorena Vaniezcot<\/strong><\/p>\n\n\n\n<p class=\"wp-block-paragraph\">SemM\u00e9xico, Oaxaca, 4 de octubre, 2021.- De acuerdo con datos de la asociaci\u00f3n Impunidad Cero en M\u00e9xico poco m\u00e1s de la mitad de los feminicidios nunca se esclarecen y ante la falta de justicia para sus madres, hijas o hermanas, el Observatorio Ciudadano Nacional del Feminicidio, Consorcio para el Di\u00e1logo Parlamentario y la Equidad Oaxaca A.C. y madres de v\u00edctimas de feminicidio convocaron al Tribunal Feminista contra la Violencia Feminicida en Oaxaca.<\/p>\n\n\n\n<p class=\"wp-block-paragraph\">Consorcio Oaxaca se\u00f1al\u00f3 tambi\u00e9n que de acuerdo con su recuento hemerogr\u00e1fico, en esta entidad han ocurrido 556 asesinatos violentos desde que Alejandro Murat Hinojosa asumi\u00f3 la gubernatura el 1 de diciembre de 2016, solo alrededor del 25 por ciento son clasificados como feminicidio por la Fiscal\u00eda General del Estado de Oaxaca.<\/p>\n\n\n\n<p class=\"wp-block-paragraph\">El objetivo del Tribunal Feminista contra la Violencia Feminicida en Oaxaca es visibilizar la ausencia de justicia para mujeres que han sido v\u00edctimas de feminicidio o tentativa de feminicidio mediante.<\/p>\n\n\n\n<p class=\"wp-block-paragraph\">Las juezas del Tribunal ser\u00e1n personas expertas y de reconocido prestigio por su trabajo por la justicia para las mujeres, tanto de este pa\u00eds como de otras naciones, refieren en un comunicado en el que dieron a conocer esta ma\u00f1ana la convocatoria.<\/p>\n\n\n\n<p class=\"wp-block-paragraph\">De acuerdo con la convocatoria podr\u00e1n participar en el Tribunal Feminista contra la Violencia Feminicida en Oaxaca las v\u00edctimas directas de tentativa de feminicidio o indirectas de feminicidio, cometido en el estado de Oaxaca despu\u00e9s de la reforma que tipific\u00f3 este delito en agosto de 2012 y que no hayan tenido acceso a la justicia, por lo menos, desde hace tres a\u00f1os.<\/p>\n\n\n\n<figure class=\"wp-block-gallery columns-3 is-cropped wp-block-gallery-1 is-layout-flex wp-block-gallery-is-layout-flex\"><ul class=\"blocks-gallery-grid\"><li class=\"blocks-gallery-item\"><figure><a href=\"https:\/\/redsemlac.com\/semmexico\/wp-content\/uploads\/2021\/10\/convocatoria.jpeg\"><img decoding=\"async\" src=\"https:\/\/redsemlac.com\/semmexico\/wp-content\/uploads\/2021\/10\/convocatoria-730x1024.jpeg\" alt=\"\" data-id=\"40536\" data-full-url=\"https:\/\/redsemlac.com\/semmexico\/wp-content\/uploads\/2021\/10\/convocatoria.jpeg\" data-link=\"https:\/\/redsemlac.com\/semmexico\/?attachment_id=40536\" class=\"wp-image-40536\"\/><\/a><\/figure><\/li><li class=\"blocks-gallery-item\"><figure><a href=\"https:\/\/redsemlac.com\/semmexico\/wp-content\/uploads\/2021\/10\/poistal-1.jpeg\"><img decoding=\"async\" src=\"https:\/\/redsemlac.com\/semmexico\/wp-content\/uploads\/2021\/10\/poistal-1-1024x1024.jpeg\" alt=\"\" data-id=\"40537\" data-full-url=\"https:\/\/redsemlac.com\/semmexico\/wp-content\/uploads\/2021\/10\/poistal-1.jpeg\" data-link=\"https:\/\/redsemlac.com\/semmexico\/?attachment_id=40537\" class=\"wp-image-40537\"\/><\/a><\/figure><\/li><li class=\"blocks-gallery-item\"><figure><a href=\"https:\/\/redsemlac.com\/semmexico\/wp-content\/uploads\/2021\/10\/postal-2.jpeg\"><img decoding=\"async\" src=\"https:\/\/redsemlac.com\/semmexico\/wp-content\/uploads\/2021\/10\/postal-2-1024x1024.jpeg\" alt=\"\" data-id=\"40538\" data-full-url=\"https:\/\/redsemlac.com\/semmexico\/wp-content\/uploads\/2021\/10\/postal-2.jpeg\" data-link=\"https:\/\/redsemlac.com\/semmexico\/?attachment_id=40538\" class=\"wp-image-40538\"\/><\/a><\/figure><\/li><li class=\"blocks-gallery-item\"><figure><a href=\"https:\/\/redsemlac.com\/semmexico\/wp-content\/uploads\/2021\/10\/postal-3.jpeg\"><img decoding=\"async\" src=\"https:\/\/redsemlac.com\/semmexico\/wp-content\/uploads\/2021\/10\/postal-3-1024x1024.jpeg\" alt=\"\" data-id=\"40539\" data-full-url=\"https:\/\/redsemlac.com\/semmexico\/wp-content\/uploads\/2021\/10\/postal-3.jpeg\" data-link=\"https:\/\/redsemlac.com\/semmexico\/?attachment_id=40539\" class=\"wp-image-40539\"\/><\/a><\/figure><\/li><li class=\"blocks-gallery-item\"><figure><a href=\"https:\/\/redsemlac.com\/semmexico\/wp-content\/uploads\/2021\/10\/postal-4.jpeg\"><img decoding=\"async\" src=\"https:\/\/redsemlac.com\/semmexico\/wp-content\/uploads\/2021\/10\/postal-4-1024x1024.jpeg\" alt=\"\" data-id=\"40540\" data-full-url=\"https:\/\/redsemlac.com\/semmexico\/wp-content\/uploads\/2021\/10\/postal-4.jpeg\" data-link=\"https:\/\/redsemlac.com\/semmexico\/?attachment_id=40540\" class=\"wp-image-40540\"\/><\/a><\/figure><\/li><\/ul><\/figure>\n\n\n\n<p class=\"wp-block-paragraph\">Las familias de las v\u00edctimas de feminicidio o, en su caso, las v\u00edctimas de tentativa de feminicidio, deben enviar al correo electr\u00f3nico <a href=\"mailto:tribunalfeminicidiooax@gmail.com\">tribunalfeminicidiooax@gmail.com<\/a>, a m\u00e1s tardar a las 18 horas del pr\u00f3ximo 10 de octubre un resumen del caso de m\u00e1ximo 3 cuartillas. As\u00ed como datos de contacto para su identificaci\u00f3n y comunicaci\u00f3n posterior.<\/p>\n\n\n\n<p class=\"wp-block-paragraph\">Otras de las consideraciones que dieron lugar al Tribunal, se\u00f1ala el equipo coordinador, se basa en la violaci\u00f3n a los derechos humanos de las mujeres que son v\u00edctimas de la violencia de g\u00e9nero.<\/p>\n\n\n\n<p class=\"wp-block-paragraph\">Que la violencia contra las mujeres no son hechos aislados sino reflejo de la estructura social patriarcal, que discrimina, excluye y desvaloriza la vida de las mujeres.<\/p>\n\n\n\n<p class=\"wp-block-paragraph\">Que es obligaci\u00f3n del Estado prevenir, investigar y sancionar la violencia contra las mujeres.<\/p>\n\n\n\n<p class=\"wp-block-paragraph\">Que las v\u00edctimas directas e indirectas de los delitos de feminicidio y tentativa de feminicidio ven obstaculizado el acceso a la justicia por parte de las autoridades correspondientes.<\/p>\n\n\n\n<p class=\"wp-block-paragraph\">Que la dilaci\u00f3n de la justicia afecta de forma directa la vida de las familias de las v\u00edctimas, y que el no acceso a la justicia genera impunidad y esta es resultado de la incapacidad institucional y da\u00f1a a toda la sociedad, pero en especial, a las mujeres.<\/p>\n\n\n\n<p class=\"wp-block-paragraph\">SEM\/sj<\/p>\n","protected":false},"excerpt":{"rendered":"<p>Consorcio Oaxaca, OCNF y madres de v\u00edctimas de feminicidio lanzan la iniciativa de justicia ciudadana<\/p>\n","protected":false},"author":3,"featured_media":40537,"comment_status":"open","ping_status":"open","sticky":false,"template":"","format":"standard","meta":{"_monsterinsights_skip_tracking":false,"footnotes":""},"categories":[692,54],"tags":[149,146],"class_list":["post-40535","post","type-post","status-publish","format-standard","has-post-thumbnail","category-692","category-mujeres","tag-mujeres","tag-oaxaca"],"_links":{"self":[{"href":"https:\/\/redsemlac.com\/semmexico\/wp-json\/wp\/v2\/posts\/40535","targetHints":{"allow":["GET"]}}],"collection":[{"href":"https:\/\/redsemlac.com\/semmexico\/wp-json\/wp\/v2\/posts"}],"about":[{"href":"https:\/\/redsemlac.com\/semmexico\/wp-json\/wp\/v2\/types\/post"}],"author":[{"embeddable":true,"href":"https:\/\/redsemlac.com\/semmexico\/wp-json\/wp\/v2\/users\/3"}],"replies":[{"embeddable":true,"href":"https:\/\/redsemlac.com\/semmexico\/wp-json\/wp\/v2\/comments?post=40535"}],"version-history":[{"count":0,"href":"https:\/\/redsemlac.com\/semmexico\/wp-json\/wp\/v2\/posts\/40535\/revisions"}],"wp:featuredmedia":[{"embeddable":true,"href":"https:\/\/redsemlac.com\/semmexico\/wp-json\/wp\/v2\/media\/40537"}],"wp:attachment":[{"href":"https:\/\/redsemlac.com\/semmexico\/wp-json\/wp\/v2\/media?parent=40535"}],"wp:term":[{"taxonomy":"category","embeddable":true,"href":"https:\/\/redsemlac.com\/semmexico\/wp-json\/wp\/v2\/categories?post=40535"},{"taxonomy":"post_tag","embeddable":true,"href":"https:\/\/redsemlac.com\/semmexico\/wp-json\/wp\/v2\/tags?post=40535"}],"curies":[{"name":"wp","href":"https:\/\/api.w.org\/{rel}","templated":true}]}}