{"id":40530,"date":"2021-10-04T09:26:50","date_gmt":"2021-10-04T15:26:50","guid":{"rendered":"https:\/\/redsemlac.com\/semmexico\/?p=40530"},"modified":"2023-07-21T17:07:23","modified_gmt":"2023-07-21T22:07:23","slug":"cerca-de-30-mil-mujeres-se-reportaron-en-el-pais-con-casos-de-cancer-de-mama-en-2020","status":"publish","type":"post","link":"https:\/\/redsemlac.com\/semmexico\/cerca-de-30-mil-mujeres-se-reportaron-en-el-pais-con-casos-de-cancer-de-mama-en-2020\/","title":{"rendered":"Cerca de 30 mil mujeres se reportaron en el pa\u00eds con casos de c\u00e1ncer de mama en 2020"},"content":{"rendered":"\n<ul class=\"wp-block-list\"><li><strong>Campa\u00f1a \u201cContra el c\u00e1ncer yo act\u00fao\u201d en octubre: Secretar\u00eda de Salud<\/strong><\/li><\/ul>\n\n\n\n<ul class=\"wp-block-list\"><li><strong>Asegura contar con servicios de tamizaje y diagn\u00f3stico y prevenir la primera causa de muerte<\/strong><\/li><\/ul>\n\n\n\n<p class=\"wp-block-paragraph\"><strong>Elda Montiel<\/strong><\/p>\n\n\n\n<p class=\"wp-block-paragraph\">SemM\u00e9xico, Cd. de M\u00e9xico, 2 de octubre 2021.- En M\u00e9xico el c\u00e1ncer de mama es la primera causa de muerte por tumor maligno en las mujeres desde el 2006, y en el 2020 se reportaron 29 mil 929 casos nuevos y siete mil 931 fallecimientos secundarios a este tipo de c\u00e1ncer.<\/p>\n\n\n\n<p class=\"wp-block-paragraph\">A nivel mundial, cerca de 685 mil mujeres fallecieron como consecuencia de esta enfermedad, por lo que es un c\u00e1ncer com\u00fan en la mujer que afecta a cualquier edad.<\/p>\n\n\n\n<p class=\"wp-block-paragraph\">Por lo que en el mes de octubre la Secretar\u00eda de Salud arranca la campa\u00f1a nacional \u201cContra el c\u00e1ncer yo act\u00fao\u201d, para hacer un llamado a la poblaci\u00f3n a participar en la prevenci\u00f3n y detecci\u00f3n temprana de esta enfermedad.<\/p>\n\n\n\n<p class=\"wp-block-paragraph\">El sector Salud cuenta con una red de servicios para el tamizaje y diagn\u00f3stico que est\u00e1n disponibles durante todo el a\u00f1o; son seguros, gratuitos&nbsp;y aplican el protocolo sanitario para evitar el contagio de COVID-19.&nbsp;<\/p>\n\n\n\n<p class=\"wp-block-paragraph\">La pandemia ocasiono la disminuci\u00f3n de las coberturas de detecci\u00f3n de c\u00e1ncer de mama a trav\u00e9s de la exploraci\u00f3n cl\u00ednica y de la mastograf\u00eda de tamizaje y diagn\u00f3stico, en las 32 entidades federativas, indic\u00f3 el Programa de Prevenci\u00f3n y Control de C\u00e1ncer de la Mujer del Centro Nacional de Equidad de G\u00e9nero y Salud Reproductiva (CNEGSR). &nbsp;<\/p>\n\n\n\n<p class=\"wp-block-paragraph\">El c\u00e1ncer de mama se sigue detectando en etapas avanzadas o metast\u00e1sicas, pero puede ser curable si se detecta a tiempo. La detecci\u00f3n temprana, el diagn\u00f3stico oportuno y el tratamiento adecuado pueden cambiar la historia y lograr que el c\u00e1ncer de mama pase de ser una enfermedad mortal a una curable.<\/p>\n\n\n\n<p class=\"wp-block-paragraph\">Para avanzar en los compromisos y metas establecidas desde la salud p\u00fablica se requieren esfuerzos adicionales de prevenci\u00f3n y promoci\u00f3n de la salud, por ello mediante la campa\u00f1a nacional \u201cContra el c\u00e1ncer yo act\u00fao\u201d se invita a la poblaci\u00f3n y \u00e1reas involucradas a generar condiciones que faciliten a las mujeres adultas asistir a las unidades m\u00e9dicas para detecci\u00f3n y diagn\u00f3stico oportuno.<\/p>\n","protected":false},"excerpt":{"rendered":"<p>Campa\u00f1a \u201cContra el c\u00e1ncer yo act\u00fao\u201d en octubre: Secretar\u00eda de Salud<\/p>\n","protected":false},"author":3,"featured_media":40531,"comment_status":"open","ping_status":"open","sticky":false,"template":"","format":"standard","meta":{"_monsterinsights_skip_tracking":false,"footnotes":""},"categories":[692,51],"tags":[],"class_list":["post-40530","post","type-post","status-publish","format-standard","has-post-thumbnail","category-692","category-ejecutivo"],"_links":{"self":[{"href":"https:\/\/redsemlac.com\/semmexico\/wp-json\/wp\/v2\/posts\/40530","targetHints":{"allow":["GET"]}}],"collection":[{"href":"https:\/\/redsemlac.com\/semmexico\/wp-json\/wp\/v2\/posts"}],"about":[{"href":"https:\/\/redsemlac.com\/semmexico\/wp-json\/wp\/v2\/types\/post"}],"author":[{"embeddable":true,"href":"https:\/\/redsemlac.com\/semmexico\/wp-json\/wp\/v2\/users\/3"}],"replies":[{"embeddable":true,"href":"https:\/\/redsemlac.com\/semmexico\/wp-json\/wp\/v2\/comments?post=40530"}],"version-history":[{"count":0,"href":"https:\/\/redsemlac.com\/semmexico\/wp-json\/wp\/v2\/posts\/40530\/revisions"}],"wp:featuredmedia":[{"embeddable":true,"href":"https:\/\/redsemlac.com\/semmexico\/wp-json\/wp\/v2\/media\/40531"}],"wp:attachment":[{"href":"https:\/\/redsemlac.com\/semmexico\/wp-json\/wp\/v2\/media?parent=40530"}],"wp:term":[{"taxonomy":"category","embeddable":true,"href":"https:\/\/redsemlac.com\/semmexico\/wp-json\/wp\/v2\/categories?post=40530"},{"taxonomy":"post_tag","embeddable":true,"href":"https:\/\/redsemlac.com\/semmexico\/wp-json\/wp\/v2\/tags?post=40530"}],"curies":[{"name":"wp","href":"https:\/\/api.w.org\/{rel}","templated":true}]}}