{"id":40527,"date":"2021-10-04T09:22:04","date_gmt":"2021-10-04T15:22:04","guid":{"rendered":"https:\/\/redsemlac.com\/semmexico\/?p=40527"},"modified":"2023-07-21T17:07:24","modified_gmt":"2023-07-21T22:07:24","slug":"un-millon-de-menores-en-el-desamparo-por-covid-feminicidio-pobreza-migracion-y-crimen","status":"publish","type":"post","link":"https:\/\/redsemlac.com\/semmexico\/un-millon-de-menores-en-el-desamparo-por-covid-feminicidio-pobreza-migracion-y-crimen\/","title":{"rendered":"Un mill\u00f3n de menores en el desamparo por COVID, feminicidio, pobreza, migraci\u00f3n y crimen"},"content":{"rendered":"\n<ul class=\"wp-block-list\"><li><strong>Ricardo Monreal \u00c1vila desde el Senado, propone reformar la Constituci\u00f3n para una Ley Nacional de Registro de Orfandad<\/strong>\u00a0<\/li><\/ul>\n\n\n\n<ul class=\"wp-block-list\"><li>Servir\u00eda para&nbsp;identificar&nbsp;&nbsp; ni\u00f1as, ni\u00f1os y adolescentes ante la p\u00e9rdida de sus progenitores &nbsp;&nbsp;<\/li><\/ul>\n\n\n\n<p class=\"wp-block-paragraph\"><em>Redacci\u00f3n<\/em><\/p>\n\n\n\n<p class=\"wp-block-paragraph\">Sem\u00edtico, Cd. de M\u00e9xico, 4 de octubre, 2021.-Luego de informar que en M\u00e9xico hay m\u00e1s de un mill\u00f3n de ni\u00f1as, ni\u00f1os y adolescentes en orfandad, derivado de factores como la pandemia por Covid-19, la violencia, los feminicidios, el crimen organizado, la pobreza o las migraciones, Morena promover\u00e1 la expedici\u00f3n de la Ley Nacional de Registro de Orfandad.&nbsp;<\/p>\n\n\n\n<p class=\"wp-block-paragraph\">El morenista y senador Ricardo Monreal \u00c1vila, explic\u00f3 que en M\u00e9xico no existe un ordenamiento que permita atender este problema de manera integral.&nbsp;<\/p>\n\n\n\n<p class=\"wp-block-paragraph\">El jefe de la Junta de Coordinaci\u00f3n Pol\u00edtica adelant\u00f3 que presentar\u00e1 una iniciativa que tiene el objetivo de dotar de facultades al Congreso de la Uni\u00f3n para expedir la Ley Nacional de Registro de Orfandad. &nbsp;<\/p>\n\n\n\n<p class=\"wp-block-paragraph\">Explic\u00f3 que se trata de crear una base de datos para identificar la vulnerabilidad en la que quedan los menores de edad ante la p\u00e9rdida de su madre, padre o persona tutora; adem\u00e1s de garantizarles sus derechos humanos.&nbsp;<\/p>\n\n\n\n<p class=\"wp-block-paragraph\">La propuesta, que reforma la fracci\u00f3n XXIX-P del art\u00edculo 73 de la Constituci\u00f3n Pol\u00edtica, busca hacer valer el derecho a la familia de las y los menores en orfandad, al posibilitar que sean canalizados con familiares alternos, familias en acogimiento o dados en adopci\u00f3n.&nbsp;<\/p>\n\n\n\n<p class=\"wp-block-paragraph\">Monreal \u00c1vila explic\u00f3 que la Ley deber\u00e1 observar un m\u00ednimo de previsiones como las caracter\u00edsticas generales del Registro de Orfandad y los principios que regir\u00e1n su conformaci\u00f3n, uso y conservaci\u00f3n, as\u00ed como atender en todo momento al inter\u00e9s superior de la ni\u00f1ez.&nbsp;<\/p>\n\n\n\n<p class=\"wp-block-paragraph\">Adem\u00e1s de adoptar las mejores pr\u00e1cticas internacionales en la materia; as\u00ed como incluir los datos que favorezcan las acciones del Estado orientadas a garantizar los derechos humanos de las ni\u00f1as, ni\u00f1os y adolescentes, en t\u00e9rminos del art\u00edculo primero constitucional.&nbsp;<\/p>\n\n\n\n<p class=\"wp-block-paragraph\">Tambi\u00e9n, dijo, tendr\u00e1 que incluir los datos derivados de las m\u00faltiples causas que generan la p\u00e9rdida de cuidados parentales en el caso de ni\u00f1as, ni\u00f1os y adolescentes, frente al fallecimiento de la madre, el padre o persona tutora.&nbsp;<\/p>\n\n\n\n<p class=\"wp-block-paragraph\">Ricardo Monreal \u00c1vila asent\u00f3 que este ordenamiento deber\u00e1 establecer mecanismos para darle el debido tratamiento a los datos personales, la administraci\u00f3n y operaci\u00f3n del Registro, las bases para un sistema de consulta digital, y los criterios para clasificar la informaci\u00f3n como reservada o confidencial.&nbsp;<\/p>\n\n\n\n<p class=\"wp-block-paragraph\">Adem\u00e1s, detallar\u00e1 quienes son las personas autorizadas para acceder a esta informaci\u00f3n y las atribuciones de los servidores p\u00fablicos; as\u00ed como la actuaci\u00f3n que deber\u00e1 desplegar el Registro y su personal en caso de hechos que pongan en riesgo o vulneren la base de datos.&nbsp;<\/p>\n","protected":false},"excerpt":{"rendered":"<p>Ricardo Monreal \u00c1vila desde el Senado, propone reformar la Constituci\u00f3n para una Ley Nacional de Registro de Orfandad<\/p>\n","protected":false},"author":3,"featured_media":40528,"comment_status":"open","ping_status":"open","sticky":false,"template":"","format":"standard","meta":{"_monsterinsights_skip_tracking":false,"footnotes":""},"categories":[692,50],"tags":[],"class_list":["post-40527","post","type-post","status-publish","format-standard","has-post-thumbnail","category-692","category-congreso"],"_links":{"self":[{"href":"https:\/\/redsemlac.com\/semmexico\/wp-json\/wp\/v2\/posts\/40527","targetHints":{"allow":["GET"]}}],"collection":[{"href":"https:\/\/redsemlac.com\/semmexico\/wp-json\/wp\/v2\/posts"}],"about":[{"href":"https:\/\/redsemlac.com\/semmexico\/wp-json\/wp\/v2\/types\/post"}],"author":[{"embeddable":true,"href":"https:\/\/redsemlac.com\/semmexico\/wp-json\/wp\/v2\/users\/3"}],"replies":[{"embeddable":true,"href":"https:\/\/redsemlac.com\/semmexico\/wp-json\/wp\/v2\/comments?post=40527"}],"version-history":[{"count":0,"href":"https:\/\/redsemlac.com\/semmexico\/wp-json\/wp\/v2\/posts\/40527\/revisions"}],"wp:featuredmedia":[{"embeddable":true,"href":"https:\/\/redsemlac.com\/semmexico\/wp-json\/wp\/v2\/media\/40528"}],"wp:attachment":[{"href":"https:\/\/redsemlac.com\/semmexico\/wp-json\/wp\/v2\/media?parent=40527"}],"wp:term":[{"taxonomy":"category","embeddable":true,"href":"https:\/\/redsemlac.com\/semmexico\/wp-json\/wp\/v2\/categories?post=40527"},{"taxonomy":"post_tag","embeddable":true,"href":"https:\/\/redsemlac.com\/semmexico\/wp-json\/wp\/v2\/tags?post=40527"}],"curies":[{"name":"wp","href":"https:\/\/api.w.org\/{rel}","templated":true}]}}