{"id":40519,"date":"2021-10-03T14:43:54","date_gmt":"2021-10-03T20:43:54","guid":{"rendered":"https:\/\/redsemlac.com\/semmexico\/?p=40519"},"modified":"2023-07-21T17:07:24","modified_gmt":"2023-07-21T22:07:24","slug":"mujer-y-poder-beatriz-deje-de-cantar","status":"publish","type":"post","link":"https:\/\/redsemlac.com\/semmexico\/mujer-y-poder-beatriz-deje-de-cantar\/","title":{"rendered":"MUJER Y PODER| Beatriz: Deje de Cantar"},"content":{"rendered":"\n<p class=\"wp-block-paragraph\">Natalia Vidales de Bitterlin<\/p>\n\n\n\n<p class=\"wp-block-paragraph\">SemM\u00e9xico, Hermosillo, Sonora, 3 de octubre, 2021.-Nadie puede negar que se est\u00e1 abusado de la libertad que existe en las redes sociales (twiter y face) donde lo peor del ser humano sale a relucir con palabras hirientes, ofensivas y cargadas de odio de quien utiliza el sitio para denostar, ofender y desprestigiar a su antojo.&nbsp;<\/p>\n\n\n\n<p class=\"wp-block-paragraph\">Y quien anda en ese entramado no puede evitar ser v\u00edctima del sarcasmo, de comentarios indebidos e insidiosos y cargados de hiel, por lo que millones de personas -sobre todo figuras p\u00fablicas que tienen mucho que perder- se alejan de tener mayor participaci\u00f3n y prefieren la prudencia para evitar enfrentamientos est\u00e9riles y no exponerse a la burla y el resentimiento de personas sin escr\u00fapulos que juzgan y condenan a su antojo sin importarles las consecuencias de sus acciones.<\/p>\n\n\n\n<p class=\"wp-block-paragraph\">Es lamentable, pero esto es as\u00ed. Es nuestra realidad y debemos m\u00e1s que aceptarla, aguantarla.&nbsp;<\/p>\n\n\n\n<p class=\"wp-block-paragraph\">Por ello, nos parece indebido que el presidente -un d\u00eda s\u00ed y otro tambi\u00e9n- atienda en sus ma\u00f1aneras las opiniones negativas -en relaci\u00f3n a su persona y a la de algunos miembros de su familia-&nbsp;&nbsp;que, de forma constante y an\u00f3nima, en innumerables ocasiones, se publican en las redes.<\/p>\n\n\n\n<p class=\"wp-block-paragraph\">Viene a cuento lo anterior, porque en la \u00faltima semana de septiembre, el presidente y los morenistas explotaron en las redes por un comentario negativo publicado en Twitter en contra de Beatriz Guti\u00e9rrez Muller, la esposa de L\u00f3pez Obrador. Pero fue exagerada la respuesta y fue indebida porque ella -y los asesores de la presidencia- deber\u00edan saber que no est\u00e1 exenta de ser v\u00edctima de las burlas, opiniones y ofensas sencillamente por ser la esposa del presidente.&nbsp;&nbsp;<\/p>\n\n\n\n<p class=\"wp-block-paragraph\">Ella est\u00e1 m\u00e1s que expuesta y ha pecado de imprudente al fomentar el debate y la discordia en su sitio de las redes sociales; ha ca\u00eddo en el juego al participar en debates ociosos promoviendo incluso el enfrentamiento. Y tiene que entender que hay consecuencias, y que estas no acabar\u00e1n con la estrategia de exagerados e incluso rid\u00edculos halagos que se operaron en marcha desde Palacio, procurando combatir a los medios con sus propias armas.&nbsp;&nbsp;<\/p>\n\n\n\n<p class=\"wp-block-paragraph\">Al grueso de la poblaci\u00f3n no nos importa que ella cante bien y que el presidente la ame y le exprese su admiraci\u00f3n en las redes, como se ha estado publicando.&nbsp;&nbsp;&nbsp;&nbsp;Nos importar\u00eda mejor verla mostrando empat\u00eda y apoyando a los mexicanos que sufren para llevar comida a sus casas, o buscando alternativas para que no falten medicamentos para los ni\u00f1os enfermos, o haciendo labor altruista como hacen millones de mujeres -de esas de la clase \u00a8fif\u00ed\u00a8 c\u00f3mo despectivamente nombra el presidente a quien a base de esfuerzo ha hecho fortuna- que no se conforman con disfrutar su privilegiado status sino que salen a las colonias populares a capacitar a las mujeres en situaci\u00f3n vulnerable.&nbsp;<\/p>\n\n\n\n<p class=\"wp-block-paragraph\">\u00a1No la ofender\u00edan tan feo si se dedicara a cosas m\u00e1s positivas un par de horas al d\u00eda o\u2026!&nbsp;&nbsp;vaya! concentrada en su quehacer como Coordinadora de la Memoria Hist\u00f3rica y Cultural de M\u00e9xico.&nbsp;<\/p>\n\n\n\n<p class=\"wp-block-paragraph\">Con los reflectores que como esposa del presidente tiene, pudiera hacer mucho para lograr mejores condiciones de vida para los desprotegidos que abundan por las calles pidiendo limosna.&nbsp;<\/p>\n\n\n\n<p class=\"wp-block-paragraph\">Las canciones\u2026 que las deje para sus fiestas personales si no quiere que, luego, el pueblo \u00a8bueno y sabio\u00a8 empiece a compararla con otras Primeras Damas tambi\u00e9n de vergonzoso desempe\u00f1o.&nbsp;&nbsp;&nbsp;<\/p>\n\n\n\n<p class=\"wp-block-paragraph\">No est\u00e1n los tiempos para que ella muestre su felicidad con cantos mientras el grueso de la poblaci\u00f3n sufre precisamente por el mal gobierno que encabeza su esposo.&nbsp;&nbsp;<\/p>\n\n\n\n<p class=\"wp-block-paragraph\">Beatriz, por favor\u2026. \u00a1deje de cantar!&nbsp;<\/p>\n","protected":false},"excerpt":{"rendered":"<p>Natalia Vidales de Bitterlin SemM\u00e9xico, Hermosillo, Sonora, 3 de octubre, 2021.-Nadie puede negar que se est\u00e1 abusado de la libertad que existe en las redes sociales (twiter y face) donde lo peor del ser humano sale a relucir con palabras hirientes, ofensivas y cargadas de odio de quien utiliza el sitio para denostar, ofender y [&hellip;]<\/p>\n","protected":false},"author":3,"featured_media":38550,"comment_status":"open","ping_status":"open","sticky":false,"template":"","format":"standard","meta":{"_monsterinsights_skip_tracking":false,"footnotes":""},"categories":[692,100,72,35],"tags":[],"class_list":["post-40519","post","type-post","status-publish","format-standard","has-post-thumbnail","category-692","category-mujer-y-poder","category-natalia-vidales","category-opinion"],"_links":{"self":[{"href":"https:\/\/redsemlac.com\/semmexico\/wp-json\/wp\/v2\/posts\/40519","targetHints":{"allow":["GET"]}}],"collection":[{"href":"https:\/\/redsemlac.com\/semmexico\/wp-json\/wp\/v2\/posts"}],"about":[{"href":"https:\/\/redsemlac.com\/semmexico\/wp-json\/wp\/v2\/types\/post"}],"author":[{"embeddable":true,"href":"https:\/\/redsemlac.com\/semmexico\/wp-json\/wp\/v2\/users\/3"}],"replies":[{"embeddable":true,"href":"https:\/\/redsemlac.com\/semmexico\/wp-json\/wp\/v2\/comments?post=40519"}],"version-history":[{"count":0,"href":"https:\/\/redsemlac.com\/semmexico\/wp-json\/wp\/v2\/posts\/40519\/revisions"}],"wp:featuredmedia":[{"embeddable":true,"href":"https:\/\/redsemlac.com\/semmexico\/wp-json\/wp\/v2\/media\/38550"}],"wp:attachment":[{"href":"https:\/\/redsemlac.com\/semmexico\/wp-json\/wp\/v2\/media?parent=40519"}],"wp:term":[{"taxonomy":"category","embeddable":true,"href":"https:\/\/redsemlac.com\/semmexico\/wp-json\/wp\/v2\/categories?post=40519"},{"taxonomy":"post_tag","embeddable":true,"href":"https:\/\/redsemlac.com\/semmexico\/wp-json\/wp\/v2\/tags?post=40519"}],"curies":[{"name":"wp","href":"https:\/\/api.w.org\/{rel}","templated":true}]}}