{"id":40454,"date":"2021-09-29T18:18:46","date_gmt":"2021-09-30T00:18:46","guid":{"rendered":"https:\/\/redsemlac.com\/semmexico\/?p=40454"},"modified":"2023-07-21T17:07:26","modified_gmt":"2023-07-21T22:07:26","slug":"es-nuestro-derecho-no-depende-de-su-voluntad-gusto-ni-parecer-feministas-en-jalisco-exigen-a-diputados-armonizar-leyes","status":"publish","type":"post","link":"https:\/\/redsemlac.com\/semmexico\/es-nuestro-derecho-no-depende-de-su-voluntad-gusto-ni-parecer-feministas-en-jalisco-exigen-a-diputados-armonizar-leyes\/","title":{"rendered":"\u201cEs nuestro derecho. No depende de su voluntad, gusto ni parecer\u201d: feministas en Jalisco exigen a diputados armonizar leyes"},"content":{"rendered":"\n<ul class=\"wp-block-list\"><li><strong>Llaman a las mujeres a construir un movimiento social feminista independiente encaminado a luchar para garantizar los derechos de las mujeres en el estado<\/strong><\/li><\/ul>\n\n\n\n<p class=\"wp-block-paragraph\"><strong>Analy Nu\u00f1o<\/strong><\/p>\n\n\n\n<p class=\"wp-block-paragraph\">SemM\u00e9xico, 29 de septiembre de 2021, Guadalajara, Jalisco.- Con un exhorto a los a armonizar las leyes de Jalisco con las resoluciones de la Suprema Corte de Justicia de la Naci\u00f3n y un llamado a las mujeres jaliscienses a crear un movimiento social feminista independiente, colectivas feministas y mujeres a t\u00edtulo personal marcharon este 28 de septiembre en la entidad.<\/p>\n\n\n\n<p class=\"wp-block-paragraph\">Durante la marcha por la despenalizaci\u00f3n del aborto en Jalisco, las manifestantes gritaron consignas en contra del patriarcado, la iglesia y la violencia machista que coloca a Jalisco en segundo lugar nacional en feminicidios y exigieron la inmediata armonizaci\u00f3n de las leyes.<\/p>\n\n\n\n<p class=\"wp-block-paragraph\">\u201cEstamos hoy ac\u00e1 para encontrarnos y para exigirle al Poder legislativo que armonice las leyes estatales con las resoluciones de la suprema Corte de Justicia de la Naci\u00f3n, es nuestro derecho y no depende de su voluntad, gusto ni parecer\u201d, se\u00f1al\u00f3 una de las organizadoras.<\/p>\n\n\n\n<p class=\"wp-block-paragraph\">Otra de las organizadoras, agreg\u00f3: \u201cfanfarronean con desafiar lo resuelto por la Suprema Corte de Justicia de la Naci\u00f3n. Payasos de un circo en el que las vidas que se pierden son las de las mujeres. Veremos si caen en desacato, aqu\u00ed estaremos para verlos irse a un lugar del que nunca volver\u00e1n\u201d.<\/p>\n\n\n\n<p class=\"wp-block-paragraph\">Las colectivas advirtieron a los diputados que la carrera pol\u00edtica inicio con la marcha, por lo que estar\u00e1n atentas a las posturas de cada uno de los legisladores en torno a garantizar los derechos de las mujeres y que esto se refleje en las urnas.<\/p>\n\n\n\n<p class=\"wp-block-paragraph\">\u201cTenemos derechos y no votaremos por quienes no lo hayan entendido. Dicen estar preocupados porque la iglesia los ex comulgue, pero sabemos que les preocupa m\u00e1s quedarse sin su curul, sin su puesto, sin su tajada del presupuesto inmoral que el pueblo pobre les paga a trav\u00e9s de nuestros impuestos. Pues eso pasar\u00e1 cuando nos unamos para elegir solo a aquellas personas que resuelvan nuestras prioridades y nuestros problemas, no a quienes lucren con ellos\u201d.<\/p>\n\n\n\n<p class=\"wp-block-paragraph\">C\u00f3mo parte de las acciones encaminas a que obligar al Estado a garantizar los derechos de las mujeres, las colectivas lanzaron un llamado a las mujeres a consolidar una pr\u00e1ctica pol\u00edtica feminista, \u201cante est\u00e1 realidad proponemos continuar con nuestra lucha, pero intentar acuerparnos m\u00e1s, pactar entre nosotras, construir y consolidar un movimiento social que nos permita avanzar sin depender de la voluntad de los pol\u00edticos en turno que usan nuestros derechos y nuestra vida como moneda de cambio\u201d.<\/p>\n\n\n\n<p class=\"wp-block-paragraph\">\u201cConstruyamos un movimiento social feminista independiente de machos y patriarcas, de iglesias, de partidos pol\u00edticos y del estado\u201d.<\/p>\n\n\n\n<p class=\"wp-block-paragraph\">Convocaron a una reunirse el 25 de noviembre pr\u00f3ximo para \u201ccelebrar la despenalizaci\u00f3n del aborto en Jalisco\u201d, y en caso de que no se haya logrado el cambio en la ley para entonces, la marcha ser\u00e1 para definir la estrategia de resistencia \u201ccontra la violencia machista, la desaparici\u00f3n y la muerte. Y otra vez reun\u00e1monos el 8 de marzo para establecer la forma en la que terminaremos de derrocar al patriarcado y al capitalismo, porque juntas somos la fuerza, juntas somos el ma\u00f1ana, juntas venceremos\u201d.<\/p>\n\n\n\n<p class=\"wp-block-paragraph\">Durante la marcha, el contingente pas\u00f3 por dos iglesias resguardas por hombres que hicieron vallas humanas, portaban pa\u00f1uelos azules y gritaban ofensas a las mujeres. El contingente transit\u00f3 por los carriles de enfrente a fin de evitar caer en provocaciones.<\/p>\n","protected":false},"excerpt":{"rendered":"<p>Llaman a las mujeres a construir un movimiento social feminista independiente encaminado a luchar para garantizar los derechos de las mujeres en el estado<\/p>\n","protected":false},"author":3,"featured_media":40455,"comment_status":"open","ping_status":"open","sticky":false,"template":"","format":"standard","meta":{"_monsterinsights_skip_tracking":false,"footnotes":""},"categories":[692,54],"tags":[149],"class_list":["post-40454","post","type-post","status-publish","format-standard","has-post-thumbnail","category-692","category-mujeres","tag-mujeres"],"_links":{"self":[{"href":"https:\/\/redsemlac.com\/semmexico\/wp-json\/wp\/v2\/posts\/40454","targetHints":{"allow":["GET"]}}],"collection":[{"href":"https:\/\/redsemlac.com\/semmexico\/wp-json\/wp\/v2\/posts"}],"about":[{"href":"https:\/\/redsemlac.com\/semmexico\/wp-json\/wp\/v2\/types\/post"}],"author":[{"embeddable":true,"href":"https:\/\/redsemlac.com\/semmexico\/wp-json\/wp\/v2\/users\/3"}],"replies":[{"embeddable":true,"href":"https:\/\/redsemlac.com\/semmexico\/wp-json\/wp\/v2\/comments?post=40454"}],"version-history":[{"count":0,"href":"https:\/\/redsemlac.com\/semmexico\/wp-json\/wp\/v2\/posts\/40454\/revisions"}],"wp:featuredmedia":[{"embeddable":true,"href":"https:\/\/redsemlac.com\/semmexico\/wp-json\/wp\/v2\/media\/40455"}],"wp:attachment":[{"href":"https:\/\/redsemlac.com\/semmexico\/wp-json\/wp\/v2\/media?parent=40454"}],"wp:term":[{"taxonomy":"category","embeddable":true,"href":"https:\/\/redsemlac.com\/semmexico\/wp-json\/wp\/v2\/categories?post=40454"},{"taxonomy":"post_tag","embeddable":true,"href":"https:\/\/redsemlac.com\/semmexico\/wp-json\/wp\/v2\/tags?post=40454"}],"curies":[{"name":"wp","href":"https:\/\/api.w.org\/{rel}","templated":true}]}}