{"id":40405,"date":"2021-09-28T20:13:17","date_gmt":"2021-09-29T02:13:17","guid":{"rendered":"https:\/\/redsemlac.com\/semmexico\/?p=40405"},"modified":"2023-07-21T17:07:28","modified_gmt":"2023-07-21T22:07:28","slug":"en-hidalgo-abortamos-bajo-la-lluvia","status":"publish","type":"post","link":"https:\/\/redsemlac.com\/semmexico\/en-hidalgo-abortamos-bajo-la-lluvia\/","title":{"rendered":"En Hidalgo abortamos bajo la lluvia"},"content":{"rendered":"\n<ul class=\"wp-block-list\"><li><strong>El fen\u00f3meno meteorol\u00f3gico impidi\u00f3 la marcha<\/strong><\/li><\/ul>\n\n\n\n<p class=\"wp-block-paragraph\">*<strong>Lorena Piedad<\/strong><\/p>\n\n\n\n<p class=\"wp-block-paragraph\">SemM\u00e9xico. Pachuca, Hidalgo. 28 de septiembre 2021.- \u201cGozamos bajo esta lluvia, el cielo llora de alegr\u00eda porque es ley. Se cancela la marcha. Las amamos\u201d (sic), public\u00f3 la Marea Verde de Hidalgo minutos despu\u00e9s de las 7 de la noche para culminar las actividades de este 28 de septiembre con motivo del D\u00eda de Acci\u00f3n Global por al Acceso al Aborto Legal y Seguro.<\/p>\n\n\n\n<p class=\"wp-block-paragraph\">El #orgulloabortero inici\u00f3 en la explanada de Plaza Ju\u00e1rez de Pachuca a las 3 pm con la instalaci\u00f3n de la Mercadita, que recibi\u00f3 v\u00edveres y enseres de limpieza para las hermanas de Tula, declarada zona de desastre por el desbordamiento del r\u00edo.<\/p>\n\n\n\n<p class=\"wp-block-paragraph\">A las 4 pm hubo exposiciones, talleres y charlas; metros adelante un grupo de feligreses estaba de rodillas afuera de la iglesia La Villita para impedir que durante la marcha fueran pintadas las instalaciones.<\/p>\n\n\n\n<p class=\"wp-block-paragraph\">En punto de las 6 pm estaba planeada la concentraci\u00f3n en la explanada decorada al fondo por el monumento de Benito Ju\u00e1rez cubierto por un pa\u00f1uelo gigante color verde que en letras blancas expresaba \u201cen Hidalgo abortamos\u201d.<\/p>\n\n\n\n<p class=\"wp-block-paragraph\">A las 6:03 pm el cielo comenz\u00f3 a derretirse y cubri\u00f3 una a una las letras blancas pintadas en el suelo. Un grupo fue a refugiarse debajo de un techo verde y otro grupo en el quiosco de la plaza donde enton\u00f3 \u201cyo todo lo quemo, yo todo lo rompo si alg\u00fan d\u00eda un fulano te apaga los ojos. Ya nada me calla. Ya todo me sobra. Si tocan a una, respondemos todas\u201d.<\/p>\n\n\n\n<p class=\"wp-block-paragraph\">A las 7:40 pm algunas compa\u00f1eras permanecieron bajo la lluvia y dieron una vuelta alrededor de la plaza para no dejar pasar en silencio la marcha programada.<\/p>\n\n\n\n<p class=\"wp-block-paragraph\">As\u00ed culmin\u00f3 este 28 de septiembre gris en Pachuca, con las consignas bajo el agua, sin marcha, pero con ley porque desde el 30 de junio en Hidalgo es ley. \u00a1En Hidalgo abortamos!<\/p>\n","protected":false},"excerpt":{"rendered":"<p>El fen\u00f3meno meteorol\u00f3gico impidi\u00f3 la marcha<\/p>\n","protected":false},"author":3,"featured_media":40406,"comment_status":"open","ping_status":"open","sticky":false,"template":"","format":"standard","meta":{"_monsterinsights_skip_tracking":false,"footnotes":""},"categories":[692,54],"tags":[149],"class_list":["post-40405","post","type-post","status-publish","format-standard","has-post-thumbnail","category-692","category-mujeres","tag-mujeres"],"_links":{"self":[{"href":"https:\/\/redsemlac.com\/semmexico\/wp-json\/wp\/v2\/posts\/40405","targetHints":{"allow":["GET"]}}],"collection":[{"href":"https:\/\/redsemlac.com\/semmexico\/wp-json\/wp\/v2\/posts"}],"about":[{"href":"https:\/\/redsemlac.com\/semmexico\/wp-json\/wp\/v2\/types\/post"}],"author":[{"embeddable":true,"href":"https:\/\/redsemlac.com\/semmexico\/wp-json\/wp\/v2\/users\/3"}],"replies":[{"embeddable":true,"href":"https:\/\/redsemlac.com\/semmexico\/wp-json\/wp\/v2\/comments?post=40405"}],"version-history":[{"count":0,"href":"https:\/\/redsemlac.com\/semmexico\/wp-json\/wp\/v2\/posts\/40405\/revisions"}],"wp:featuredmedia":[{"embeddable":true,"href":"https:\/\/redsemlac.com\/semmexico\/wp-json\/wp\/v2\/media\/40406"}],"wp:attachment":[{"href":"https:\/\/redsemlac.com\/semmexico\/wp-json\/wp\/v2\/media?parent=40405"}],"wp:term":[{"taxonomy":"category","embeddable":true,"href":"https:\/\/redsemlac.com\/semmexico\/wp-json\/wp\/v2\/categories?post=40405"},{"taxonomy":"post_tag","embeddable":true,"href":"https:\/\/redsemlac.com\/semmexico\/wp-json\/wp\/v2\/tags?post=40405"}],"curies":[{"name":"wp","href":"https:\/\/api.w.org\/{rel}","templated":true}]}}