{"id":40399,"date":"2021-09-28T18:50:38","date_gmt":"2021-09-29T00:50:38","guid":{"rendered":"https:\/\/redsemlac.com\/semmexico\/?p=40399"},"modified":"2023-07-21T17:07:28","modified_gmt":"2023-07-21T22:07:28","slug":"panuelo-verde-arriba-feministas-marchan-a-favor-de-aborto-en-cdmx","status":"publish","type":"post","link":"https:\/\/redsemlac.com\/semmexico\/panuelo-verde-arriba-feministas-marchan-a-favor-de-aborto-en-cdmx\/","title":{"rendered":"Pa\u00f1uelo verde arriba: feministas marchan a favor de aborto en CDMX"},"content":{"rendered":"\n<h4 class=\"wp-block-heading\">As\u00ed transcurri\u00f3 la marcha del #28S en Ciudad de M\u00e9xico<\/h4>\n\n\n\n<p class=\"wp-block-paragraph\">SemM\u00e9xico\/El Sol de M\u00e9xico. 28 de septiembre 2021.- Las feministas encapuchadas lanzaron cohetones y petardos a los elementos de la polic\u00eda, que quedaron atr\u00e1s de la valla, donde hay al menos siete filas de oficiales intentando protegerlo.<\/p>\n\n\n\n<h2 class=\"wp-block-heading\">Bloque negro logra quitar valla de Palacio<\/h2>\n\n\n\n<p class=\"wp-block-paragraph\">El bloque negro de feministas finalmente logr\u00f3 quitar la valla que proteg\u00eda a Palacio Nacional, dejando solo a la siete filas de polic\u00edas que hasta el momento se encuentran ah\u00ed parados para intentar protegerlo pese a las agresiones de este grupo.<\/p>\n\n\n\n<figure class=\"wp-block-embed is-type-rich is-provider-twitter wp-block-embed-twitter\"><div class=\"wp-block-embed__wrapper\">\n<blockquote class=\"twitter-tweet\" data-width=\"550\" data-dnt=\"true\"><p lang=\"es\" dir=\"ltr\">Intentan derribar vallas de Palacio Nacional mientras elementos de polic\u00eda filman. <br><br>Hay al menos siete filas de polic\u00edas detr\u00e1s de los escudos.<br><br>\ud83d\udcf9:<a href=\"https:\/\/twitter.com\/SoyLorraine?ref_src=twsrc%5Etfw\">@SoyLorraine<\/a> <a href=\"https:\/\/t.co\/BMm93pODEi\">pic.twitter.com\/BMm93pODEi<\/a><\/p>&mdash; El Sol de M\u00e9xico (@elsolde_mexico) <a href=\"https:\/\/twitter.com\/elsolde_mexico\/status\/1442996745902854153?ref_src=twsrc%5Etfw\">September 28, 2021<\/a><\/blockquote><script async src=\"https:\/\/platform.twitter.com\/widgets.js\" charset=\"utf-8\"><\/script>\n<\/div><\/figure>\n\n\n\n<h2 class=\"wp-block-heading\">Bloque negro lanza cohetones y petardos a los polic\u00edas<\/h2>\n\n\n\n<p class=\"wp-block-paragraph\">El bloque negro de feministas comenz\u00f3 a lanzar cohetones y petardos a las filas de polic\u00edas que se encuentran detr\u00e1s de la valla que protege a Palacio Nacional.<\/p>\n\n\n\n<p class=\"wp-block-paragraph\">Hasta el momento, param\u00e9dicos del ERUM han atendido a 13 mujeres polic\u00edas, una persona de la Secretar\u00eda de Gobierno, as\u00ed como a cinco mujeres civiles y dos hombres, que resultaron lesionados tras la manifestaci\u00f3n de esta tarde.<\/p>\n\n\n\n<figure class=\"wp-block-embed is-type-rich is-provider-twitter wp-block-embed-twitter\"><div class=\"wp-block-embed__wrapper\">\n<blockquote class=\"twitter-tweet\" data-width=\"550\" data-dnt=\"true\"><p lang=\"es\" dir=\"ltr\">Una mujer es atendida por elementos de la Secretaria de Gesti\u00f3n Integral de Riesgos y Protecci\u00f3n Civil. <br><br>Video: Omar Flores <a href=\"https:\/\/t.co\/Em2JvQIubu\">pic.twitter.com\/Em2JvQIubu<\/a><\/p>&mdash; El Sol de M\u00e9xico (@elsolde_mexico) <a href=\"https:\/\/twitter.com\/elsolde_mexico\/status\/1442989115532722180?ref_src=twsrc%5Etfw\">September 28, 2021<\/a><\/blockquote><script async src=\"https:\/\/platform.twitter.com\/widgets.js\" charset=\"utf-8\"><\/script>\n<\/div><\/figure>\n\n\n\n<h2 class=\"wp-block-heading\">Bloque negro intenta derribar vallas de Palacio<\/h2>\n\n\n\n<p class=\"wp-block-paragraph\">El llamado &#8216;bloque negro&#8217; de feministas lleg\u00f3 al finalmente al Z\u00f3calo capitalino, donde ha intentado derribar las vallas que protegen tanto a la Catedr\u00e1n metropolitana como a Palacio Nacional.<\/p>\n\n\n\n<p class=\"wp-block-paragraph\">Algunas feministas de dicho bloque han escrito sus consignas en los escudos que portan los elementos de la polic\u00eda; hay al menos siete filas de oficiales detr\u00e1s de los escudos.<\/p>\n\n\n\n<figure class=\"wp-block-embed is-type-rich is-provider-twitter wp-block-embed-twitter\"><div class=\"wp-block-embed__wrapper\">\n<blockquote class=\"twitter-tweet\" data-width=\"550\" data-dnt=\"true\"><p lang=\"es\" dir=\"ltr\">Lo que acontece en la valla que protege a la Catedral Metropolitana. <br><br>Fotos: Omar Flores <a href=\"https:\/\/t.co\/fwR8Refc94\">pic.twitter.com\/fwR8Refc94<\/a><\/p>&mdash; El Sol de M\u00e9xico (@elsolde_mexico) <a href=\"https:\/\/twitter.com\/elsolde_mexico\/status\/1442982973557461005?ref_src=twsrc%5Etfw\">September 28, 2021<\/a><\/blockquote><script async src=\"https:\/\/platform.twitter.com\/widgets.js\" charset=\"utf-8\"><\/script>\n<\/div><\/figure>\n\n\n\n<h2 class=\"wp-block-heading\">Protesta feminista llega al Z\u00f3calo capitalino<\/h2>\n\n\n\n<p class=\"wp-block-paragraph\">La marcha feminista a favor del aborto lleg\u00f3 al Z\u00f3calo de la Ciudad de M\u00e9xico. El primer bloque pudo acceder, pero el resto de los grupos va retrasado. El bloque negro es el \u00faltimo del contingente y es el que se ha estado enfrentando con la polic\u00eda que resguarda la zona.<\/p>\n\n\n\n<figure class=\"wp-block-embed is-type-rich is-provider-twitter wp-block-embed-twitter\"><div class=\"wp-block-embed__wrapper\">\n<blockquote class=\"twitter-tweet\" data-width=\"550\" data-dnt=\"true\"><p lang=\"es\" dir=\"ltr\">La marcha abandona el <a href=\"https:\/\/twitter.com\/hashtag\/%C3%81ngelDeLaIndependencia?src=hash&amp;ref_src=twsrc%5Etfw\">#\u00c1ngelDeLaIndependencia<\/a>. <br><br>\ud83d\udcf9: <a href=\"https:\/\/twitter.com\/SoyLorraine?ref_src=twsrc%5Etfw\">@SoyLorraine<\/a> <a href=\"https:\/\/t.co\/8sbiALnpUM\">pic.twitter.com\/8sbiALnpUM<\/a><\/p>&mdash; El Sol de M\u00e9xico (@elsolde_mexico) <a href=\"https:\/\/twitter.com\/elsolde_mexico\/status\/1442961749993345028?ref_src=twsrc%5Etfw\">September 28, 2021<\/a><\/blockquote><script async src=\"https:\/\/platform.twitter.com\/widgets.js\" charset=\"utf-8\"><\/script>\n<\/div><\/figure>\n\n\n\n<h2 class=\"wp-block-heading\">Marcha feminista van rumbo al Z\u00f3calo<\/h2>\n\n\n\n<p class=\"wp-block-paragraph\">Los colectivos feministas caminan sobre Avenida Ju\u00e1rez y ahora van rumbo a la plancha del Z\u00f3calo capitalino.<\/p>\n\n\n\n<figure class=\"wp-block-embed is-type-rich is-provider-twitter wp-block-embed-twitter\"><div class=\"wp-block-embed__wrapper\">\n<blockquote class=\"twitter-tweet\" data-width=\"550\" data-dnt=\"true\"><p lang=\"es\" dir=\"ltr\"><a href=\"https:\/\/twitter.com\/hashtag\/Galer%C3%ADa?src=hash&amp;ref_src=twsrc%5Etfw\">#Galer\u00eda<\/a> \ud83d\udcf8 | As\u00ed se vive la marcha por <a href=\"https:\/\/twitter.com\/hashtag\/AbortoLegal?src=hash&amp;ref_src=twsrc%5Etfw\">#AbortoLegal<\/a> en la <a href=\"https:\/\/twitter.com\/hashtag\/CDMX?src=hash&amp;ref_src=twsrc%5Etfw\">#CDMX<\/a>.<br><br>\ud83d\udcf8: Alejandro Aguilar <a href=\"https:\/\/t.co\/DU9YtAjU8x\">pic.twitter.com\/DU9YtAjU8x<\/a><\/p>&mdash; El Sol de M\u00e9xico (@elsolde_mexico) <a href=\"https:\/\/twitter.com\/elsolde_mexico\/status\/1442967869759787022?ref_src=twsrc%5Etfw\">September 28, 2021<\/a><\/blockquote><script async src=\"https:\/\/platform.twitter.com\/widgets.js\" charset=\"utf-8\"><\/script>\n<\/div><\/figure>\n\n\n\n<h2 class=\"wp-block-heading\">Colectivos feministas van de regreso con la marcha<\/h2>\n\n\n\n<p class=\"wp-block-paragraph\">Todo el grupo, colectivos y bloque negro de feministas van de regreso, por el momento se desconoce si se dirigen hacia el Monumento o hacia el Z\u00f3calo, pero ya abandonaron el \u00c1ngel de la Independencia.<\/p>\n\n\n\n<figure class=\"wp-block-embed is-type-rich is-provider-twitter wp-block-embed-twitter\"><div class=\"wp-block-embed__wrapper\">\n<blockquote class=\"twitter-tweet\" data-width=\"550\" data-dnt=\"true\"><p lang=\"es\" dir=\"ltr\">\ud83d\udde3\ufe0f\u201cNo se va a caer, lo vamos a tirar\u201d <br>\u201cQue ser madre sea una decisi\u00f3n y no una obligaci\u00f3n\u201d<br><br>Estas son algunas de las consignas que se escuchan por la marcha del <a href=\"https:\/\/twitter.com\/hashtag\/28S?src=hash&amp;ref_src=twsrc%5Etfw\">#28S<\/a> <br><br>\ud83d\udcf9: <a href=\"https:\/\/twitter.com\/SoyLorraine?ref_src=twsrc%5Etfw\">@SoyLorraine<\/a> <a href=\"https:\/\/t.co\/ZbkNHUlmrq\">pic.twitter.com\/ZbkNHUlmrq<\/a><\/p>&mdash; El Sol de M\u00e9xico (@elsolde_mexico) <a href=\"https:\/\/twitter.com\/elsolde_mexico\/status\/1442956061330268162?ref_src=twsrc%5Etfw\">September 28, 2021<\/a><\/blockquote><script async src=\"https:\/\/platform.twitter.com\/widgets.js\" charset=\"utf-8\"><\/script>\n<\/div><\/figure>\n\n\n\n<h2 class=\"wp-block-heading\">Feministas leen consignas a favor del aborto<\/h2>\n\n\n\n<p class=\"wp-block-paragraph\">Los grupos feministas a favor del aborto se han dedicado a leer en el altavoz las consignas de sus carteles como \u00abNo se va a caer, lo vamos a tirar\u00bb y \u00abque ser madre sea una decisi\u00f3n y no una obligaci\u00f3n\u00bb.<\/p>\n\n\n\n<figure class=\"wp-block-embed is-type-rich is-provider-twitter wp-block-embed-twitter\"><div class=\"wp-block-embed__wrapper\">\n<blockquote class=\"twitter-tweet\" data-width=\"550\" data-dnt=\"true\"><p lang=\"es\" dir=\"ltr\">La marcha ya lleg\u00f3 al <a href=\"https:\/\/twitter.com\/hashtag\/%C3%81ngelDeLaIndependencia?src=hash&amp;ref_src=twsrc%5Etfw\">#\u00c1ngelDeLaIndependencia<\/a>. El bloque negro est\u00e1 intentando derribar las vallas que lo rodean. <br><br>\ud83d\udcf9: <a href=\"https:\/\/twitter.com\/SoyLorraine?ref_src=twsrc%5Etfw\">@SoyLorraine<\/a> <a href=\"https:\/\/t.co\/KTggU3HXB9\">pic.twitter.com\/KTggU3HXB9<\/a><\/p>&mdash; El Sol de M\u00e9xico (@elsolde_mexico) <a href=\"https:\/\/twitter.com\/elsolde_mexico\/status\/1442951194767413248?ref_src=twsrc%5Etfw\">September 28, 2021<\/a><\/blockquote><script async src=\"https:\/\/platform.twitter.com\/widgets.js\" charset=\"utf-8\"><\/script>\n<\/div><\/figure>\n\n\n\n<h2 class=\"wp-block-heading\">Marcha llega al \u00c1ngel<\/h2>\n\n\n\n<p class=\"wp-block-paragraph\">La marcha de colectivos feministas llega al \u00c1ngel de la Independencia y el bloqueo de feministas encapuchadas est\u00e1n intentando derribar las vallas que lo rodean.<\/p>\n\n\n\n<figure class=\"wp-block-embed is-type-rich is-provider-twitter wp-block-embed-twitter\"><div class=\"wp-block-embed__wrapper\">\n<blockquote class=\"twitter-tweet\" data-width=\"550\" data-dnt=\"true\"><p lang=\"es\" dir=\"ltr\">La marcha dirige su punto final hacia el <a href=\"https:\/\/twitter.com\/hashtag\/%C3%81ngelDeLaIndependencia?src=hash&amp;ref_src=twsrc%5Etfw\">#\u00c1ngelDeLaIndependencia<\/a> y no al <a href=\"https:\/\/twitter.com\/hashtag\/Z%C3%B3calo?src=hash&amp;ref_src=twsrc%5Etfw\">#Z\u00f3calo<\/a>, como se hab\u00eda planteado en un inicio.<br><br>\ud83d\udcf9: <a href=\"https:\/\/twitter.com\/SoyLorraine?ref_src=twsrc%5Etfw\">@SoyLorraine<\/a> <a href=\"https:\/\/t.co\/5FBrsPuxWL\">pic.twitter.com\/5FBrsPuxWL<\/a><\/p>&mdash; El Sol de M\u00e9xico (@elsolde_mexico) <a href=\"https:\/\/twitter.com\/elsolde_mexico\/status\/1442944576415625216?ref_src=twsrc%5Etfw\">September 28, 2021<\/a><\/blockquote><script async src=\"https:\/\/platform.twitter.com\/widgets.js\" charset=\"utf-8\"><\/script>\n<\/div><\/figure>\n\n\n\n<p class=\"wp-block-paragraph\"><strong>Colectivos feministas salen del Monumento a la Revoluci\u00f3n<\/strong><\/p>\n\n\n\n<p class=\"wp-block-paragraph\">Los colectivos feministas iniciaron con la marcha y salieron del Monumento a la Revoluci\u00f3n, tomando Ignacio Ramirez para ir hacia Reforma.<\/p>\n\n\n\n<figure class=\"wp-block-embed is-type-rich is-provider-twitter wp-block-embed-twitter\"><div class=\"wp-block-embed__wrapper\">\n<blockquote class=\"twitter-tweet\" data-width=\"550\" data-dnt=\"true\"><p lang=\"es\" dir=\"ltr\">La marcha buscar\u00e1 esquivar el cerco de polic\u00edas que se despleg\u00f3 a lado del <a href=\"https:\/\/twitter.com\/hashtag\/Caballito?src=hash&amp;ref_src=twsrc%5Etfw\">#Caballito<\/a>; las manifestantes tomar\u00e1n Ignacio Ramirez para ir hacia Reforma<br><br>\ud83d\udcf9: <a href=\"https:\/\/twitter.com\/SoyLorraine?ref_src=twsrc%5Etfw\">@SoyLorraine<\/a> <a href=\"https:\/\/t.co\/wRnwodFhwA\">pic.twitter.com\/wRnwodFhwA<\/a><\/p>&mdash; El Sol de M\u00e9xico (@elsolde_mexico) <a href=\"https:\/\/twitter.com\/elsolde_mexico\/status\/1442942606208495619?ref_src=twsrc%5Etfw\">September 28, 2021<\/a><\/blockquote><script async src=\"https:\/\/platform.twitter.com\/widgets.js\" charset=\"utf-8\"><\/script>\n<\/div><\/figure>\n","protected":false},"excerpt":{"rendered":"<p>Las feministas encapuchadas lanzaron cohetones y petardos a los elementos de la polic\u00eda, que quedaron atr\u00e1s de la valla, donde hay al menos siete filas de oficiales intentando protegerlo.<\/p>\n","protected":false},"author":3,"featured_media":40400,"comment_status":"open","ping_status":"open","sticky":false,"template":"","format":"standard","meta":{"_monsterinsights_skip_tracking":false,"footnotes":""},"categories":[692,54],"tags":[149],"class_list":["post-40399","post","type-post","status-publish","format-standard","has-post-thumbnail","category-692","category-mujeres","tag-mujeres"],"_links":{"self":[{"href":"https:\/\/redsemlac.com\/semmexico\/wp-json\/wp\/v2\/posts\/40399","targetHints":{"allow":["GET"]}}],"collection":[{"href":"https:\/\/redsemlac.com\/semmexico\/wp-json\/wp\/v2\/posts"}],"about":[{"href":"https:\/\/redsemlac.com\/semmexico\/wp-json\/wp\/v2\/types\/post"}],"author":[{"embeddable":true,"href":"https:\/\/redsemlac.com\/semmexico\/wp-json\/wp\/v2\/users\/3"}],"replies":[{"embeddable":true,"href":"https:\/\/redsemlac.com\/semmexico\/wp-json\/wp\/v2\/comments?post=40399"}],"version-history":[{"count":0,"href":"https:\/\/redsemlac.com\/semmexico\/wp-json\/wp\/v2\/posts\/40399\/revisions"}],"wp:featuredmedia":[{"embeddable":true,"href":"https:\/\/redsemlac.com\/semmexico\/wp-json\/wp\/v2\/media\/40400"}],"wp:attachment":[{"href":"https:\/\/redsemlac.com\/semmexico\/wp-json\/wp\/v2\/media?parent=40399"}],"wp:term":[{"taxonomy":"category","embeddable":true,"href":"https:\/\/redsemlac.com\/semmexico\/wp-json\/wp\/v2\/categories?post=40399"},{"taxonomy":"post_tag","embeddable":true,"href":"https:\/\/redsemlac.com\/semmexico\/wp-json\/wp\/v2\/tags?post=40399"}],"curies":[{"name":"wp","href":"https:\/\/api.w.org\/{rel}","templated":true}]}}