{"id":40395,"date":"2021-09-28T17:11:58","date_gmt":"2021-09-28T23:11:58","guid":{"rendered":"https:\/\/redsemlac.com\/semmexico\/?p=40395"},"modified":"2023-07-21T17:07:28","modified_gmt":"2023-07-21T22:07:28","slug":"michoacan-con-anos-de-retraso-en-los-derechos-sexuales-y-reproductivos-de-las-mujeres","status":"publish","type":"post","link":"https:\/\/redsemlac.com\/semmexico\/michoacan-con-anos-de-retraso-en-los-derechos-sexuales-y-reproductivos-de-las-mujeres\/","title":{"rendered":"Michoac\u00e1n con a\u00f1os de retraso en los derechos sexuales y reproductivos de las mujeres"},"content":{"rendered":"\n<h3 class=\"wp-block-heading\"><em><strong>D\u00eda Global por el Acceso al Aborto Legal y Seguro <\/strong><\/em><\/h3>\n\n\n\n<p class=\"wp-block-paragraph\"><strong>Marina Mart\u00ednez\/Fonema \u00a0<\/strong><\/p>\n\n\n\n<p class=\"wp-block-paragraph\">SemM\u00e9xico\/Fonema Comunicaciones. Morelia, Michoac\u00e1n. 28 de septiembre 2021.- Michoac\u00e1n padece 14 a\u00f1os de retraso en los derechos sexuales y reproductivos de las mujeres, afirmaron colectivos feministas durante la manifestaci\u00f3n que realizaron la ma\u00f1ana de este martes en la Plaza Benito Ju\u00e1rez del Centro de la Ciudad para conmemorar el D\u00eda Global por el Acceso al Aborto Legal y Seguro.<\/p>\n\n\n\n<p class=\"wp-block-paragraph\">Fue desde temprana hora, que grupos feministas e integrantes de Amnist\u00eda Internacional acudieron al coraz\u00f3n de la ciudad, para colocar m\u00e1s de 600 pa\u00f1uelos verdes en el piso, prenda que se utiliza como distintivo de la lucha por el aborto legal.<\/p>\n\n\n\n<p class=\"wp-block-paragraph\">En un breve encuentro que sostuvo con los medios de comunicaci\u00f3n, Elidet Garc\u00eda, representante del colectivo Marea Verde, demand\u00f3 a la 75 Legislatura, regular el aborto en Michoac\u00e1n para sentar bases que permitan a las mujeres interrumpir su embarazo de una forma segura.<\/p>\n\n\n\n<p class=\"wp-block-paragraph\">Expuso que en menos de 4 a\u00f1os, los congresos locales de las diferentes entidades federativas han presentado m\u00e1s de 100 iniciativas para legislar sobre el aborto, sin embargo, solo algunos estados han registrado avances significativos, para que las mujeres tengan plena autonom\u00eda sobre su cuerpo.<\/p>\n\n\n\n<p class=\"wp-block-paragraph\">Exigieron a los legisladores michoacanos entrantes, legislar en la materia, pero no sobre bases, religiosas, moralistas o conservadoras, sino preservando los derechos humanos de las mujeres y se clarifique s\u00ed pueden abortar hasta la semana 12 o 14, sin poner en riesgo su integridad f\u00edsica.<\/p>\n","protected":false},"excerpt":{"rendered":"<p>Michoac\u00e1n padece 14 a\u00f1os de retraso en los derechos sexuales y reproductivos de las mujeres<\/p>\n","protected":false},"author":3,"featured_media":40396,"comment_status":"open","ping_status":"open","sticky":false,"template":"","format":"standard","meta":{"_monsterinsights_skip_tracking":false,"footnotes":""},"categories":[692,54],"tags":[149],"class_list":["post-40395","post","type-post","status-publish","format-standard","has-post-thumbnail","category-692","category-mujeres","tag-mujeres"],"_links":{"self":[{"href":"https:\/\/redsemlac.com\/semmexico\/wp-json\/wp\/v2\/posts\/40395","targetHints":{"allow":["GET"]}}],"collection":[{"href":"https:\/\/redsemlac.com\/semmexico\/wp-json\/wp\/v2\/posts"}],"about":[{"href":"https:\/\/redsemlac.com\/semmexico\/wp-json\/wp\/v2\/types\/post"}],"author":[{"embeddable":true,"href":"https:\/\/redsemlac.com\/semmexico\/wp-json\/wp\/v2\/users\/3"}],"replies":[{"embeddable":true,"href":"https:\/\/redsemlac.com\/semmexico\/wp-json\/wp\/v2\/comments?post=40395"}],"version-history":[{"count":0,"href":"https:\/\/redsemlac.com\/semmexico\/wp-json\/wp\/v2\/posts\/40395\/revisions"}],"wp:featuredmedia":[{"embeddable":true,"href":"https:\/\/redsemlac.com\/semmexico\/wp-json\/wp\/v2\/media\/40396"}],"wp:attachment":[{"href":"https:\/\/redsemlac.com\/semmexico\/wp-json\/wp\/v2\/media?parent=40395"}],"wp:term":[{"taxonomy":"category","embeddable":true,"href":"https:\/\/redsemlac.com\/semmexico\/wp-json\/wp\/v2\/categories?post=40395"},{"taxonomy":"post_tag","embeddable":true,"href":"https:\/\/redsemlac.com\/semmexico\/wp-json\/wp\/v2\/tags?post=40395"}],"curies":[{"name":"wp","href":"https:\/\/api.w.org\/{rel}","templated":true}]}}