{"id":40392,"date":"2021-09-28T16:13:06","date_gmt":"2021-09-28T22:13:06","guid":{"rendered":"https:\/\/redsemlac.com\/semmexico\/?p=40392"},"modified":"2023-07-21T17:07:28","modified_gmt":"2023-07-21T22:07:28","slug":"mueren-por-aborto-62-mujeres-por-cada-100-mil-abortos-en-america-latina","status":"publish","type":"post","link":"https:\/\/redsemlac.com\/semmexico\/mueren-por-aborto-62-mujeres-por-cada-100-mil-abortos-en-america-latina\/","title":{"rendered":"Mueren por aborto 62 mujeres por cada 100 mil abortos en Am\u00e9rica Latina"},"content":{"rendered":"\n<ul class=\"wp-block-list\"><li><strong>Nosotras Tenemos otros Datos piden que se armonicen las leyes<\/strong><\/li><\/ul>\n\n\n\n<ul class=\"wp-block-list\"><li><strong>En cinco a\u00f1os se iniciaron m\u00e1s de cuatro mil carpetas de investigaci\u00f3n<\/strong><\/li><\/ul>\n\n\n\n<p class=\"wp-block-paragraph\"><strong>Redacci\u00f3n<\/strong><\/p>\n\n\n\n<p class=\"wp-block-paragraph\">SemM\u00e9xico, Cd. de M\u00e9xico, 28 de septiembre, 2021.- En Am\u00e9rica Latina mueren 62 mujeres por cada 100 mil abortos practicados en condiciones de riesgo, se\u00f1ala Nosotras Tenemos otros Datos que se suma a la Acci\u00f3n Global por el Acceso al Aborto Legal y Seguro.<\/p>\n\n\n\n<p class=\"wp-block-paragraph\">IMAS-M\u00e9xico refiere que, en nuestro pa\u00eds, la mortalidad materna ha disminuido, no obstante, hasta 2019, el aborto era la cuarta causa de muerte materna. De 2010 a 2018 murieron 90 mil 562 mujeres de entre 10 y 40 a\u00f1os por causas relacionadas con el aborto practicado en condiciones de riesgo.<\/p>\n\n\n\n<p class=\"wp-block-paragraph\">Aunque muchas mujeres por miedo no acuden a la atenci\u00f3n m\u00e9dica, en 2018, se registraron 93 mil 786 egresos hospitalarios por aborto.<\/p>\n\n\n\n<p class=\"wp-block-paragraph\">Entre el 2000 y el 2016 se registraron 3 millones 351 mil 704 abortos a nivel nacional, en mujeres de 15 a 44 a\u00f1os.<\/p>\n\n\n\n<p class=\"wp-block-paragraph\">La utilizaci\u00f3n de servicios de aborto pas\u00f3 de 165 mil 750 en el 2000 a 209 mil 018 en 2016, lo cual representa una tasa de 7.0 abortos por cada mil mujeres, entre 15 y 44 a\u00f1os.<\/p>\n\n\n\n<h2 class=\"wp-block-heading\"><strong>En cinco a\u00f1os se iniciaron m\u00e1s de cuatro mil carpetas de investigaci\u00f3n<\/strong><\/h2>\n\n\n\n<p class=\"wp-block-paragraph\">Los tipos penales por los que se consigna a las mujeres y la opacidad institucional impide conocer con certeza cu\u00e1ntas mujeres est\u00e1n presas por abortar, no obstante, de acuerdo a los datos del gobierno federal, sabemos que de 2015 a agosto de 2021 se iniciaron cuatro mil 87 carpetas de investigaci\u00f3n en nuestro pa\u00eds.<\/p>\n\n\n\n<p class=\"wp-block-paragraph\">Hasta enero de 2020 hab\u00eda 100 hombres y 5 mujeres presas por el delito de aborto en los penales estatales y 12 hombres y ninguna mujer en los penales federales.<\/p>\n\n\n\n<p class=\"wp-block-paragraph\">El embarazo no deseado y el aborto son dolorosas experiencias por las que atraviesan todas las mujeres del mundo, independientemente de su condici\u00f3n econ\u00f3mica, su religi\u00f3n o si el aborto est\u00e1 penalizado o no, en su pa\u00eds.<\/p>\n\n\n\n<p class=\"wp-block-paragraph\">La OMS estima que el 13 por ciento de las muertes maternas a nivel global, se deben a la pr\u00e1ctica insegura del aborto. En el mundo se registran cerca de 19 millones de abortos inseguros o peligrosos y el 97 por ciento de ellos se realizan en pa\u00edses pobres.<\/p>\n\n\n\n<h2 class=\"wp-block-heading\"><strong>La exigencia en las calles<\/strong><\/h2>\n\n\n\n<p class=\"wp-block-paragraph\">Durante d\u00e9cadas hemos tomado las calles y las plazas para exigir la protecci\u00f3n de la vida de las mujeres, reclamando que el acceso al aborto seguro es un imperativo de derechos humanos y que negar a las mujeres y ni\u00f1as el acceso al aborto seguro y legal constituye una forma de discriminaci\u00f3n y violencia.<\/p>\n\n\n\n<p class=\"wp-block-paragraph\">Aprendimos que el fundamento de nuestra vindicaci\u00f3n est\u00e1 en los derechos humanos, la dignidad humana, la autonom\u00eda, el libre desarrollo de la personalidad, el derecho a la privacidad, el derecho a la integridad f\u00edsica y psicol\u00f3gica, la igualdad jur\u00eddica, el derecho a la salud, la libertad reproductiva.<\/p>\n\n\n\n<h2 class=\"wp-block-heading\"><strong>Tres resoluciones hist\u00f3ricas<\/strong><\/h2>\n\n\n\n<p class=\"wp-block-paragraph\">En d\u00edas pasados la SCJN emiti\u00f3 tres hist\u00f3ricas resoluciones con relaci\u00f3n a la autonom\u00eda reproductiva de las mujeres, que reconocen nuestro derecho a decidir, al establecer que ninguna mujer ser\u00e1 encarcelada por abortar, decretando que los jueces deber\u00e1n actuar bajo el mismo criterio porque es anticonstitucional; declarar inconstitucional que se reconozca el derecho a la vida \u00abdesde el momento en que un individuo es concebido\u00bb e invalidar el derecho de objeci\u00f3n de conciencia para el personal de salud, cuyas creencias religiosas les impiden practicar un aborto.<\/p>\n\n\n\n<p class=\"wp-block-paragraph\">Lo resuelto por la Corte significa un reconocimiento al compromiso, entereza y alianza de las organizaciones de la sociedad civil, de colectivas feministas, que durante a\u00f1os hemos luchado porque se respeten nuestros derechos; una forma de reparar el da\u00f1o individual y colectivo a todas las mujeres de este pa\u00eds, por la denegaci\u00f3n de derechos, por la estigmatizaci\u00f3n, por el miedo de las mujeres que han tenido que recurrir al aborto solas, en silencio, a las v\u00edctimas que perdieron la vida o la libertad por un aborto clandestino y merecen ser recordadas.<\/p>\n\n\n\n<p class=\"wp-block-paragraph\">Lamentamos que en nombre de la diversidad y en un intento de no dejar fuera a nadie, la corte hable de \u201cpersonas gestantes\u201d, olvida que las mujeres somos la mitad de la humanidad y que perseguimos la igualdad, no la inclusi\u00f3n.<\/p>\n\n\n\n<h2 class=\"wp-block-heading\"><strong>Inconstitucional criminalizar el aborto<\/strong><\/h2>\n\n\n\n<p class=\"wp-block-paragraph\">Nosotras Tenemos otros Datos piden a Legisladores, titulares de las fiscal\u00edas y personal judicial \u201cque lo escuchen: \u00a1son inconstitucionales las normas penales que criminalizan el aborto de manera absoluta!\u201d<\/p>\n\n\n\n<p class=\"wp-block-paragraph\">Esto reafirma la justeza de lo que el movimiento amplio de mujeres hemos demandado durante d\u00e9cadas al Estado mexicano: la soberan\u00eda de nuestros cuerpos y de nuestras vidas y el derecho decidir sobre nuestro cuerpo y nuestro futuro; que nuestros cuerpos son nuestros y de nadie m\u00e1s. No m\u00e1s discriminaci\u00f3n, no m\u00e1s mexicanas de primera y de segunda.<\/p>\n\n\n\n<h2 class=\"wp-block-heading\"><strong>Para que lo resuelto tenga efectividad<\/strong><\/h2>\n\n\n\n<p class=\"wp-block-paragraph\">Las trascendentes sentencias de la Corte no agotan la agenda de nuestros derechos sexuales y reproductivos, ni suponen que el aborto sea legal en todo M\u00e9xico.<\/p>\n\n\n\n<p class=\"wp-block-paragraph\">Para que lo resuelto tenga efectividad, demandamos que el Congreso General y los congresos locales, armonicen YA los C\u00f3digos penales con los criterios emitidos por la SCJN, eliminando la raz\u00f3n o causas por las que la mujer desea interrumpir un embarazo.<\/p>\n\n\n\n<p class=\"wp-block-paragraph\">Que el Congreso General reforme la Ley General de Salud para garantizar que la objeci\u00f3n de conciencia no ponga en riesgo el derecho a la salud de las mujeres, ni el derecho de acceder a la interrupci\u00f3n del embarazo.<\/p>\n\n\n\n<p class=\"wp-block-paragraph\">Que los congresos locales reformen las leyes de salud, a fin de que se garantice servicios m\u00e9dicos y personal capacitado en la pr\u00e1ctica de la interrupci\u00f3n del embarazo en condiciones dignas, seguras, gratuitas y confidenciales.<\/p>\n\n\n\n<p class=\"wp-block-paragraph\">Que la Defensor\u00eda P\u00fablica Federal y los tribunales de justicia en todas las entidades cumplan con su funci\u00f3n de identificar, asesorar y excarcelar a mujeres privadas de la libertad por abortar.<\/p>\n\n\n\n<p class=\"wp-block-paragraph\">Exigimos el cumplimiento de la NOM-046, que obliga a los servicios de salud en todo el pa\u00eds, a brindar atenci\u00f3n m\u00e9dica a quienes sufran violencia familiar o sexual y garantiza el derecho de las mujeres a solicitar la interrupci\u00f3n del embarazo producto de una violaci\u00f3n.<\/p>\n\n\n\n<p class=\"wp-block-paragraph\">Es lamentable que la mayor\u00eda legislativa en el Congreso Federal y en las entidades, no haya hecho valer su legitimidad y sus votos para despenalizar el aborto y que el presidente L\u00f3pez Obrador evite pronunciarse en alg\u00fan sentido, argumentando que es un tema que divide a la sociedad.<\/p>\n\n\n\n<p class=\"wp-block-paragraph\">La democracia es laica. Ante temas que nos dividen apostemos por la tolerancia, no podemos esperar que haya un solo pueblo, una sola religi\u00f3n o una sola opini\u00f3n sobre temas pol\u00e9micos. No hay de qu\u00e9 preocuparse, esa buena relaci\u00f3n con las iglesias, es posible mantenerla, lo laico no se opone a lo religioso, sino a la religi\u00f3n en la pol\u00edtica, las leyes, en lo p\u00fablico, en las instituciones.<\/p>\n\n\n\n<p class=\"wp-block-paragraph\">El papel de un Estado laico es crear las condiciones igualitarias para la libre elecci\u00f3n del propio proyecto de vida de todas las mujeres, un piso com\u00fan para las mujeres que no tienen medios para acceder a un aborto libre, legal, seguro y las que s\u00ed y por otro, proteger la esfera privada de las mujeres de las intromisiones del Estado y de las iglesias.<\/p>\n\n\n\n<p class=\"wp-block-paragraph\">A la iglesia y la derecha que se oponen activamente a la despenalizaci\u00f3n del aborto y llaman a marchar para presionar al gobierno y a los legisladores, le recordamos que a la Iglesia no le corresponde decir qu\u00e9 es delito y que despenalizar el aborto no obliga a ninguna creyente a abortar; que toda mujer debe estar en posibilidades de ejercer su autonom\u00eda personal, de procesar libremente sus creencias religiosas o no, sus objetivos de vida, y los medios para alcanzarlos y decidir.<\/p>\n\n\n\n<p class=\"wp-block-paragraph\">\u201cNada sobre nosotras sin nosotras\u201d.<\/p>\n\n\n\n<p class=\"wp-block-paragraph\">\u201cNi presas por abortar, ni muertas por intentar\u201d<\/p>\n\n\n\n<p class=\"wp-block-paragraph\">\u201cNi una M\u00e1s\u201d<\/p>\n\n\n\n<p class=\"wp-block-paragraph\">SEM\/sj<\/p>\n","protected":false},"excerpt":{"rendered":"<p>En cinco a\u00f1os se iniciaron m\u00e1s de cuatro mil carpetas de investigaci\u00f3n<\/p>\n","protected":false},"author":3,"featured_media":40393,"comment_status":"open","ping_status":"open","sticky":false,"template":"","format":"standard","meta":{"_monsterinsights_skip_tracking":false,"footnotes":""},"categories":[692,54],"tags":[],"class_list":["post-40392","post","type-post","status-publish","format-standard","has-post-thumbnail","category-692","category-mujeres"],"_links":{"self":[{"href":"https:\/\/redsemlac.com\/semmexico\/wp-json\/wp\/v2\/posts\/40392","targetHints":{"allow":["GET"]}}],"collection":[{"href":"https:\/\/redsemlac.com\/semmexico\/wp-json\/wp\/v2\/posts"}],"about":[{"href":"https:\/\/redsemlac.com\/semmexico\/wp-json\/wp\/v2\/types\/post"}],"author":[{"embeddable":true,"href":"https:\/\/redsemlac.com\/semmexico\/wp-json\/wp\/v2\/users\/3"}],"replies":[{"embeddable":true,"href":"https:\/\/redsemlac.com\/semmexico\/wp-json\/wp\/v2\/comments?post=40392"}],"version-history":[{"count":0,"href":"https:\/\/redsemlac.com\/semmexico\/wp-json\/wp\/v2\/posts\/40392\/revisions"}],"wp:featuredmedia":[{"embeddable":true,"href":"https:\/\/redsemlac.com\/semmexico\/wp-json\/wp\/v2\/media\/40393"}],"wp:attachment":[{"href":"https:\/\/redsemlac.com\/semmexico\/wp-json\/wp\/v2\/media?parent=40392"}],"wp:term":[{"taxonomy":"category","embeddable":true,"href":"https:\/\/redsemlac.com\/semmexico\/wp-json\/wp\/v2\/categories?post=40392"},{"taxonomy":"post_tag","embeddable":true,"href":"https:\/\/redsemlac.com\/semmexico\/wp-json\/wp\/v2\/tags?post=40392"}],"curies":[{"name":"wp","href":"https:\/\/api.w.org\/{rel}","templated":true}]}}