{"id":40390,"date":"2021-09-28T16:10:22","date_gmt":"2021-09-28T22:10:22","guid":{"rendered":"https:\/\/redsemlac.com\/semmexico\/?p=40390"},"modified":"2023-07-21T17:07:28","modified_gmt":"2023-07-21T22:07:28","slug":"desde-la-mano-izquierda-28-de-septiembre-por-el-derecho-a-decidir","status":"publish","type":"post","link":"https:\/\/redsemlac.com\/semmexico\/desde-la-mano-izquierda-28-de-septiembre-por-el-derecho-a-decidir\/","title":{"rendered":"Desde la mano Izquierda| 28 de septiembre, por el derecho a decidir"},"content":{"rendered":"\n<p class=\"wp-block-paragraph\"><strong>Claudia Almaguer<\/strong><\/p>\n\n\n\n<p class=\"wp-block-paragraph\">SemM\u00e9xico, San Luis Potos\u00ed. 28 de septiembre, 2021.- Dec\u00edamos en la \u00faltima entrega: hay fechas esenciales para el movimiento feminista en su b\u00fasqueda por alcanzar el reconocimiento de derechos y libertades para todas las mujeres. Una de ellas es precisamente el 28 de septiembre, D\u00eda de Acci\u00f3n Global para el Acceso al Aborto Legal y Seguro propuesto en 1990 durante el Quinto Encuentro Feminista Latinoamericano y del Caribe.<\/p>\n\n\n\n<p class=\"wp-block-paragraph\">De aquel tiempo, pervive la narrativa del aborto como un grave problema de salud p\u00fablica derivado de la violencia y la criminalizaci\u00f3n de las mujeres de la regi\u00f3n al hallarse ante un embarazo no deseado. De la d\u00e9cada siguiente, constan investigaciones de la Organizaci\u00f3n Mundial de la Salud en las cuales se calcularon m\u00e1s de 4 millones de abortos clandestinos por a\u00f1o en Am\u00e9rica Latina y en M\u00e9xico un 63% de hospitalizaciones derivadas de complicaciones por abortos provocados como hemorragias, desgarros e infecciones.<\/p>\n\n\n\n<p class=\"wp-block-paragraph\">En esas condiciones, en las que, la sanci\u00f3n penal incidi\u00f3 directamente en la muerte de las mujeres en tanto orill\u00f3 a m\u00e9todos insalubres y peligrosos para interrumpir el embarazo; se mantuvo el pa\u00eds hasta 2007, a\u00f1o de la legalizaci\u00f3n en Ciudad de M\u00e9xico en las primeras doce semanas de gestaci\u00f3n, de ese momento hasta ahora se han realizado 237 mil 643 procedimientos de los cuales 205 correspondieron a usuarias provenientes de San Luis Potos\u00ed.<\/p>\n\n\n\n<p class=\"wp-block-paragraph\">Esto no significa que en 14 a\u00f1os de la ILE s\u00f3lo 205 potosinas hayan abortado, son las que pueden contarse en tanto fueron atendidas por personal m\u00e9dico bajo condiciones seguras y con un control posterior, es decir lo m\u00ednimo que tendr\u00eda que pasar ante una decisi\u00f3n de esa categor\u00eda, de no ser porque el delito actual lo vuelve invisible, aunque no lo impida.<\/p>\n\n\n\n<p class=\"wp-block-paragraph\">Y mire, ahora resulta que este asunto de decidir es algo muy rebasado dicen los opinadores, vamos tarde las feministas en considerar justa la decisi\u00f3n de la Suprema Corte del 7 de septiembre, a nadie le importa eso de que las mujeres est\u00e9n cada vez m\u00e1s cerca de no morirse por abortar, porque lo de hoy es \u00bfQu\u00e9 van a hacer los doctores? \u00bfNadie piensa en ellos?<\/p>\n\n\n\n<p class=\"wp-block-paragraph\">Aclaremos algo antes de atrincherarse pol\u00edticamente aqu\u00ed, nadie le arrebat\u00f3 a la comunidad m\u00e9dica la objeci\u00f3n de conciencia, pero la Corte llama a una regulaci\u00f3n m\u00e1s exhaustiva, que no obstaculice la decisi\u00f3n de las mujeres. Cuando en 2019 se produjeron los dos primeros foros sobre violencia obst\u00e9trica en San Luis Potos\u00ed, se dio una disertaci\u00f3n ardua y compleja acerca de la \u00e9tica del personal de salud en convergencia con el respeto a las decisiones de las mujeres y su autonom\u00eda reproductiva.<\/p>\n\n\n\n<p class=\"wp-block-paragraph\">Entre otras cosas se comprendi\u00f3 que el uso del derecho penal de prima ratio para sancionar la violencia obst\u00e9trica no era la respuesta, del mismo modo que no lo es encarcelar a las mujeres por no querer continuar un embarazo. Desde luego que el gremio m\u00e9dico tiene derechos y tambi\u00e9n es plenamente consciente que las mujeres morimos por abortos mal practicados.<\/p>\n\n\n\n<p class=\"wp-block-paragraph\">No es un tema menor. En el \u00faltimo Informe Semanal de Notificaci\u00f3n Inmediata de Muerte Materna, correspondiente a la semana 37, se registraron 792 muertes de mujeres donde las complicaciones derivadas del COVID 19 ocupan las primeras dos causas de muerte, pero en las siguientes se hallan sus originarias, las hemorragias obst\u00e9tricas, las complicaciones en el embarazo y por supuesto, el aborto. Justo nuestro estado supera la Raz\u00f3n de Mortalidad Materna Nacional con 59.5 por ciento, 18 defunciones en este 2021.<\/p>\n\n\n\n<p class=\"wp-block-paragraph\">Para encontrar un punto adecuado e introducir una pol\u00edtica de prevenci\u00f3n del aborto, un periodo adecuado para llevarlo a cabo de modo seguro y decidir cu\u00e1ndo s\u00ed penarlo para proteger a las mujeres de la violencia, requiere dimensionar que estamos en un Estado laico, que exige de nosotros soltar los atavismos y trabajar para garantizar la salud de las mujeres. Si la legalizaci\u00f3n se puede hacer de cualquier manera, \u00bfPor qu\u00e9 no hacerlo como corresponde? A m\u00e1s ver.<\/p>\n","protected":false},"excerpt":{"rendered":"<p>Hay fechas esenciales para el movimiento feminista en su b\u00fasqueda por alcanzar el reconocimiento de derechos y libertades para todas las mujeres.<\/p>\n","protected":false},"author":3,"featured_media":30045,"comment_status":"open","ping_status":"open","sticky":false,"template":"","format":"standard","meta":{"_monsterinsights_skip_tracking":false,"footnotes":""},"categories":[692,131,35],"tags":[459],"class_list":["post-40390","post","type-post","status-publish","format-standard","has-post-thumbnail","category-692","category-claudia-almaguer","category-opinion","tag-opinion"],"_links":{"self":[{"href":"https:\/\/redsemlac.com\/semmexico\/wp-json\/wp\/v2\/posts\/40390","targetHints":{"allow":["GET"]}}],"collection":[{"href":"https:\/\/redsemlac.com\/semmexico\/wp-json\/wp\/v2\/posts"}],"about":[{"href":"https:\/\/redsemlac.com\/semmexico\/wp-json\/wp\/v2\/types\/post"}],"author":[{"embeddable":true,"href":"https:\/\/redsemlac.com\/semmexico\/wp-json\/wp\/v2\/users\/3"}],"replies":[{"embeddable":true,"href":"https:\/\/redsemlac.com\/semmexico\/wp-json\/wp\/v2\/comments?post=40390"}],"version-history":[{"count":0,"href":"https:\/\/redsemlac.com\/semmexico\/wp-json\/wp\/v2\/posts\/40390\/revisions"}],"wp:featuredmedia":[{"embeddable":true,"href":"https:\/\/redsemlac.com\/semmexico\/wp-json\/wp\/v2\/media\/30045"}],"wp:attachment":[{"href":"https:\/\/redsemlac.com\/semmexico\/wp-json\/wp\/v2\/media?parent=40390"}],"wp:term":[{"taxonomy":"category","embeddable":true,"href":"https:\/\/redsemlac.com\/semmexico\/wp-json\/wp\/v2\/categories?post=40390"},{"taxonomy":"post_tag","embeddable":true,"href":"https:\/\/redsemlac.com\/semmexico\/wp-json\/wp\/v2\/tags?post=40390"}],"curies":[{"name":"wp","href":"https:\/\/api.w.org\/{rel}","templated":true}]}}