{"id":40387,"date":"2021-09-28T14:47:43","date_gmt":"2021-09-28T20:47:43","guid":{"rendered":"https:\/\/redsemlac.com\/semmexico\/?p=40387"},"modified":"2023-07-21T17:07:28","modified_gmt":"2023-07-21T22:07:28","slug":"morena-promueve-ley-de-aborto-y-maicea-legisladores-dice-obispo-rangel","status":"publish","type":"post","link":"https:\/\/redsemlac.com\/semmexico\/morena-promueve-ley-de-aborto-y-maicea-legisladores-dice-obispo-rangel\/","title":{"rendered":"Morena promueve ley de aborto y maicea legisladores: dice obispo Rangel"},"content":{"rendered":"\n<ul class=\"wp-block-list\"><li><strong> Est\u00e1 detr\u00e1s de las resoluciones de la Corte y tambi\u00e9n en el Congreso local<\/strong><\/li><\/ul>\n\n\n\n<ul class=\"wp-block-list\"><li><strong>Anuncia una protesta en la SCJN el 3 de octubre<\/strong><\/li><\/ul>\n\n\n\n<p class=\"wp-block-paragraph\">SemM\u00e9xico\/Ceprovysa, Chilpancingo, Gro., 28 de septiembre, 2021.- \u201cSi empiezan a golpear a la gente, su fe, su familia, yo se los aseguro que en poco tiempo se les va a voltear a ese partido -Morena- y al Presidente\u201d, consider\u00f3 en su homil\u00eda, el Obispo Salvador Rangel Mendoza.<\/p>\n\n\n\n<p class=\"wp-block-paragraph\">Luego de explicar a su feligres\u00eda de manera presencial y a quienes siguen la transmisi\u00f3n a trav\u00e9s de las redes sociales, el obispo relacion\u00f3 las lecturas b\u00edblicas con tres temas: la aprobaci\u00f3n de la Suprema Corte de Justicia de la Naci\u00f3n a la despenalizaci\u00f3n del aborto; la objeci\u00f3n de conciencia y que se obligara a Legisladores locales a votar por Eduardo L\u00f3pez Betancourt para recibir la Presea Sentimientos de la Naci\u00f3n.<\/p>\n\n\n\n<p class=\"wp-block-paragraph\">Sobre \u00e9ste tema, el obispo Rangel Mendoza dijo que un legislador -del que omiti\u00f3 su nombre- se\u00f1al\u00f3: \u201cnos obligaron a votar por ese se\u00f1or -Eduardo L\u00f3pez Betancourt, nos maicearon\u201d. L\u00f3pez Betancourt es el abogado que defendi\u00f3 a F\u00e9lix Salgado Macedonio.<\/p>\n\n\n\n<p class=\"wp-block-paragraph\">Sobre la Suprema Corte de Justicia de la Naci\u00f3n, el Obispo de la Di\u00f3cesis Chilpancingo-Chilapa afirm\u00f3 que \u201chan condenado al inocente\u201d, al despenalizar el Aborto y pregunt\u00f3 \u00bfpor qu\u00e9 lo tienen que quitar, si ni la fe lo puede quitar?<\/p>\n\n\n\n<p class=\"wp-block-paragraph\">Para el Obispo, el impulso de esas decisiones de la SCJN est\u00e1 en el Presidente Andr\u00e9s Manuel L\u00f3pez Obrador.<\/p>\n\n\n\n<p class=\"wp-block-paragraph\">Despu\u00e9s reconocer\u00eda que \u00e9l vot\u00f3 por \u201cAMLO y por Evelyn\u201d, y agreg\u00f3 \u201cpero si empiezan con sus cosas voy a cambiar por lo menos de sindicato\u201d, como \u201cpodr\u00eda hacerlo la gente si empiezan a golpear a la gente sencilla, su fe, du familia\u201d.<\/p>\n\n\n\n<p class=\"wp-block-paragraph\">Anunci\u00f3 que pretenden protestar en Ciudad de M\u00e9xico el domingo 3 de octubre por estas acciones de la Suprema Corte.<\/p>\n\n\n\n<p class=\"wp-block-paragraph\">SEM-Ceprovysa<\/p>\n","protected":false},"excerpt":{"rendered":"<p>Anuncia una protesta en la SCJN el 3 de octubre<\/p>\n","protected":false},"author":3,"featured_media":40388,"comment_status":"open","ping_status":"open","sticky":false,"template":"","format":"standard","meta":{"_monsterinsights_skip_tracking":false,"footnotes":""},"categories":[692,52],"tags":[144],"class_list":["post-40387","post","type-post","status-publish","format-standard","has-post-thumbnail","category-692","category-hombres","tag-guerrero"],"_links":{"self":[{"href":"https:\/\/redsemlac.com\/semmexico\/wp-json\/wp\/v2\/posts\/40387","targetHints":{"allow":["GET"]}}],"collection":[{"href":"https:\/\/redsemlac.com\/semmexico\/wp-json\/wp\/v2\/posts"}],"about":[{"href":"https:\/\/redsemlac.com\/semmexico\/wp-json\/wp\/v2\/types\/post"}],"author":[{"embeddable":true,"href":"https:\/\/redsemlac.com\/semmexico\/wp-json\/wp\/v2\/users\/3"}],"replies":[{"embeddable":true,"href":"https:\/\/redsemlac.com\/semmexico\/wp-json\/wp\/v2\/comments?post=40387"}],"version-history":[{"count":0,"href":"https:\/\/redsemlac.com\/semmexico\/wp-json\/wp\/v2\/posts\/40387\/revisions"}],"wp:featuredmedia":[{"embeddable":true,"href":"https:\/\/redsemlac.com\/semmexico\/wp-json\/wp\/v2\/media\/40388"}],"wp:attachment":[{"href":"https:\/\/redsemlac.com\/semmexico\/wp-json\/wp\/v2\/media?parent=40387"}],"wp:term":[{"taxonomy":"category","embeddable":true,"href":"https:\/\/redsemlac.com\/semmexico\/wp-json\/wp\/v2\/categories?post=40387"},{"taxonomy":"post_tag","embeddable":true,"href":"https:\/\/redsemlac.com\/semmexico\/wp-json\/wp\/v2\/tags?post=40387"}],"curies":[{"name":"wp","href":"https:\/\/api.w.org\/{rel}","templated":true}]}}