{"id":40372,"date":"2021-09-28T13:34:31","date_gmt":"2021-09-28T19:34:31","guid":{"rendered":"https:\/\/redsemlac.com\/semmexico\/?p=40372"},"modified":"2023-07-21T17:07:29","modified_gmt":"2023-07-21T22:07:29","slug":"abortar-en-espana-a-11-anos-desde-que-se-legalizo","status":"publish","type":"post","link":"https:\/\/redsemlac.com\/semmexico\/abortar-en-espana-a-11-anos-desde-que-se-legalizo\/","title":{"rendered":"Abortar en Espa\u00f1a, a 11 a\u00f1os desde que se legaliz\u00f3"},"content":{"rendered":"\n<ul class=\"wp-block-list\"><li><strong>Objeci\u00f3n de conciencia, falta de informaci\u00f3n y formaci\u00f3n, requisito previo o acoso de los grupos ultras, son algunas de las 45 barreras detectadas<\/strong><\/li><\/ul>\n\n\n\n<ul class=\"wp-block-list\"><li><strong>En aborto est\u00e1 garantizado y es gratuito en nuestro pa\u00eds hasta la semana 14 de embarazo<\/strong><\/li><\/ul>\n\n\n\n<p class=\"wp-block-paragraph\"><strong>Marisa Kohan<\/strong><\/p>\n\n\n\n<p class=\"wp-block-paragraph\">SemM\u00e9xico\/P\u00fablico, Espa\u00f1a, 28 de septiembre, 2021.- Desde hace m\u00e1s de once a\u00f1os el aborto es un derecho reconocido en nuestro pa\u00eds. La&nbsp;Ley Org\u00e1nica de salud sexual y reproductiva y de la interrupci\u00f3n voluntaria del embarazo&nbsp;aprobada en 2010 por el Gobierno de&nbsp;Jos\u00e9 Luis Rodr\u00edguez Zapatero, supuso un gran salto adelante en los derechos de las mujeres a interrumpir su embarazo. Se pas\u00f3 de una ley que reconoc\u00eda tres supuestos bajo los que las mujeres pod\u00edan abortar (riesgo grave para la salud f\u00edsica o mental de la mujer embarazada, violaci\u00f3n, y malformaciones o taras f\u00edsicas o ps\u00edquicas en el feto) a otra que reconoce la autonom\u00eda de la mujer a la hora de decidir sobre su cuerpo y su maternidad.&nbsp;<\/p>\n\n\n\n<p class=\"wp-block-paragraph\">Sin embargo, a pesar de que Espa\u00f1a cuenta con una de las legislaciones m\u00e1s amplias y progresistas, no est\u00e1 exenta de barreras que, de hecho, suponen importantes trabas a la hora de que las mujeres puedan ejercer este derecho. Un reciente informe elaborado por la&nbsp;Asociaci\u00f3n de Derechos Sexuales y Reproductivos de Catalunya y Baleares (APFCIB), cita hasta&nbsp;45 barreras&nbsp;que impiden o dificultan el disfrute de este derecho.&nbsp;<\/p>\n\n\n\n<p class=\"wp-block-paragraph\">El&nbsp;Ministerio de Igualdad&nbsp;est\u00e1 embarcado desde hace ya unos meses en una reforma estructural de la ley que regula la interrupci\u00f3n el embarazo y los derechos sexuales y reproductivos. Una reforma tan amplia, afirman fuentes de Igualdad, que ser\u00e1 tramitada con un procedimiento id\u00e9ntico al que se utiliza en la elaboraci\u00f3n de una nueva legislaci\u00f3n. Para ello, la directora del&nbsp;Instituto de las Mujeres,&nbsp;Antonia Morillas, ha anunciado este lunes<a href=\"https:\/\/www.publico.es\/politica\/igualdad-abre-consulta-publica-reformar-ley-aborto.html\">&nbsp;la apertura de un proceso participativo abierto a la sociedad civil<\/a>. Tras este proceso se elaborar\u00e1 un anteproyecto de ley que tendr\u00e1 que ser aprobado por el Consejo de Ministros y comenzar a partir de ah\u00ed los tr\u00e1mites de validaci\u00f3n por los distintos \u00f3rganos preceptivos y acabar en un tr\u00e1mite parlamentario, con la votaci\u00f3n en el Congreso y Senado.<\/p>\n\n\n\n<p class=\"wp-block-paragraph\">Este martes, cuando se celebra&nbsp;D\u00eda de Acci\u00f3n Global por un aborto legal y seguro, recogemos algunas de las&nbsp;principales barreras que a\u00fan a d\u00eda de hoy siguen encontrando las mujeres que desean abortar y que es necesario subsanar.<\/p>\n\n\n\n<h2 class=\"wp-block-heading\"><strong>La objeci\u00f3n de conciencia<\/strong><\/h2>\n\n\n\n<p class=\"wp-block-paragraph\">Se trata de una de las&nbsp;mayores trabas que enfrentan las mujeres&nbsp;para poder realizarse un aborto en los centros p\u00fablicos de salud. A pesar de que la interrupci\u00f3n del embarazo est\u00e1 incluida dentro la cartera b\u00e1sica de salud a nivel estatal, los centros p\u00fablicos que realizan abortos son una excepci\u00f3n, en lugar de constituir la regla. En 2019 (\u00faltimos datos disponibles del Ministerio de Sanidad), cinco autonom\u00edas no hab\u00edan realizado ning\u00fan aborto en centros p\u00fablicos y en la mayor\u00eda de las otras, los datos son testimoniales. En aborto est\u00e1 garantizado y es gratuito en nuestro pa\u00eds hasta la semana 14 de embarazo, pero m\u00e1s del 85 % se realiza en centros concertados o privados, financiados con dinero p\u00fablico. El principal motivo para que no se realicen interrupciones del embarazo en hospitales est\u00e1 relacionado con la negativa de los m\u00e9dicos a realizar abortos, lo que acaba por convertir este derecho \u00abindividual\u00bb en \u00abcolectivo\u00bb.&nbsp;<\/p>\n\n\n\n<p class=\"wp-block-paragraph\">As\u00ed lo&nbsp;<a href=\"https:\/\/www.publico.es\/politica\/hospital-publico-nego-practicar-aborto-mujer-pese-conllevaba-riesgo-vida.html\">denunci\u00f3 recientemente una mujer<\/a>, a la que el&nbsp;hospital Cl\u00ednico San Carlos&nbsp;(uno de los hospitales p\u00fablicos de referencia en&nbsp;Madrid) se neg\u00f3 a practicarle un aborto a pesar de que el feto era inviable y que exist\u00eda riesgo para su propia salud. En motivo: todos los m\u00e9dicos del servicio eran objetores.<\/p>\n\n\n\n<p class=\"wp-block-paragraph\">\u00abLa objeci\u00f3n de conciencia se ha convertido en una violencia institucional\u00bb<\/p>\n\n\n\n<p class=\"wp-block-paragraph\">En nuestro pa\u00eds se realizan anualmente unos 100.000 abortos, por lo que no se puede considerar una pr\u00e1ctica ocasional. Desde las organizaciones de planificaci\u00f3n familiar y de defensa de los derechos sexuales y reproductivos, denuncian que esta pr\u00e1ctica masiva de la objeci\u00f3n viola la legislaci\u00f3n y que el derecho individual a la objeci\u00f3n de conciencia no puede estar por encima de los derechos a la salud de las mujeres.<\/p>\n\n\n\n<p class=\"wp-block-paragraph\">La Asociaci\u00f3n de Derechos Sexuales y Reproductivos de Catalunya denuncia que este derecho a la objeci\u00f3n se ha convertido en \u00abuna expresi\u00f3n m\u00e1s de la&nbsp;violencia institucional\u00bb y reclama acciones concretas, como prohibir los convenios o contratos p\u00fablicos con centro sanitarios que objeten al aborto, como los conciertos con algunos hospitales religiosos que en sus estatutos se oponen al aborto, violando la legislaci\u00f3n.<\/p>\n\n\n\n<p class=\"wp-block-paragraph\">El Ministerio de Igualdad ha manifestado su voluntad de modificar la ley para&nbsp;<a href=\"https:\/\/www.publico.es\/sociedad\/igualdad-creara-registro-objetores-garantizar.html\">crear un registro de objetores<\/a>, que clarifique en qu\u00e9 centros est\u00e1n los objetores y a qu\u00e9 pr\u00e1ctica se oponen y as\u00ed poder planificar recursos donde se necesiten. Que el Estado no garantice este servicio en los centros p\u00fablicos es una dejaci\u00f3n de sus funciones, denuncian los expertos.&nbsp;<\/p>\n\n\n\n<h2 class=\"wp-block-heading\"><strong>Tres d\u00edas de reflexi\u00f3n obligatoria<\/strong><\/h2>\n\n\n\n<p class=\"wp-block-paragraph\">La ley que regula la interrupci\u00f3n el embarazo estipula la obligatoriedad de que las mujeres que quieran acceder a un aborto dentro de las primeras 14 semanas de embarazo&nbsp;deben recoger personalmente un sobre informativo&nbsp;y pasar por un per\u00edodo de&nbsp;reflexi\u00f3n de tres d\u00edas, antes de poder tomar ninguna decisi\u00f3n. \u00abSe trata de barreras disuasorias&nbsp;que provoca la violencia institucional en el control de los cuerpos de las mujeres\u00bb, que \u00abmenosprecia la autonom\u00eda de la mujer\u00bb, que es \u00abpaternalista\u00bb y que \u00abno se da en ning\u00fan otro procedimiento sanitario\u00bb, afirma un documento hecho p\u00fablico por la APFCIB.<\/p>\n\n\n\n<p class=\"wp-block-paragraph\">Esta pr\u00e1ctica se mantuvo en la mayor\u00eda de autonom\u00edas incluso en pleno confinamiento por la&nbsp;covid-19, lo que supuso un riesgo a\u00f1adido a la salud de las mujeres, que deb\u00edan desplazarse f\u00edsicamente a un centro sanitario p\u00fablico o privado para recoger personalmente el sobre. En algunas comunidades, como&nbsp;Catalunya,&nbsp;Andaluc\u00eda&nbsp;o&nbsp;Galicia&nbsp;este procedimiento se autoriz\u00f3 a realizase a trav\u00e9s del correo electr\u00f3nico, pero en la mayor\u00eda de las comunidades el procedimiento no se modific\u00f3, a pesar de las restricciones de movilidad para reducir los contagios.&nbsp;<\/p>\n\n\n\n<p class=\"wp-block-paragraph\">Otro de los problemas que enfrentan las mujeres es el contenido del sobre. \u00c9ste depende de las propias autonom\u00edas, y en algunas, como en&nbsp;Madrid, la informaci\u00f3n que reciben est\u00e1 enfocada a recursos de ayuda a las mujeres que deciden seguir adelante con su embarazo, en lugar de recursos e informaci\u00f3n \u00fatil para interrumpirlo. Muchos de los centros incluidos en dicho sobre,&nbsp;est\u00e1n relacionados con organizaciones antiaborto.&nbsp;<\/p>\n\n\n\n<h2 class=\"wp-block-heading\"><strong>Falta de informaci\u00f3n sobre el aborto<\/strong><\/h2>\n\n\n\n<p class=\"wp-block-paragraph\">Un estudio llevado a cabo por la Asociaci\u00f3n de Planificaci\u00f3n Familiar de Catalunya desvel\u00f3 la falta de informaci\u00f3n oficial de las Administraciones p\u00fablicas relativas al derecho al aborto y al itinerario que debe seguir una mujer que quiera interrumpir su embarazo. Incluso cuando se encuentra informaci\u00f3n en las webs del&nbsp;Ministerio de Sanidad, \u00e9sta no es relevante para las mujeres, puesto que est\u00e1 enfocada a profesionales o a la recopilaci\u00f3n estad\u00edstica.<\/p>\n\n\n\n<p class=\"wp-block-paragraph\">Esta falta de materiales claros y fiables, tiene como consecuencia que las mujeres que buscan informaciones sobre aborto acaben consult\u00e1ndola en webs mantenidas por grupos u organizaciones contrarias al aborto, que no s\u00f3lo facilitan informaci\u00f3n ambigua o falsa, sino que est\u00e1 enfocada a medidas de apoyo a las mujeres que lleven a cabo su embarazo y que desincentivan su interrupci\u00f3n. Un ejemplo de esto es el hecho de que la p\u00e1gina de&nbsp;Red Madre, un grupo antiaborto, aparece siempre en primer lugar en las b\u00fasquedas en diversos buscadores web.<\/p>\n\n\n\n<h2 class=\"wp-block-heading\"><strong>Hostigamiento por grupos fundamentalistas y antiaborto<\/strong><\/h2>\n\n\n\n<p class=\"wp-block-paragraph\">Desde hace a\u00f1os, diversos grupos fundamentalistas y antiaborto organizan concentraciones delante de las cl\u00ednicas autorizadas para la interrupci\u00f3n del embarazo. Si bien estas actuaciones se realizan a lo largo de todo el a\u00f1o en diversos centros de todo el pa\u00eds, hay momentos en los que se organizan campa\u00f1as coordinadas con este fin. Este es el caso de los&nbsp;<a href=\"https:\/\/www.publico.es\/politica\/izquierda-moviliza-andalucia-acoso-mujeres-clinicas-abortar.html\">40 d\u00edas por la vida<\/a>&nbsp;que ha comenzado el 22 de septiembre y que tiene previsto extenderse hasta el 31 de octubre.<\/p>\n\n\n\n<p class=\"wp-block-paragraph\">Se trata de un&nbsp;hostigamiento y acoso tanto a las mujeres que acuden a practicarse un aborto, como a los profesionales sanitarios&nbsp;que los realizan. A las puertas de las cl\u00ednicas, sin ning\u00fan tipo de medidas de alejamiento, reparten folletos con informaci\u00f3n falsa, tergiversada y en ocasiones acorralan e insultan a las mujeres que acuden a interrumpir su embarazo.&nbsp;<\/p>\n\n\n\n<p class=\"wp-block-paragraph\">Un amplio grupo formado por 65 organizaciones agrupadas en la plataforma&nbsp;Pro Derechos, denunci\u00f3 que m\u00e1s de&nbsp;8.000 mujeres hab\u00edan sufrido hostigamiento y acoso&nbsp;al ir a interrumpir su embarazo. Hace una semana, el Congreso aprob\u00f3 tomar en consideraci\u00f3n una propuesta del PSOE para incluir en el C\u00f3digo Penal que se considere como delito penado con hasta un a\u00f1o de c\u00e1rcel a quienes \u00abhostiguen o coarten la libertad de una mujer que pretenda ejercer su derecho a la interrupci\u00f3n voluntaria del embarazo\u00bb. Medidas similares ya existen en los c\u00f3digos penales de otros pa\u00edses europeos, como Francia, Alemania o Inglaterra.<\/p>\n\n\n\n<h2 class=\"wp-block-heading\"><strong>Falta de formaci\u00f3n y desprestigio del aborto<\/strong><\/h2>\n\n\n\n<p class=\"wp-block-paragraph\">En las universidades de medicina de nuestro pa\u00eds no se ense\u00f1an los m\u00e9todos existentes o actuales para la interrupci\u00f3n del embarazo. Esta falta de profesionalizaci\u00f3n del personal sanitario y la estigmatizaci\u00f3n que se hace del aborto hace que esta pr\u00e1ctica no tenga prestigio y que muchos m\u00e9dicos prefieran no practicarla. Tal como explica a&nbsp;P\u00fablico&nbsp;Guillermo Gonz\u00e1lez Ant\u00f3n, presidente de&nbsp;Federaci\u00f3n de Planificaci\u00f3n Familiar (SEDRA-FPFE), muchos de los m\u00e9dicos que se niegan a realizar abortos no lo hacen por motivos morales o de conciencia, sino \u00abpor una objeci\u00f3n de tipo profesional\u00bb, para no ser estigmatizados o se\u00f1alados dentro de la profesi\u00f3n o del hospital.<\/p>\n\n\n\n<p class=\"wp-block-paragraph\">Otro de los motivos, aducen los expertos, es que los m\u00e9dicos que den el paso al frente, adem\u00e1s, temen que puedan acabar dedic\u00e1ndose s\u00f3lo a eso. Por este motivo, Gonz\u00e1lez es partidario de introducir la formaci\u00f3n sobre aborto en las facultades y desestigmatizar esta pr\u00e1ctica. \u00abEn Espa\u00f1a se realizan 3.000 transplante de ri\u00f1\u00f3n, pero&nbsp;100.000 abortos al a\u00f1o. No se trata de un acto m\u00e9dico con poca actividad. Eso que est\u00e1 estigmatizado, es un acto m\u00e9dico que resuelve muchos problemas a muchas mujeres de este pa\u00eds. Por lo que deber\u00eda normalizarse e incluirse en el circuito formativo\u00bb.<\/p>\n\n\n\n<h2 class=\"wp-block-heading\"><strong>Restricciones a j\u00f3venes de 16 y 17 a\u00f1os<\/strong><\/h2>\n\n\n\n<p class=\"wp-block-paragraph\">La ley de interrupci\u00f3n del embarazo de 2010 permit\u00eda a las menores de 16 y 17 declarar su consentimiento al aborto&nbsp;informando al menos a uno de los sus padres o tutores legales. Pero permit\u00eda que en casos de serio conflicto, pudieran prescindir de dicha autorizaci\u00f3n. Sin embargo, el Gobierno del Partido Popular derog\u00f3 en 2015 ese art\u00edculo. Fue la \u00fanica modificaci\u00f3n que finalmente introdujo el entonces ministro de Justicia,&nbsp;Alberto Ruiz Gallard\u00f3n, que hab\u00eda prometido volver a una ley de plazos anterior al a\u00f1o 85.<\/p>\n\n\n\n<p class=\"wp-block-paragraph\">Desde entonces, las menores precisan de una autorizaci\u00f3n expresa de sus dos progenitores o de sus tutores legales para practicarse un aborto, incluso en circunstancias en las que \u00e9stas se encuentren en situaciones de violencia o no puedan contar con dicha autorizaci\u00f3n.&nbsp;No existe otro procedimiento en el sistema de salud en que se exija este requisito, por lo que supone un obst\u00e1culo a decidir sobre su cuerpo y las empuja, en muchas ocasiones, a buscar m\u00e9todos para interrumpir su embarazo que no son seguros y que ponen en riesgo su salud y su integridad mental.&nbsp;<\/p>\n\n\n\n<h2 class=\"wp-block-heading\"><strong>Espa\u00f1a sigue penalizando el aborto<\/strong><\/h2>\n\n\n\n<p class=\"wp-block-paragraph\">Una de las lecciones aprendidas en diversos pa\u00edses del mundo, es que cuando el aborto est\u00e1 incluido en el c\u00f3digo penal, la salud y la vida de las mujeres corre peligro. Espa\u00f1a no escapa a esta pr\u00e1ctica. Si bien el aborto es libre hasta la semana 14 de embarazo y puede ser recomendado por causas m\u00e9dicas entre ese momento y la semana 22, m\u00e1s all\u00e1 de ese plazo se considera ilegal. Los abortos m\u00e1s avanzados que supongan alg\u00fan tipo de peligro para el feto o para la madre deben ser autorizados por un tribunal m\u00e9dico, cuya conformaci\u00f3n y atribuciones no est\u00e1n claras ni convenientemente reguladas en la ley, tal como han denunciado diversos expertos en salud reproductiva a lo largo de los \u00faltimos a\u00f1os.<\/p>\n\n\n\n<p class=\"wp-block-paragraph\">Los art\u00edculos 145 y 145bis del&nbsp;C\u00f3digo Penal&nbsp;contienen penas de c\u00e1rcel para los profesionales que realicen abortos fuera de los casos permitidos por la ley (con prisi\u00f3n de entre uno y tres a\u00f1os) y con multas para las mujeres que aborten. El art\u00edculo 145 bis de la misma norma prev\u00e9 penas e inhabilitaci\u00f3n, tambi\u00e9n, para los profesionales sanitarios que no hayan comprobado que la mujer hubiera recibido informaci\u00f3n previa antes de abortar o que cuando no se haya respetado los tres d\u00edas de reflexi\u00f3n a los que las mujeres est\u00e1n obligadas antes de un aborto.&nbsp;&nbsp;<\/p>\n\n\n\n<p class=\"wp-block-paragraph\">Las organizaciones de defensa de los derechos sexuales y reproductivos exigen que la \u00fanica penalizaci\u00f3n que deber\u00eda mantenerse en el&nbsp;C\u00f3digo Penal&nbsp;debe ser la&nbsp;que penalice los abortos que se realicen en contra de la voluntad de la mujer. Canad\u00e1 es el \u00fanico pa\u00eds que no tiene el aborto incluido en el C\u00f3digo Penal y recientemente&nbsp;<a href=\"https:\/\/www.publico.es\/internacional\/supremo-mexico-abre-via-despenalizar-aborto.html\" target=\"_blank\" rel=\"noreferrer noopener\">una hist\u00f3rica sentencia de la Suprema Corte de Justicia de M\u00e9xico<\/a>&nbsp;decret\u00f3 inconstitucional penalizar a las mujeres que aborten.&nbsp;<\/p>\n\n\n\n<h2 class=\"wp-block-heading\"><strong>Recurso de inconstitucionalidad<\/strong><\/h2>\n\n\n\n<p class=\"wp-block-paragraph\">El&nbsp;Tribunal Constitucional&nbsp;tiene sobre la mesa un recurso de inconstitucionalidad contra la ley del que permite el aborto de 2010. Este recurso fue presentado por un grupo de 71 diputados del Partido Popular poco despu\u00e9s de aprobarse la ley y, a pesar de que el Alto Tribunal prometi\u00f3 tramitarlo con car\u00e1cter prioritario, m\u00e1s de once a\u00f1os despu\u00e9s no ha emitido una resoluci\u00f3n.<\/p>\n\n\n\n<p class=\"wp-block-paragraph\">Este hecho no paraliza la ley ni previene su aplicaci\u00f3n. Pero muchas activistas temen una posible resoluci\u00f3n negativa. De hecho, desde hace tiempo, feministas y pol\u00edticas&nbsp;<a href=\"https:\/\/www.publico.es\/entrevistas\/hay-recordarle-mujeres-pais-pasado-polonia-pasar.html\">advierten de que casos similares ya se han visto en pa\u00edses como Polonia y Hungr\u00eda<\/a>.<\/p>\n\n\n\n<p class=\"wp-block-paragraph\">Se trata del recurso de inconstitucionalidad&nbsp;que m\u00e1s tiempo lleva sin resolverse en Espa\u00f1a y la decisi\u00f3n est\u00e1 en manos del magistrado Andr\u00e9s Ollero, conocido miembro del Opus Dei y exdiputado del Partido Popular, que no esconde sus ideas antiabortistas.<\/p>\n\n\n\n<p class=\"wp-block-paragraph\">SemM\u00e9xico-P\u00fablico<\/p>\n","protected":false},"excerpt":{"rendered":"<p>Objeci\u00f3n de conciencia, falta de informaci\u00f3n y formaci\u00f3n, requisito previo o acoso de los grupos ultras, son algunas de las 45 barreras detectadas<\/p>\n","protected":false},"author":3,"featured_media":40373,"comment_status":"open","ping_status":"open","sticky":false,"template":"","format":"standard","meta":{"_monsterinsights_skip_tracking":false,"footnotes":""},"categories":[692,53],"tags":[149],"class_list":["post-40372","post","type-post","status-publish","format-standard","has-post-thumbnail","category-692","category-internacional","tag-mujeres"],"_links":{"self":[{"href":"https:\/\/redsemlac.com\/semmexico\/wp-json\/wp\/v2\/posts\/40372","targetHints":{"allow":["GET"]}}],"collection":[{"href":"https:\/\/redsemlac.com\/semmexico\/wp-json\/wp\/v2\/posts"}],"about":[{"href":"https:\/\/redsemlac.com\/semmexico\/wp-json\/wp\/v2\/types\/post"}],"author":[{"embeddable":true,"href":"https:\/\/redsemlac.com\/semmexico\/wp-json\/wp\/v2\/users\/3"}],"replies":[{"embeddable":true,"href":"https:\/\/redsemlac.com\/semmexico\/wp-json\/wp\/v2\/comments?post=40372"}],"version-history":[{"count":0,"href":"https:\/\/redsemlac.com\/semmexico\/wp-json\/wp\/v2\/posts\/40372\/revisions"}],"wp:featuredmedia":[{"embeddable":true,"href":"https:\/\/redsemlac.com\/semmexico\/wp-json\/wp\/v2\/media\/40373"}],"wp:attachment":[{"href":"https:\/\/redsemlac.com\/semmexico\/wp-json\/wp\/v2\/media?parent=40372"}],"wp:term":[{"taxonomy":"category","embeddable":true,"href":"https:\/\/redsemlac.com\/semmexico\/wp-json\/wp\/v2\/categories?post=40372"},{"taxonomy":"post_tag","embeddable":true,"href":"https:\/\/redsemlac.com\/semmexico\/wp-json\/wp\/v2\/tags?post=40372"}],"curies":[{"name":"wp","href":"https:\/\/api.w.org\/{rel}","templated":true}]}}