{"id":40369,"date":"2021-09-28T13:26:32","date_gmt":"2021-09-28T19:26:32","guid":{"rendered":"https:\/\/redsemlac.com\/semmexico\/?p=40369"},"modified":"2023-07-21T17:07:29","modified_gmt":"2023-07-21T22:07:29","slug":"sigue-criminalizacion-de-mujeres-por-abortar-en-aguascalientes","status":"publish","type":"post","link":"https:\/\/redsemlac.com\/semmexico\/sigue-criminalizacion-de-mujeres-por-abortar-en-aguascalientes\/","title":{"rendered":"Sigue criminalizaci\u00f3n de mujeres por abortar en Aguascalientes"},"content":{"rendered":"\n<ul class=\"wp-block-list\"><li><strong>GIRE: <\/strong><strong>insistimos en que los sistemas de salud proporcionen servicios de interrupci\u00f3n del embarazo de manera legal, segura y gratuita\u201d.<\/strong><\/li><\/ul>\n\n\n\n<ul class=\"wp-block-list\"><li><strong>Los hospitales avisan a la Fiscal\u00eda que coacciona a las mujeres para que declaren que ellas se provocaron un aborto<\/strong><\/li><\/ul>\n\n\n\n<p class=\"wp-block-paragraph\"><strong>Redacci\u00f3n<\/strong><\/p>\n\n\n\n<p class=\"wp-block-paragraph\">SemM\u00e9xico, Ciudad de M\u00e9xico, 28 de septiembre, 2021.- Alarmante el patr\u00f3n de atenci\u00f3n por parte de personal de salud y de la Fiscal\u00eda General del Estado de Aguascalientes, se\u00f1ala GIRE, quien informa que entre abril y julio de 2021 tuvo conocimiento de varios casos de mujeres criminalizadas por aborto en esa entidad.<\/p>\n\n\n\n<p class=\"wp-block-paragraph\"><br>En todos los casos, los hospitales dieron aviso a la Fiscal\u00eda en cuanto las mujeres solicitaron atenci\u00f3n m\u00e9dica, adem\u00e1s de que se les coaccion\u00f3 para que declararan que se hab\u00edan provocado un aborto con la ingesta de pastillas, dice en un comunicado.<\/p>\n\n\n\n<p class=\"wp-block-paragraph\">Asimismo, cuando el personal de la Fiscal\u00eda lleg\u00f3 a los hospitales, interrog\u00f3 a las mujeres, les tom\u00f3 fotograf\u00edas y les hizo firmar su declaraci\u00f3n sin explicarles los alcances de ese procedimiento. Todas fueron tratadas como criminales y durante su estancia en los hospitales no se les dio la informaci\u00f3n completa sobre su situaci\u00f3n jur\u00eddica.<\/p>\n\n\n\n<p class=\"wp-block-paragraph\">Por ello, la organizaci\u00f3n se suma este #28S \u201ca las m\u00faltiples voces que robustecen el grito por la libertad y la autonom\u00eda reproductiva, e insistimos en la necesidad de que los sistemas de salud proporcionen servicios de interrupci\u00f3n del embarazo de manera legal, segura y gratuita\u201d.<\/p>\n\n\n\n<p class=\"wp-block-paragraph\">Explican que al conocer estos casos, se acercaron a las mujeres y sus familias para acompa\u00f1arlas en el proceso penal iniciado en su contra, evitar que fueran privadas de la libertad y contribuir a que el acceso a los servicios de salud que requer\u00edan se diera en tiempo y forma.<\/p>\n\n\n\n<p class=\"wp-block-paragraph\"><br>Como muchas legislaciones en materia de aborto en el pa\u00eds, la de Aguascalientes refleja la creencia de que las mujeres deben privilegiar el valor de la maternidad y, en caso de no hacerlo, pueden ser penalizadas de diversas formas. Las sanciones por el delito de aborto van de 6 meses a 3 a\u00f1os de privaci\u00f3n de libertad, o multas econ\u00f3micas que van de 40 a 80 d\u00edas de salario m\u00ednimo.<\/p>\n\n\n\n<p class=\"wp-block-paragraph\"><br>La criminalizaci\u00f3n, sin embargo, impacta no s\u00f3lo a quienes son procesadas penalmente por aborto, sino tambi\u00e9n a quienes cursan embarazos no deseados y deben elegir entre poner en riesgo su salud y su libertad, modificar su proyecto de vida o, bien, sufrir violencia institucional al acudir a hospitales a solicitar la interrupci\u00f3n del embarazo bajo alguna de las causales establecidas en las leyes.<\/p>\n\n\n\n<p class=\"wp-block-paragraph\"><br>Es alarmante lo que sucede en Aguascalientes y, por ello, con base en el acompa\u00f1amiento que seguimos brindando a estos casos, hoy presentamos \u201cCriminalizaci\u00f3n del aborto en Aguascalientes: un foco rojo\u201d, reportaje que busca explicar el contexto en el que se han presentado las violaciones a los derechos reproductivos de las mujeres en esta entidad del pa\u00eds. &nbsp;<\/p>\n\n\n\n<p class=\"wp-block-paragraph\"><br>En el marco del D\u00eda de Acci\u00f3n Global por el Aborto Legal y Seguro reconocemos y agradecemos a quienes, en el estado de Aguascalientes y otros estados de M\u00e9xico y en toda la regi\u00f3n, trabajan a favor de los derechos reproductivos.<\/p>\n\n\n\n<p class=\"wp-block-paragraph\">SEM\/sj<\/p>\n","protected":false},"excerpt":{"rendered":"<p>GIRE: insistimos en que los sistemas de salud proporcionen servicios de interrupci\u00f3n del embarazo de manera legal, segura y gratuita\u201d.<\/p>\n","protected":false},"author":3,"featured_media":40370,"comment_status":"open","ping_status":"open","sticky":false,"template":"","format":"standard","meta":{"_monsterinsights_skip_tracking":false,"footnotes":""},"categories":[692,54],"tags":[149],"class_list":["post-40369","post","type-post","status-publish","format-standard","has-post-thumbnail","category-692","category-mujeres","tag-mujeres"],"_links":{"self":[{"href":"https:\/\/redsemlac.com\/semmexico\/wp-json\/wp\/v2\/posts\/40369","targetHints":{"allow":["GET"]}}],"collection":[{"href":"https:\/\/redsemlac.com\/semmexico\/wp-json\/wp\/v2\/posts"}],"about":[{"href":"https:\/\/redsemlac.com\/semmexico\/wp-json\/wp\/v2\/types\/post"}],"author":[{"embeddable":true,"href":"https:\/\/redsemlac.com\/semmexico\/wp-json\/wp\/v2\/users\/3"}],"replies":[{"embeddable":true,"href":"https:\/\/redsemlac.com\/semmexico\/wp-json\/wp\/v2\/comments?post=40369"}],"version-history":[{"count":0,"href":"https:\/\/redsemlac.com\/semmexico\/wp-json\/wp\/v2\/posts\/40369\/revisions"}],"wp:featuredmedia":[{"embeddable":true,"href":"https:\/\/redsemlac.com\/semmexico\/wp-json\/wp\/v2\/media\/40370"}],"wp:attachment":[{"href":"https:\/\/redsemlac.com\/semmexico\/wp-json\/wp\/v2\/media?parent=40369"}],"wp:term":[{"taxonomy":"category","embeddable":true,"href":"https:\/\/redsemlac.com\/semmexico\/wp-json\/wp\/v2\/categories?post=40369"},{"taxonomy":"post_tag","embeddable":true,"href":"https:\/\/redsemlac.com\/semmexico\/wp-json\/wp\/v2\/tags?post=40369"}],"curies":[{"name":"wp","href":"https:\/\/api.w.org\/{rel}","templated":true}]}}