{"id":40366,"date":"2021-09-28T13:18:02","date_gmt":"2021-09-28T19:18:02","guid":{"rendered":"https:\/\/redsemlac.com\/semmexico\/?p=40366"},"modified":"2023-07-21T17:07:29","modified_gmt":"2023-07-21T22:07:29","slug":"investigaran-como-feminicidio-muerte-de-adolescente-en-san-juan-cotzocon","status":"publish","type":"post","link":"https:\/\/redsemlac.com\/semmexico\/investigaran-como-feminicidio-muerte-de-adolescente-en-san-juan-cotzocon\/","title":{"rendered":"Investigar\u00e1n como feminicidio muerte de adolescente en San Juan Cotzoc\u00f3n"},"content":{"rendered":"\n<ul class=\"wp-block-list\"><li><strong> Durante meses fue acosada por agente municipal de El Porvenir, poblaci\u00f3n donde viv\u00eda<\/strong><\/li><\/ul>\n\n\n\n<ul class=\"wp-block-list\"><li><strong>Adem\u00e1s, su pareja ten\u00eda antecedentes por un feminicidio ocurrido en 2014, fue liberado dos a\u00f1os despu\u00e9s<\/strong><\/li><\/ul>\n\n\n\n<p class=\"wp-block-paragraph\"><strong>Patricia Brise\u00f1o<\/strong><\/p>\n\n\n\n<p class=\"wp-block-paragraph\">SemM\u00e9xico, Oaxaca, 29 de septiembre, 2021.- Por las circunstancias dudosas de la muerte de una adolescente de 16 a\u00f1os de edad, ocurrido en la comunidad ind\u00edgena de El Porvenir, en el municipio de San Juan Cotzoc\u00f3n, la Fiscal\u00eda General de Oaxaca realizar\u00e1 la investigaci\u00f3n bajo el protocolo de feminicidio.<\/p>\n\n\n\n<p class=\"wp-block-paragraph\">El Ministerio P\u00fablico inici\u00f3 la carpeta de investigaci\u00f3n 31710\/FIS\/FMUJ-TEHUANTEPEC\/2021, para determinar la causa del aparente suicidio de Fanny Guadalupe, priorizando las necesidades particulares de las v\u00edctimas indirectas<\/p>\n\n\n\n<p class=\"wp-block-paragraph\">Dora Anabel Hern\u00e1ndez Bautista, t\u00eda de la fallecida espera que en el transcurso de las pr\u00f3ximas horas la Fiscal\u00eda entreviste a los miembros de la familia y amistades testigos del acoso sexual y hostigamiento, adem\u00e1s de amenazas de muerte de las que Fanny fue objeto por parte del agente municipal de El Porvenir, Isaac Hern\u00e1ndez Guillen.<\/p>\n\n\n\n<p class=\"wp-block-paragraph\">De igual manera, exige que, entre las l\u00edneas de investigaci\u00f3n, el Ministerio P\u00fablico incluya a Alexis Trujillo Varela, pareja de la v\u00edctima, quien en 2014 fue recluido por asesinar a una mujer con un arma de fuego, en la ciudad de Tuxtepec, sin embargo, fue liberado un par de a\u00f1os despu\u00e9s.<\/p>\n\n\n\n<p class=\"wp-block-paragraph\">En entrevista telef\u00f3nica, luego de darle sepultura a su sobrina, Dora exige que la muerte de su sobrina y madre de una ni\u00f1a de cuatro meses, ocurrida la madrugada del pasado domingo en el domicilio conyugal, \u201cse indague como feminicidio y no suicidio, como se pretende\u201d.<\/p>\n\n\n\n<p class=\"wp-block-paragraph\">\u201cLa autoridad municipal se dedic\u00f3 a acosar a mi sobrina, de unos ocho meses a la fecha. Le insist\u00eda que anduviera con \u00e9l, pero mi Fanny siempre lo rechaz\u00f3; adem\u00e1s, ella viv\u00eda en pareja y estaba embarazada\u201d, record\u00f3.<\/p>\n\n\n\n<p class=\"wp-block-paragraph\">Seg\u00fan la versi\u00f3n de la familiar al paso de los d\u00edas, el acoso subi\u00f3 de tono, hasta amenazarla de muerte, por lo que t\u00eda y sobrina denunciaron este abuso ante la Vicefiscal\u00eda, en Mat\u00edas Romero, en el Istmo de Tehuantepec.<\/p>\n\n\n\n<p class=\"wp-block-paragraph\">\u00abMira, a m\u00ed no se me va a hacer dif\u00edcil matar a una perra como t\u00fa, si yo quiero te lleno la cabeza de tiros\u00bb, le dijo el agente de El Porvenir a Fanny. La amenaza qued\u00f3 registrada en la carpeta de investigaci\u00f3n 23472\/FIST\/CODDI-MATIAS\/2021.<\/p>\n\n\n\n<p class=\"wp-block-paragraph\">\u00abLa autoridad fue omisa, pues nunca acudi\u00f3 a la localidad, ni gestion\u00f3 medidas cautelares para Fanny\u201d, asegur\u00f3.<\/p>\n\n\n\n<p class=\"wp-block-paragraph\">En la carpeta de investigaci\u00f3n qued\u00f3 asentado que el agente municipal, Hern\u00e1ndez Guillen, le advirti\u00f3 que habr\u00eda de expulsarla del pueblo e incluso la golpe\u00f3.<\/p>\n\n\n\n<p class=\"wp-block-paragraph\">\u00abL\u00e1rgate y de una vez te aviso que voy a denunciarte por vender drogas, voy a hacer que te metan a la correccional de menores\u00bb, le grit\u00f3 iracundo.<\/p>\n\n\n\n<p class=\"wp-block-paragraph\">Hoy, la t\u00eda recibi\u00f3 amenazas del agente municipal y de la pareja de la v\u00edctima, ambos advirtieron que habr\u00e1n de matarla.<\/p>\n\n\n\n<p class=\"wp-block-paragraph\">SEM\/pb\/sj<\/p>\n","protected":false},"excerpt":{"rendered":"<p>Adem\u00e1s, su pareja ten\u00eda antecedentes por un feminicidio ocurrido en 2014, fue liberado dos a\u00f1os despu\u00e9s<\/p>\n","protected":false},"author":3,"featured_media":40367,"comment_status":"open","ping_status":"open","sticky":false,"template":"","format":"standard","meta":{"_monsterinsights_skip_tracking":false,"footnotes":""},"categories":[692,47,48],"tags":[149,146,142],"class_list":["post-40366","post","type-post","status-publish","format-standard","has-post-thumbnail","category-692","category-no-mas-impunidad","category-no-mas-impunidad-no-mas-impunidad","tag-mujeres","tag-oaxaca","tag-violencia"],"_links":{"self":[{"href":"https:\/\/redsemlac.com\/semmexico\/wp-json\/wp\/v2\/posts\/40366","targetHints":{"allow":["GET"]}}],"collection":[{"href":"https:\/\/redsemlac.com\/semmexico\/wp-json\/wp\/v2\/posts"}],"about":[{"href":"https:\/\/redsemlac.com\/semmexico\/wp-json\/wp\/v2\/types\/post"}],"author":[{"embeddable":true,"href":"https:\/\/redsemlac.com\/semmexico\/wp-json\/wp\/v2\/users\/3"}],"replies":[{"embeddable":true,"href":"https:\/\/redsemlac.com\/semmexico\/wp-json\/wp\/v2\/comments?post=40366"}],"version-history":[{"count":0,"href":"https:\/\/redsemlac.com\/semmexico\/wp-json\/wp\/v2\/posts\/40366\/revisions"}],"wp:featuredmedia":[{"embeddable":true,"href":"https:\/\/redsemlac.com\/semmexico\/wp-json\/wp\/v2\/media\/40367"}],"wp:attachment":[{"href":"https:\/\/redsemlac.com\/semmexico\/wp-json\/wp\/v2\/media?parent=40366"}],"wp:term":[{"taxonomy":"category","embeddable":true,"href":"https:\/\/redsemlac.com\/semmexico\/wp-json\/wp\/v2\/categories?post=40366"},{"taxonomy":"post_tag","embeddable":true,"href":"https:\/\/redsemlac.com\/semmexico\/wp-json\/wp\/v2\/tags?post=40366"}],"curies":[{"name":"wp","href":"https:\/\/api.w.org\/{rel}","templated":true}]}}