{"id":40362,"date":"2021-09-28T12:38:24","date_gmt":"2021-09-28T18:38:24","guid":{"rendered":"https:\/\/redsemlac.com\/semmexico\/?p=40362"},"modified":"2023-07-21T17:07:29","modified_gmt":"2023-07-21T22:07:29","slug":"la-despenalizacion-del-aborto-una-lucha-que-se-abandera-feminista","status":"publish","type":"post","link":"https:\/\/redsemlac.com\/semmexico\/la-despenalizacion-del-aborto-una-lucha-que-se-abandera-feminista\/","title":{"rendered":"La despenalizaci\u00f3n del aborto, una lucha que se abandera feminista"},"content":{"rendered":"\n<ul class=\"wp-block-list\"><li><strong>Ninguna mujer debe ser juzgada como criminal, por decidir sobre su propio cuerpo, GESMujer<\/strong><\/li><\/ul>\n\n\n\n<ul class=\"wp-block-list\"><li><strong>Raquel Ch\u00e1vez Solano impartir\u00e1 este mi\u00e9rcoles 29 de septiembre, la charla \u00abD\u00eda por la despenalizaci\u00f3n del aborto en Am\u00e9rica Latina y el Caribe\u201d<\/strong><\/li><\/ul>\n\n\n\n<p class=\"wp-block-paragraph\"><strong>Redacci\u00f3n<\/strong><\/p>\n\n\n\n<p class=\"wp-block-paragraph\">SemM\u00e9xico, Oaxaca, 28 de septiembre, 2021.- Raquel Ch\u00e1vez Solano, feminista y soci\u00f3loga, impartir\u00e1 este mi\u00e9rcoles 29 de septiembre, la charla \u00abD\u00eda por la despenalizaci\u00f3n del aborto en Am\u00e9rica Latina y el Caribe\u201d con lo que el el GESMujer cierra su ciclo de video charlas del mes de septiembre, dedicado al derecho de las mujeres a decidir libremente sobre su cuerpo, en el marco del 28 de septiembre,\u00a0D\u00eda por la Despenalizaci\u00f3n del Aborto en Am\u00e9rica Latina y el Caribe.<\/p>\n\n\n\n<p class=\"wp-block-paragraph\">La proclamaci\u00f3n de este d\u00eda por parte del movimiento feminista, se da en el marco del Quinto Encuentro Feminista&nbsp;de Latinoam\u00e9rica y el Caribe, en San Bernardo, Argentina, en el a\u00f1o de 1990, tomando como referencia el 28 de septiembre, como la fecha cuando en 1871 se promulg\u00f3 en Brasil, la Ley de Libertad de Vientres, la cual declar\u00f3 la libertad a todos los hijos e hijas nacidos de mujeres esclavas.<\/p>\n\n\n\n<p class=\"wp-block-paragraph\">Cabe mencionar adem\u00e1s que si bien, actualmente en M\u00e9xico la Suprema Corte de Justicia de la Naci\u00f3n ha declarado inconstitucional&nbsp;<a href=\"https:\/\/elpais.com\/mexico\/2021-09-07\/la-suprema-corte-de-mexico-despenaliza-el-aborto.html\" target=\"_blank\" rel=\"noreferrer noopener\">encarcelar a las mujeres por abortar<\/a>, a\u00fan su&nbsp;legalizaci\u00f3n var\u00eda por entidad federativa.<\/p>\n\n\n\n<p class=\"wp-block-paragraph\">La finalidad de esta actividad virtual, es la de entablar un di\u00e1logo acerca de las luchas feministas que se han dado en torno a la despenalizaci\u00f3n del aborto, tanto en Oaxaca como en otros estados del pa\u00eds, adem\u00e1s de los movimientos hist\u00f3ricos que las activistas por los derechos de las mujeres, han realizado durante a\u00f1os en otros pa\u00edses de am\u00e9rica latina.<\/p>\n\n\n\n<p class=\"wp-block-paragraph\">La transmisi\u00f3n de esta charla, se podr\u00e1 ver en el muro de la fanpage de facebook del GESMujer, este mi\u00e9rcoles 8 de septiembre&nbsp;a las 5 de la tarde.<\/p>\n\n\n\n<p class=\"wp-block-paragraph\">Enlace:&nbsp;<a href=\"https:\/\/www.facebook.com\/gesmujer.rosario.castellanos.ac\" target=\"_blank\" rel=\"noreferrer noopener\">https:\/\/www.facebook.com\/gesmujer.rosario.castellanos.ac<\/a><\/p>\n\n\n\n<p class=\"wp-block-paragraph\">SEM\/sj<\/p>\n","protected":false},"excerpt":{"rendered":"<p>Raquel Ch\u00e1vez Solano impartir\u00e1 este mi\u00e9rcoles 29 de septiembre, la charla \u00abD\u00eda por la despenalizaci\u00f3n del aborto en Am\u00e9rica Latina y el Caribe\u201d<\/p>\n","protected":false},"author":3,"featured_media":40363,"comment_status":"open","ping_status":"open","sticky":false,"template":"","format":"standard","meta":{"_monsterinsights_skip_tracking":false,"footnotes":""},"categories":[692,54],"tags":[],"class_list":["post-40362","post","type-post","status-publish","format-standard","has-post-thumbnail","category-692","category-mujeres"],"_links":{"self":[{"href":"https:\/\/redsemlac.com\/semmexico\/wp-json\/wp\/v2\/posts\/40362","targetHints":{"allow":["GET"]}}],"collection":[{"href":"https:\/\/redsemlac.com\/semmexico\/wp-json\/wp\/v2\/posts"}],"about":[{"href":"https:\/\/redsemlac.com\/semmexico\/wp-json\/wp\/v2\/types\/post"}],"author":[{"embeddable":true,"href":"https:\/\/redsemlac.com\/semmexico\/wp-json\/wp\/v2\/users\/3"}],"replies":[{"embeddable":true,"href":"https:\/\/redsemlac.com\/semmexico\/wp-json\/wp\/v2\/comments?post=40362"}],"version-history":[{"count":0,"href":"https:\/\/redsemlac.com\/semmexico\/wp-json\/wp\/v2\/posts\/40362\/revisions"}],"wp:featuredmedia":[{"embeddable":true,"href":"https:\/\/redsemlac.com\/semmexico\/wp-json\/wp\/v2\/media\/40363"}],"wp:attachment":[{"href":"https:\/\/redsemlac.com\/semmexico\/wp-json\/wp\/v2\/media?parent=40362"}],"wp:term":[{"taxonomy":"category","embeddable":true,"href":"https:\/\/redsemlac.com\/semmexico\/wp-json\/wp\/v2\/categories?post=40362"},{"taxonomy":"post_tag","embeddable":true,"href":"https:\/\/redsemlac.com\/semmexico\/wp-json\/wp\/v2\/tags?post=40362"}],"curies":[{"name":"wp","href":"https:\/\/api.w.org\/{rel}","templated":true}]}}