{"id":40360,"date":"2021-09-28T11:38:48","date_gmt":"2021-09-28T17:38:48","guid":{"rendered":"https:\/\/redsemlac.com\/semmexico\/?p=40360"},"modified":"2023-07-21T17:07:30","modified_gmt":"2023-07-21T22:07:30","slug":"textura-violeta-mensajeros-del-odio","status":"publish","type":"post","link":"https:\/\/redsemlac.com\/semmexico\/textura-violeta-mensajeros-del-odio\/","title":{"rendered":"Textura Violeta| Mensajeros del odio"},"content":{"rendered":"\n<p class=\"wp-block-paragraph\"><strong>Drina Ergueta<\/strong><\/p>\n\n\n\n<p class=\"wp-block-paragraph\">SemM\u00e9xico, La Paz, Bolivia, 28 de septiembre, 2021.- Sobre el odio a las \u201cminor\u00edas\u201d escribe Arjun Appadurai, sobre ese odio \u201ca vastas regiones y modos de vida como si estuviesen fuera de lo tolerable\u201d porque se consideran \u201cperniciosos y fuera del c\u00edrculo de la humanidad\u201d. Habla de las identidades predatorias que sienten ira por la presencia de \u201cotra\u201d. Identidades predatorias que sienten una \u201cangustia\u201d y una frustraci\u00f3n ante la evidencia de que no son culturas puras, de que all\u00ed est\u00e1 ese grupo m\u00e1s d\u00e9bil y distinto record\u00e1ndoselo, lo que les provoca furia y puede llevarles a cometer atrocidades.<\/p>\n\n\n\n<p class=\"wp-block-paragraph\">\u00bfQu\u00e9 hace esta gente colla aqu\u00ed?, con sus construcciones estilo alte\u00f1o, con su m\u00fasica, su ropa gruesa, su distanciamiento con el ba\u00f1o, sus maneras hoscas como el altiplano, con su regateo en el comercio\u2026 ensuciando mi paisaje. \u00bfQu\u00e9 hace esta gente camba aqu\u00ed? Expansiva, irrespetuosa y de lengua f\u00e1cil, ruidosa, concupiscente y b\u00e1sica como la selva\u2026 Son algunas de las estigmatizaciones conocidas entre poblaciones de dos regiones de Bolivia que, entrelazadas con una lucha de clases muy racializada, hoy se han trasladado al campo pol\u00edtico y de lucha por el poder.<\/p>\n\n\n\n<p class=\"wp-block-paragraph\">Hace unos d\u00edas, celebrando el aniversario de la ciudad oriental de Santa Cruz, se produjeron actos que han generado una crisis pol\u00edtica. Se descolg\u00f3 la bandera ind\u00edgena wiphala que hab\u00eda sido izada; el blanco Prefecto impidi\u00f3 que hiciera uso de la palabra el ind\u00edgena Vicepresidente del Estado que ejerc\u00eda de Presidente y que asist\u00eda al acto; \u00e9ste y su comitiva tuvo que salir del lugar ante actitudes de agresividad de la gente; el tambi\u00e9n blanco presidente c\u00edvico cruce\u00f1o dijo que no era carnaval para que estuviera all\u00ed gente disfrazada, refiri\u00e9ndose a ind\u00edgenas collas y no a los cambas que iban tambi\u00e9n en traje t\u00edpico; un dirigente ind\u00edgena de occidente fue azotado y echado del lugar por otro de oriente en un ambiente de franca hostilidad promovida desde las autoridades de la regi\u00f3n.<\/p>\n\n\n\n<p class=\"wp-block-paragraph\">Lejos de calmar los \u00e1nimos, \u00e9stos han sido exacerbados como arma de lucha pol\u00edtica. El racismo, ese odio al otro por su origen, su fenotipo, cultura y lengua y sus representaciones simb\u00f3licas, como es la wiphala, se ha convertido en un instrumento para la toma del poder pol\u00edtico. En este camino no se est\u00e1n valorando los riesgos del racismo, los riesgos de excitar el odio al punto de que se considere al \u201cotro\u201d como no humano y que no merece consideraci\u00f3n ni empat\u00eda alguna.<\/p>\n\n\n\n<p class=\"wp-block-paragraph\">Algo as\u00ed pasa con las mujeres cuando son odiadas por los hombres y finalmente las matan. En el proceso hubo una deshumanizaci\u00f3n, un desprecio creciente y una violencia cada vez mayor, al punto de que los feminicidios inclusive van cargados de sa\u00f1a y sadismo.<\/p>\n\n\n\n<p class=\"wp-block-paragraph\">En Bolivia hay una clase social blanqueada que tradicionalmente ha estado en el poder pol\u00edtico y en los \u00faltimos 15 a\u00f1os se ha visto fuera de \u00e9l ante la presencia ind\u00edgena que ha tomado espacios antes prohibidos, como el de la riqueza.<\/p>\n\n\n\n<p class=\"wp-block-paragraph\">Paralelamente, hay una pugna entre oriente y occidente donde tambi\u00e9n se producen choques de tipo racial y de clase. Es un panorama complejo que lleva a situaciones contradictorias, como que ind\u00edgenas de oriente reclamen por la presencia de poblaciones de occidente en su territorio y no por la presencia de terratenientes blancos porque se les considera de la zona (aunque vengan de familias europeas llegadas hace pocas generaciones).<\/p>\n\n\n\n<p class=\"wp-block-paragraph\">Si bien el debate y la confrontaci\u00f3n pol\u00edtica son normales y necesarios como parte de la democracia, es vital para la sociedad que estas diferencias no vengan cargadas del odio del racismo, no puede haber mensajeros de este odio.<\/p>\n\n\n\n<p class=\"wp-block-paragraph\">En un panorama en que pueden producirse enfrentamientos que pongan en riesgo la democracia, las dirigencias pol\u00edticas tienen una responsabilidad. No puede haber dirigentes bravucones que tengan el racismo como bandera de lucha, no puede haber dirigencia pol\u00edtica que calle ante esos hechos y expresiones porque conviene, ya que en realidad a nadie le conviene. Una sociedad que se dice no racista y no excluyente no lo puede permitir, ni avalar.<\/p>\n","protected":false},"excerpt":{"rendered":"<p>Sobre el odio a las \u201cminor\u00edas\u201d escribe Arjun Appadurai, sobre ese odio \u201ca vastas regiones y modos de vida como si estuviesen fuera de lo tolerable\u201d<\/p>\n","protected":false},"author":3,"featured_media":8467,"comment_status":"open","ping_status":"open","sticky":false,"template":"","format":"standard","meta":{"_monsterinsights_skip_tracking":false,"footnotes":""},"categories":[692,77,35,102],"tags":[459],"class_list":["post-40360","post","type-post","status-publish","format-standard","has-post-thumbnail","category-692","category-drina-ergueta","category-opinion","category-textura-violeta","tag-opinion"],"_links":{"self":[{"href":"https:\/\/redsemlac.com\/semmexico\/wp-json\/wp\/v2\/posts\/40360","targetHints":{"allow":["GET"]}}],"collection":[{"href":"https:\/\/redsemlac.com\/semmexico\/wp-json\/wp\/v2\/posts"}],"about":[{"href":"https:\/\/redsemlac.com\/semmexico\/wp-json\/wp\/v2\/types\/post"}],"author":[{"embeddable":true,"href":"https:\/\/redsemlac.com\/semmexico\/wp-json\/wp\/v2\/users\/3"}],"replies":[{"embeddable":true,"href":"https:\/\/redsemlac.com\/semmexico\/wp-json\/wp\/v2\/comments?post=40360"}],"version-history":[{"count":0,"href":"https:\/\/redsemlac.com\/semmexico\/wp-json\/wp\/v2\/posts\/40360\/revisions"}],"wp:featuredmedia":[{"embeddable":true,"href":"https:\/\/redsemlac.com\/semmexico\/wp-json\/wp\/v2\/media\/8467"}],"wp:attachment":[{"href":"https:\/\/redsemlac.com\/semmexico\/wp-json\/wp\/v2\/media?parent=40360"}],"wp:term":[{"taxonomy":"category","embeddable":true,"href":"https:\/\/redsemlac.com\/semmexico\/wp-json\/wp\/v2\/categories?post=40360"},{"taxonomy":"post_tag","embeddable":true,"href":"https:\/\/redsemlac.com\/semmexico\/wp-json\/wp\/v2\/tags?post=40360"}],"curies":[{"name":"wp","href":"https:\/\/api.w.org\/{rel}","templated":true}]}}