{"id":40350,"date":"2021-09-28T12:53:00","date_gmt":"2021-09-28T18:53:00","guid":{"rendered":"https:\/\/redsemlac.com\/semmexico\/?p=40350"},"modified":"2023-07-21T17:07:29","modified_gmt":"2023-07-21T22:07:29","slug":"entresemana-el-paredon-la-palabra-presidencial","status":"publish","type":"post","link":"https:\/\/redsemlac.com\/semmexico\/entresemana-el-paredon-la-palabra-presidencial\/","title":{"rendered":"Entresemana| El pared\u00f3n, la palabra presidencial"},"content":{"rendered":"\n<p class=\"wp-block-paragraph\"><strong>Mois\u00e9s S\u00e1nchez Lim\u00f3n<\/strong><\/p>\n\n\n\n<p class=\"wp-block-paragraph\">SemM\u00e9xico, Cd. de M\u00e9xico. 28 de septiembre, 2021.- En tiempos de la revoluci\u00f3n y cuando esta tend\u00eda a los acuerdos a plomazos entre los bandos discordantes con el reparto del poder, fue pr\u00e1ctica socorrida llevar al pared\u00f3n al enemigo capturado y sometido a juicio sumario, para fusilarlo.<\/p>\n\n\n\n<p class=\"wp-block-paragraph\">Muchos asesinatos se consumaron en aras de la supuesta justicia y contra traidores, a los que por lo general se neg\u00f3 el derecho de defensa y contra quienes obr\u00f3, por encima de cualquier argumento, la palabra del gobernante en turno, del jefe militar e incluso del Presidente de la Rep\u00fablica.<\/p>\n\n\n\n<p class=\"wp-block-paragraph\">Un caso emblem\u00e1tico fue Plutarco El\u00edas Calles cuando combati\u00f3 a los cristeros que, debe decirse, no eran hermanas de la caridad. Lea usted el siguiente p\u00e1rrafo y ub\u00edquelo en cualquier momento de la historia nacional.<\/p>\n\n\n\n<p class=\"wp-block-paragraph\">\u201c\u00bfPor qu\u00e9 nada m\u00e1s se va a castigar a los pobres, a los que no tienen con qu\u00e9 comprar su inocencia, a los que no tienen agarraderas, a los que no son influyentes? No, tiene que acabarse con la impunidad, sea quien sea. Al margen de la ley nada, por encima de la ley nadie, sean amigos, colegas, familiares, que se entienda\u201d.<\/p>\n\n\n\n<p class=\"wp-block-paragraph\">Sin duda, usted simpatizar\u00e1 con quien plantea esa reflexi\u00f3n con sus conclusiones que entra\u00f1an aplicar la ley sin distingos. Perfecto, con ese tipo de mensajes una campa\u00f1a prospera porque la idea toral mueve sentimientos, gana empat\u00eda con el candidato.<\/p>\n\n\n\n<p class=\"wp-block-paragraph\">El riesgo es que, ese candidato triunfe en la contienda y asuma el poder, incluso el poder m\u00e1ximo que otorga el cargo de elecci\u00f3n popular, pero incumpla y lo utilice para dividir a la poblaci\u00f3n entre ricos y pobres, buenos y malos, e invoque a la muchedumbre a llevar hasta la plaza mayor al influyente para, sin mediar proceso legal, quemarlo con le\u00f1a verde, o lincharlo p\u00fablicamente.<\/p>\n\n\n\n<p class=\"wp-block-paragraph\">El riesgo, gran riesgo de ser gobernado por un iluminado y justiciero que, con la investidura de Su Alteza Seren\u00edsima declama esa reflexi\u00f3n y asume el papel de juez y parte, en un proceso en el que su palabra es la ley, el pared\u00f3n frente al cual se ajusticia a aquel que os\u00f3 discrepar del gobierno e incluso denunciar il\u00edcitos cometidos por el funcionario en turno y uso del poder en nombre de la 4T.<\/p>\n\n\n\n<p class=\"wp-block-paragraph\">Ese perverso comparativo en la aplicaci\u00f3n de la ley que hizo el Duce Andr\u00e9s Manuel, en la ma\u00f1anera del pasado viernes 24 de septiembre, forma parte del linchamiento que ha alimentado contra 31 integrantes del Foro Consultivo Cient\u00edfico y Tecnol\u00f3gico, organismo de consulta del Conacyt que desde 2019 dej\u00f3 de recibir la partida presupuestal aprobada por la C\u00e1mara de Diputados en el Presupuesto de Egresos de la Federaci\u00f3n (PEF) de ese a\u00f1o.<\/p>\n\n\n\n<p class=\"wp-block-paragraph\">A los 31 investigadores, analistas, exfuncionarios p\u00fablicos, docentes e investigadores de diferentes Universidades, se les acusa hasta de crimen organizado y lavado de dinero<\/p>\n\n\n\n<p class=\"wp-block-paragraph\">\u00bfSon culpables? \u00bfHay sustento en la acusaci\u00f3n que present\u00f3 la directora del Conacyt, Mar\u00eda Elena \u00c1lvarez-Buylla?<\/p>\n\n\n\n<p class=\"wp-block-paragraph\">Sin duda el hecho de contar con altos t\u00edtulos acad\u00e9micos y respetabilidad en espacios de la ciencia y la investigaci\u00f3n, no implica carta de buena conducta ni vacuna contra las tentaciones de la corrupci\u00f3n. Ni santos ni beatos mucho menos impolutos y honestos.<\/p>\n\n\n\n<p class=\"wp-block-paragraph\">Es posible y solo posible que entre estos 31 notables y respetados mexicanos haya quien, finalmente humano, sucumbi\u00f3 a esas tentaciones y se hizo de algunos dineros pero \u00bfes delito viajar en primera clase cuando hay un \u00f3rgano directivo que lo autoriza?, \u00bfes delito consumir bocadillos de salm\u00f3n en lugar de galletas saladas con sardina en jitomate, si el gasto es aprobado por un cuerpo administrativo?<\/p>\n\n\n\n<p class=\"wp-block-paragraph\">Y, vaya, si los integrantes del Foro Consultivo Cient\u00edfico y Tecnol\u00f3gico compraron un inmueble en Coyoac\u00e1n y no en Iztapalapa, como perversamente cuestiona Su Alteza Seren\u00edsima, ninguno de ellos escritur\u00f3 el inmueble a su nombre.<\/p>\n\n\n\n<p class=\"wp-block-paragraph\">Hay mucha perversidad y ganas de joder a estos personajes que han servido y sirven a M\u00e9xico, que son aspiracionistas y han estudiado e incluso imparten c\u00e1tedra en prestigiadas universidades en el extranjero.<\/p>\n\n\n\n<p class=\"wp-block-paragraph\">Mal tino, p\u00e9sima jugada \u00e9sta en la que lo mismo el fiscal General de la Rep\u00fablica, Alejandro Gertz Manero, que la directora del Conacyt, Mar\u00eda Elena \u00c1lvarez Buylla, proceden con el respaldo oficioso y rencoroso del licenciado presidente y linchan a mexicanos que no son santos ni santas pero tampoco criminales que se organizaron para saquear al Conacyt.<\/p>\n\n\n\n<p class=\"wp-block-paragraph\">Pero, he ah\u00ed que la palabra de Andr\u00e9s Manuel es el pared\u00f3n frente al cual nadie se salva de ser fusilado pol\u00edticamente y linchado con ese objetivo de desmadrarle la existencia y convertirlo en perro del mal que no merece el m\u00ednimo espacio para defenderse.<\/p>\n\n\n\n<p class=\"wp-block-paragraph\">\u00bfHay culpables? Andr\u00e9s Manuel, Duce, deja que la ley lo determine. Desciende del Olimpo y recuerda que s\u00f3lo restan tres a\u00f1os a tu gesti\u00f3n y despu\u00e9s ser\u00e1s el civil que, despojado del poder, sufrir\u00e1 la consecuencia de aquella m\u00e1xima: los carniceros de hoy ser\u00e1n las reses de ma\u00f1ana.<\/p>\n\n\n\n<p class=\"wp-block-paragraph\">Y no, no se trata de una amenaza. Es la ley aplicable en la pol\u00edtica.<\/p>\n\n\n\n<p class=\"wp-block-paragraph\">Porque, mire usted, si Su Alteza Seren\u00edsima tiene pruebas cuando acusa y estigmatiza e insulta, que las presente porque, de otra suerte incurre en esa condici\u00f3n de ser juez y parte. Lo peor es que usa el poder para el cobro de facturas propias y ajenas. Lea usted.<\/p>\n\n\n\n<p class=\"wp-block-paragraph\">\u201cAhora que hay esta pol\u00e9mica con los del Conacyt, ten\u00edan una asociaci\u00f3n civil, un grupo de investigadores, y se iban a congresos y se les ten\u00eda que pagar del presupuesto hasta para sus lujos, y como ten\u00edan mucha influencia y buenas agarraderas, y buenas relaciones con los medios y con la intelectualidad org\u00e1nica del r\u00e9gimen, era una especie de chantaje y se les ten\u00edan que entregar estos fondos; y cuando ya desaparece eso, que ya no hay esas extravagancias, esos lujos, el derroche, pues entonces se inconforman y se quejan de que no se invierte en la ciencia, que no nos importa la innovaci\u00f3n tecnol\u00f3gica\u201d, dijo Andr\u00e9s Manuel sin pruebas.<\/p>\n\n\n\n<p class=\"wp-block-paragraph\">Lo de aquel tuit en el que dej\u00f3 mal parada a su c\u00f3nyuge, es anecd\u00f3tico finalmente, como parte de la estructura mental de Su Alteza Seren\u00edsima, un asunto que seguramente se dirimi\u00f3 en la intimidad de la alcoba presidencial.<\/p>\n\n\n\n<p class=\"wp-block-paragraph\">El problema, grave contra la salud del pa\u00eds, es la palabra presidencial que se convierte en pared\u00f3n para juzgar y sentenciar al opositor, sin mediar un juicio, la aplicaci\u00f3n de la ley.<\/p>\n\n\n\n<p class=\"wp-block-paragraph\">Dir\u00edase que es mejor caer en una jaula con lobos hambrientos, que en la lengua rencorosa y vengativa del licenciado presidente. Digo<\/p>\n\n\n\n<p class=\"wp-block-paragraph\"><a href=\"mailto:sanchezlimon@gmail.com\">sanchezlimon@gmail.com<\/a><\/p>\n\n\n\n<p class=\"wp-block-paragraph\"><a href=\"http:\/\/www.entresemana.mx\">www.entresemana.mx<\/a><\/p>\n\n\n\n<p class=\"wp-block-paragraph\"><strong>@msanchezlimon @msanchezlimon1<\/strong><\/p>\n","protected":false},"excerpt":{"rendered":"<p>En tiempos de la revoluci\u00f3n y cuando esta tend\u00eda a los acuerdos a plomazos entre los bandos discordantes con el reparto del poder, fue pr\u00e1ctica socorrida llevar al pared\u00f3n al enemigo capturado y sometido a juicio sumario, para fusilarlo.<\/p>\n","protected":false},"author":3,"featured_media":15805,"comment_status":"open","ping_status":"open","sticky":false,"template":"","format":"standard","meta":{"_monsterinsights_skip_tracking":false,"footnotes":""},"categories":[692,105,83,35],"tags":[459],"class_list":["post-40350","post","type-post","status-publish","format-standard","has-post-thumbnail","category-692","category-entresemana","category-moises-sanchez-limon","category-opinion","tag-opinion"],"_links":{"self":[{"href":"https:\/\/redsemlac.com\/semmexico\/wp-json\/wp\/v2\/posts\/40350","targetHints":{"allow":["GET"]}}],"collection":[{"href":"https:\/\/redsemlac.com\/semmexico\/wp-json\/wp\/v2\/posts"}],"about":[{"href":"https:\/\/redsemlac.com\/semmexico\/wp-json\/wp\/v2\/types\/post"}],"author":[{"embeddable":true,"href":"https:\/\/redsemlac.com\/semmexico\/wp-json\/wp\/v2\/users\/3"}],"replies":[{"embeddable":true,"href":"https:\/\/redsemlac.com\/semmexico\/wp-json\/wp\/v2\/comments?post=40350"}],"version-history":[{"count":0,"href":"https:\/\/redsemlac.com\/semmexico\/wp-json\/wp\/v2\/posts\/40350\/revisions"}],"wp:featuredmedia":[{"embeddable":true,"href":"https:\/\/redsemlac.com\/semmexico\/wp-json\/wp\/v2\/media\/15805"}],"wp:attachment":[{"href":"https:\/\/redsemlac.com\/semmexico\/wp-json\/wp\/v2\/media?parent=40350"}],"wp:term":[{"taxonomy":"category","embeddable":true,"href":"https:\/\/redsemlac.com\/semmexico\/wp-json\/wp\/v2\/categories?post=40350"},{"taxonomy":"post_tag","embeddable":true,"href":"https:\/\/redsemlac.com\/semmexico\/wp-json\/wp\/v2\/tags?post=40350"}],"curies":[{"name":"wp","href":"https:\/\/api.w.org\/{rel}","templated":true}]}}