{"id":4035,"date":"2017-05-15T17:36:42","date_gmt":"2017-05-15T17:36:42","guid":{"rendered":"https:\/\/redsemlac.com\/semmexico\/?p=4035"},"modified":"2023-07-21T14:24:08","modified_gmt":"2023-07-21T19:24:08","slug":"carta-a-mis-maestras-2","status":"publish","type":"post","link":"https:\/\/redsemlac.com\/semmexico\/carta-a-mis-maestras-2\/","title":{"rendered":"Carta a mis maestras"},"content":{"rendered":"\n<p class=\"wp-block-paragraph\">Palabra de Ant\u00edgona<\/p>\n\n\n\n<h5 class=\"wp-block-heading\"> Recuerdo muy bien a la primera. La que me ense\u00f1\u00f3 lectura de comprensi\u00f3n.<\/h5>\n\n\n\n<p class=\"wp-block-paragraph\"><a href=\"https:\/\/semmexico.com\/gallery-post.php?id=1767#\">Sara Lovera<\/a><\/p>\n\n\n\n<p class=\"wp-block-paragraph\">SemM\u00e9xico. Cd. de M\u00e9xico. 15 de mayo de 2017. Ahora, a punto de llegar a la s\u00e9ptima d\u00e9cada de mi vida, quiero hacerles a todas ustedes un homenaje. Contarles que sin sus ense\u00f1anzas jam\u00e1s hubiera salido adelante, me hubiera quedado como maceta, sin pasar del corredor; nunca me hubiera topado con los libros b\u00e1sicos y hubiera sido incapaz de descifrar los grandes problemas filos\u00f3ficos de la vida.&nbsp;<br>Recuerdo muy bien a la primera. La que me ense\u00f1\u00f3 lectura de comprensi\u00f3n. \u00bfSe imaginan? Sin comprender lo que se lee y luego escribirlo, mi carrera de periodista hubiera durado una semana. Ninguna audacia podr\u00eda sustituir ese proceso b\u00e1sico en mi profesi\u00f3n, entender lo que oigo y veo, lo que experimento, lo que se presenta como novedad y proceder a compartirlo. Sin esa maestra, que tiene nombre, pero que no le gusta la publicidad, jam\u00e1s hubiera logrado la haza\u00f1a de mi vida.&nbsp;<br>Y tambi\u00e9n veo en mis enso\u00f1aciones a la menuda mujer, monja, que luch\u00f3 con mis locuras y desproporciones, que me sent\u00f3 y me aquiet\u00f3, durante muchas tardes nubladas, a veces muy tristes, en la orilla de una larga escalera que promet\u00eda s\u00f3lo miedo, y me sent\u00f3 a controlar mis pasiones ejercitando lentamente el bordado de punto de cruz en una larga tela de cuadrill\u00e9, para que de esa manera se pudieran calmar mis chifladuras, y un d\u00eda pudiera concentrarme. Puedo hacerlo en medio de una ruidosa redacci\u00f3n; en medio de los juegos de mis nietas y mi nieto; al lado de una carretera ruidosa o una noche con tempestad.<br>Y Dolores Cordero que vive y sigue el camino de la sabidur\u00eda, que me hizo leer y leer hasta el cansancio y la desesperaci\u00f3n, todos los autores latinoamericanos y las escritoras que se le ocurrieron, como fundamento de la profesi\u00f3n que ella misma seguir\u00eda conduciendo sobre m\u00ed, como maestra, hasta que cumpl\u00ed m\u00e1s de 50 a\u00f1os. Cinco d\u00e9cadas de aprendizaje, una linda relaci\u00f3n que no quiso jam\u00e1s transgredir su autoridad, ni admitir una desfachatez, sin ella no hubiera logrado lo que fue central en la construcci\u00f3n y continuidad de uno de mis m\u00e1s grandes proyectos de la vida.&nbsp;<br>Por eso les digo a todas mis queridas maestras: \u00bfQui\u00e9n ser\u00eda yo sin sus ense\u00f1anzas y sus ejemplos? \u00bfD\u00f3nde habr\u00eda ido a dar cuando era imposible detener mis ansias y mis extrav\u00edos?\u00bfQue hubiera sido de mi incapacidad de concentrarme sin su atenci\u00f3n? Maestras queridas, Elena, Sagrado Coraz\u00f3n de Mar\u00eda, Josefina, Dolores, Miss Lucy, Rosa Ma., Ma. Luisa, Adelina, Sara, y las de la vida, las que me han ense\u00f1ado lo b\u00e1sico en solidaridad feminista: Antonieta, Gabriela, Rosario, Josefina, Graciela, Anita Ma, Paulina.<br>Reconocer a la tutora, a la que te ha conducido para lograr algunas metas. La persona que te aclar\u00f3 el cielo, como las diosas en tu haber, es una condici\u00f3n humana necesaria para lograr ser y hacer en la vida. Sin resquemor y con harto respeto, las vi, las tuve, las disfrut\u00e9 en mi hacer cotidiano, les tom\u00e9 sus conocimientos y los reanim\u00e9 en mi alma: las he querido entra\u00f1ablemente a todas, como eso, maestras sin temor.<br>\u00bfQu\u00e9 algunas se convirtieron en amigas? Esa explicaci\u00f3n la dejo para el 14 de febrero. Ahora quiero decir que el tutelaje feminista deber\u00e1 recuperar un espacio central en tiempos de confusi\u00f3n y de superficialidad, en tiempos donde est\u00e1 en crisis el sistema educativo nacional; donde se conoce muy poco de historia, casi nada de civismo y mucho menos de historia de las ideas y, todav\u00eda menos de la historia de las ideas feministas.<br>Es claro que tenemos una enorme responsabilidad en un pronto reemplazo, ese que viene creciendo, que toma las calles, los blogs, los sitios muy amplios en el ciberespacio y en la protesta para detener la estulticia y la violencia. Las j\u00f3venes feministas que han iniciado otra forma de protesta y otra forma de militancia. Muchas, fant\u00e1sticamente j\u00f3venes con nuevas ideas y enormes proyectos.<br>Tomar tutelajes sin miedo, irnos a las aulas de la vida, llamar o dejarnos encontrar por estas j\u00f3venes que necesitaran maestras solidarias, no mujeres en competencia; no viejas brujas que ya pasamos el tiempo de la acci\u00f3n y la propuesta. Dejarlas entrar al mundo que construimos, seguramente lleno de obst\u00e1culos o mal decisiones. O dejarnos enamorar.<br>Reencontrar el magisterio y unirnos con humildad a el. \u00bf alguien cree realmente que despu\u00e9s de los 60 se puede concursar para la presidencia de la Rep\u00fablica, la presidencia de un patronato, la jefatura de un partido pol\u00edtico, o de una organizaci\u00f3n no gubernamental? \u00bfAlgui\u00e9n con sano juicio puede suponer que si no hemos sido escritoras, m\u00fasicas o pol\u00edticas, lo seremos despu\u00e9s de los 60? El magisterio requiere serenidad y buen trato; disposici\u00f3n a cambio de confianza. Las ni\u00f1as y las j\u00f3venes nos necesitan, pero no como jefas, sino como maestras, con horarios y lugares precisos, donde ellas puedan despu\u00e9s crecer y desarrollarse.<br>Eso lo tuve yo, lo disfrut\u00e9 enormemente, ahora estoy en reposo, serenamente, esperando el tiempo y gozando de las cosas construidas, la amistad, el amor, los afectos familiares y sociales y tambi\u00e9n, porque no, la propiedad y el dinero. Feliz d\u00eda de la maestra a todas.&nbsp;<br>saraloveralopez@gmail.com<\/p>\n","protected":false},"excerpt":{"rendered":"<p>Palabra de Ant\u00edgona Recuerdo muy bien a la primera. La que me ense\u00f1\u00f3 lectura de comprensi\u00f3n. Sara Lovera SemM\u00e9xico. Cd. de M\u00e9xico. 15 de mayo de 2017. Ahora, a punto de llegar a la s\u00e9ptima d\u00e9cada de mi vida, quiero hacerles a todas ustedes un homenaje. Contarles que sin sus ense\u00f1anzas jam\u00e1s hubiera salido adelante, [&hellip;]<\/p>\n","protected":false},"author":3,"featured_media":3824,"comment_status":"open","ping_status":"open","sticky":false,"template":"","format":"standard","meta":{"_monsterinsights_skip_tracking":false,"footnotes":""},"categories":[687,69,1],"tags":[],"class_list":["post-4035","post","type-post","status-publish","format-standard","has-post-thumbnail","category-687","category-sara-lovera","category-uncategorized"],"_links":{"self":[{"href":"https:\/\/redsemlac.com\/semmexico\/wp-json\/wp\/v2\/posts\/4035","targetHints":{"allow":["GET"]}}],"collection":[{"href":"https:\/\/redsemlac.com\/semmexico\/wp-json\/wp\/v2\/posts"}],"about":[{"href":"https:\/\/redsemlac.com\/semmexico\/wp-json\/wp\/v2\/types\/post"}],"author":[{"embeddable":true,"href":"https:\/\/redsemlac.com\/semmexico\/wp-json\/wp\/v2\/users\/3"}],"replies":[{"embeddable":true,"href":"https:\/\/redsemlac.com\/semmexico\/wp-json\/wp\/v2\/comments?post=4035"}],"version-history":[{"count":0,"href":"https:\/\/redsemlac.com\/semmexico\/wp-json\/wp\/v2\/posts\/4035\/revisions"}],"wp:featuredmedia":[{"embeddable":true,"href":"https:\/\/redsemlac.com\/semmexico\/wp-json\/wp\/v2\/media\/3824"}],"wp:attachment":[{"href":"https:\/\/redsemlac.com\/semmexico\/wp-json\/wp\/v2\/media?parent=4035"}],"wp:term":[{"taxonomy":"category","embeddable":true,"href":"https:\/\/redsemlac.com\/semmexico\/wp-json\/wp\/v2\/categories?post=4035"},{"taxonomy":"post_tag","embeddable":true,"href":"https:\/\/redsemlac.com\/semmexico\/wp-json\/wp\/v2\/tags?post=4035"}],"curies":[{"name":"wp","href":"https:\/\/api.w.org\/{rel}","templated":true}]}}