{"id":40335,"date":"2021-09-27T15:06:59","date_gmt":"2021-09-27T21:06:59","guid":{"rendered":"https:\/\/redsemlac.com\/semmexico\/?p=40335"},"modified":"2023-07-21T17:06:49","modified_gmt":"2023-07-21T22:06:49","slug":"aborto-una-constante-de-las-luchas-feministas-y-un-derecho-irrenunciable","status":"publish","type":"post","link":"https:\/\/redsemlac.com\/semmexico\/aborto-una-constante-de-las-luchas-feministas-y-un-derecho-irrenunciable\/","title":{"rendered":"Aborto, una constante de las luchas feministas y un derecho irrenunciable"},"content":{"rendered":"\n<ul class=\"wp-block-list\"><li><strong> Plantean personas expertas los avances, retos y desaf\u00edos<\/strong><\/li><\/ul>\n\n\n\n<ul class=\"wp-block-list\"><li><strong> Magaly L\u00f3pez Dom\u00ednguez llama al ejecutivo local a no \u201centorpecer el proceso\u201d<\/strong><\/li><\/ul>\n\n\n\n<p class=\"wp-block-paragraph\"><strong>Soledad Jarqu\u00edn Edgar<\/strong><\/p>\n\n\n\n<p class=\"wp-block-paragraph\">SemM\u00e9xico, Oaxaca, 27 de septiembre, 2021.- Y\u00e9sica S\u00e1nchez Maya, de Consorcio Oaxaca, afirm\u00f3 que la despenalizaci\u00f3n del aborto ha sido una constante hist\u00f3rica en la lucha feminista y un derecho irrenunciable, que se ha tejido desde la exigencia hasta el abordaje en el espacio de toma de decisiones de construir pol\u00edtica p\u00fablica y legislaci\u00f3n.<\/p>\n\n\n\n<p class=\"wp-block-paragraph\">El aborto es una opci\u00f3n segura para las mujeres, que demanda atenci\u00f3n del ejecutivo y la disposici\u00f3n de presupuestos, as\u00ed como la publicaci\u00f3n de las reformas a la Ley Estatal de Salud, se\u00f1alaron personas expertas<\/p>\n\n\n\n<p class=\"wp-block-paragraph\">Durante el foro Despenalizaci\u00f3n del Aborto: Obligaciones del Estado para garantizar el acceso a los servicios de salud en Oaxaca, en torno al D\u00eda de Acci\u00f3n Global por el Acceso al Aborto Legal y Seguro, en el que participaron diversas organizaciones, la activista asegur\u00f3 el movimiento feminista ha topado con obst\u00e1culos como el machismo, creencias religiosas, misoginia, sin embargo, es claro que lo conseguido hasta hoy es producto de las alianzas entre las feministas y la reciente coyuntura con la Marea Verde.<\/p>\n\n\n\n<p class=\"wp-block-paragraph\">Despu\u00e9s de la despenalizaci\u00f3n del aborto en Oaxaca hasta la semana n\u00famero 12, el 25 de septiembre de 2019, era necesario que el Ejecutivo local destinara recursos para que la atenci\u00f3n fuera de calidad para las mujeres que tomaran en sus manos el derecho a decidir, sin embargo, no se asign\u00f3 presupuesto alguno para 2020 y hoy sigue pendiente esa determinaci\u00f3n.<\/p>\n\n\n\n<p class=\"wp-block-paragraph\">Activista durante los \u00faltimos 25 a\u00f1os, S\u00e1nchez Maya dijo que hoy no s\u00f3lo enfrentamos una crisis sanitaria por la pandemia, sino adem\u00e1s una crisis en el sistema de salud local derivado de la profunda corrupci\u00f3n, que lamentablemente afecta a una mayor\u00eda de mujeres a las que no se garantiza el acceso a la salud y, en este caso, a interrumpir de forma legal de un embarazo.<\/p>\n\n\n\n<p class=\"wp-block-paragraph\">Destac\u00f3 las resoluciones recientes de la Corte mexicana, as\u00ed como la despenalizaci\u00f3n del aborto en Hidalgo y Veracruz, pero reiter\u00f3 el llamado que en ese sentido hizo la senadora Mal\u00fa Micher: hoy toca a los congresos locales del pa\u00eds actuar en consecuencia.<\/p>\n\n\n\n<p class=\"wp-block-paragraph\">Como lo hizo m\u00e1s tarde la diputada Magaly L\u00f3pez Dom\u00ednguez, la directora de Consorcio Oaxaca fue enf\u00e1tica en la exigencia al gobernador Alejandro Murat, del que no dijeron su nombre, de garantizar la publicaci\u00f3n de las reformas a la ley Estatal de Salud y que no vuelva a hacer \u201cun vac\u00edo como sucedi\u00f3 en otras ocasiones\u201d, por lo que llam\u00f3 a la publicaci\u00f3n de las reformas conforme a la ley.<\/p>\n\n\n\n<p class=\"wp-block-paragraph\">Finalmente dijo que el Ejecutivo local ha desde\u00f1ado los avances legislativos que en materia de derechos humanos de las mujeres, menos cuando estos avances no le representan ning\u00fan costo, como tampoco ese poder pol\u00edtico no ha realizado campa\u00f1a alguna para difundir el derechos de las oaxaque\u00f1as al aborto seguro.<\/p>\n\n\n\n<p class=\"wp-block-paragraph\">Ha sido la sociedad civil organizada, las feministas quienes a trav\u00e9s de redes sociales han difundido los cambios legislativos, as\u00ed como tambi\u00e9n dan acompa\u00f1amiento a las mujeres que ejercen su derecho a decidir y a las personas que las acompa\u00f1an.<\/p>\n\n\n\n<h2 class=\"wp-block-heading\"><strong>Piden a Murat no entorpecer el proceso<\/strong><\/h2>\n\n\n\n<p class=\"wp-block-paragraph\">En su momento, la diputada L\u00f3pez Dom\u00ednguez llam\u00f3 al ejecutivo local \u201cpara que no entorpezca este proceso. Sabemos por experiencia que suele dejar en el limbo todos los decretos que no sean de su particular inter\u00e9s, retrasando su publicaci\u00f3n de manera ilegal e inconstitucional\u201d, dijo y pidi\u00f3 al gobernador publique la reforma a la Ley Estatal de Salud a m\u00e1s tardar en el plazo constitucional de 15 d\u00edas.<\/p>\n\n\n\n<p class=\"wp-block-paragraph\">Se\u00f1al\u00f3 que la modificaci\u00f3n a la Ley Estatal de Salud obliga a las instituciones p\u00fablicas de salud a realizar la interrupci\u00f3n del embarazo, de manera gratuita, garantizando adem\u00e1s la no discriminaci\u00f3n, la accesibilidad, la aceptabilidad y la calidad del servicio.&nbsp;<\/p>\n\n\n\n<p class=\"wp-block-paragraph\">En una s\u00edntesis de la reforma dijo que ahora la interrupci\u00f3n del embarazo pasa a formar parte de los servicios b\u00e1sicos de salud. Las autoridades sanitarias deben capacitar a parteras tradicionales para la atenci\u00f3n del aborto seguro y el Sistema Estatal de Salud deber\u00e1 garantizar el derecho de todas las mujeres a la interrupci\u00f3n del embarazo, en los supuestos permitidos; esto es, hasta la semana 12, o en las causales previstas en el C\u00f3digo Penal.<\/p>\n\n\n\n<p class=\"wp-block-paragraph\">Las autoridades sanitarias deber\u00e1n emitir lineamientos a m\u00e1s tardar 60 d\u00edas despu\u00e9s de la publicaci\u00f3n del decreto. En tanto que las instituciones p\u00fablicas de salud deber\u00e1n realizar la interrupci\u00f3n del embarazo en no m\u00e1s de tres d\u00edas naturales despu\u00e9s de realizada la solicitud y la ILE deber\u00e1n ser atendida aun cuando las solicitantes cuenten con alg\u00fan otro servicio de salud.<\/p>\n\n\n\n<p class=\"wp-block-paragraph\">Cuando el embarazo sea resultado de violencia sexual o implique riesgo para la vida o la salud, la interrupci\u00f3n deber\u00e1 considerarse entre los servicios m\u00e9dicos de urgencia y realizarse de manera inmediata. Adem\u00e1s, el personal deber\u00e1 informar a la v\u00edctima sobre su derecho a denunciar, y de la existencia de mecanismos para la atenci\u00f3n a v\u00edctimas de delitos o de violaciones a derechos humanos.<\/p>\n\n\n\n<p class=\"wp-block-paragraph\">El decreto incluye tambi\u00e9n una serie de adiciones sobre salud reproductiva.<\/p>\n\n\n\n<p class=\"wp-block-paragraph\">L\u00f3pez Dom\u00ednguez se refiri\u00f3 a la importancia de la reforma que asegur\u00f3 tiene un enorme compromiso: salvar la vida de las mujeres que han tomado la dif\u00edcil decisi\u00f3n de interrumpir un embarazo.<\/p>\n\n\n\n<p class=\"wp-block-paragraph\">Tras destacar las resoluciones de la Corte mexicana, dijo que las reformas recientes contribuyen para que las oaxaque\u00f1as tengan acceso real al ejercicio de esa amplia bater\u00eda de derechos, a que tengan posibilidad real de definir sus propios proyectos personales de vida.&nbsp;<\/p>\n\n\n\n<h2 class=\"wp-block-heading\"><strong>Erradicar el estigma<\/strong><\/h2>\n\n\n\n<p class=\"wp-block-paragraph\">B\u00e1rbara P\u00e9rez, de la Fundaci\u00f3n Mary Stopos M\u00e9xico, se refiri\u00f3 al largo camino que busca erradicar el estigma que existe sobre la interrupci\u00f3n de un embarazo.<\/p>\n\n\n\n<p class=\"wp-block-paragraph\">Destac\u00f3 que la Organizaci\u00f3n Mundial de la Salud ha establecido que el aborto por aspiraci\u00f3n manual intrauterina, es seguro, incluso, dijo ha establecido lineamientos t\u00e9cnicos.<\/p>\n\n\n\n<p class=\"wp-block-paragraph\">B\u00e1rbara P\u00e9rez indic\u00f3 que las reformas logradas en 2019 y 2021 son consecuencia del trabajo de a\u00f1os de organizaciones feministas, con las que est\u00e1n vinculadas para garantizar este derecho, venciendo el estigma, con informaci\u00f3n cient\u00edfica y laica, en \u00e1reas rurales o urbanas.<\/p>\n\n\n\n<h2 class=\"wp-block-heading\"><strong>Teleaborto<\/strong><\/h2>\n\n\n\n<p class=\"wp-block-paragraph\">Por otra parte, Manuel Bousi\u00e9guez, se refiri\u00f3 al Teleaborto una metodolog\u00eda que han difundido desde hace dos a\u00f1os a trav\u00e9s de la organizaci\u00f3n Gynuity Health Projects, sobre el aborto con medicamentos y se\u00f1al\u00f3 que el 80 por ciento de los procedimientos realizados en la Ciudad de M\u00e9xico han sido a trav\u00e9s de este m\u00e9todo, el cual tambi\u00e9n es ampliamente utilizado en otros pa\u00edses europeos, como Finlandia donde es utilizado casi en el 90 por ciento.<\/p>\n\n\n\n<p class=\"wp-block-paragraph\">Asegur\u00f3 que el m\u00e9todo ha sido una manera de responder a las mujeres durante la pandemia y que tiene un amplio rango de aceptabilidad entre las usuarias, pero<\/p>\n\n\n\n<p class=\"wp-block-paragraph\">asegur\u00f3 que hay m\u00e1s que hacer, ya que un desaf\u00edo es llegar tambi\u00e9n a poblaciones en desventaja. Dijo que actualmente se hacen enlaces con organizaciones de la sociedad civil para difundir el servicio entre poblaciones originarias, migrantes y personas en situaci\u00f3n de violencia familia.<\/p>\n\n\n\n<p class=\"wp-block-paragraph\">Habl\u00f3 de las ventajas del teleaborto como el hecho de ser menos invasivo para la usuaria, mejora su autonom\u00eda y es aceptable, por lo que dijo que los sistemas federal y estatales de salud p\u00fablica en M\u00e9xico deber\u00edan adoptarlo, pues tiene beneficios en cuanto al costo y la cobertura de la demanda.<\/p>\n\n\n\n<p class=\"wp-block-paragraph\">El conversatorio, moderado por Minerva Santamar\u00eda, integrante de Socialis, fue organizado por Consorcio para el Di\u00e1logo Parlamentario y la Equidad Oaxaca; en colaboraci\u00f3n de Marie Stopes M\u00e9xico y Guinity Health Proyect.<\/p>\n\n\n\n<p class=\"wp-block-paragraph\">SEM\/sj<\/p>\n","protected":false},"excerpt":{"rendered":"<p> Magaly L\u00f3pez Dom\u00ednguez llama al ejecutivo local a no \u201centorpecer el proceso\u201d<\/p>\n","protected":false},"author":3,"featured_media":40336,"comment_status":"open","ping_status":"open","sticky":false,"template":"","format":"standard","meta":{"_monsterinsights_skip_tracking":false,"footnotes":""},"categories":[692,54],"tags":[149,146],"class_list":["post-40335","post","type-post","status-publish","format-standard","has-post-thumbnail","category-692","category-mujeres","tag-mujeres","tag-oaxaca"],"_links":{"self":[{"href":"https:\/\/redsemlac.com\/semmexico\/wp-json\/wp\/v2\/posts\/40335","targetHints":{"allow":["GET"]}}],"collection":[{"href":"https:\/\/redsemlac.com\/semmexico\/wp-json\/wp\/v2\/posts"}],"about":[{"href":"https:\/\/redsemlac.com\/semmexico\/wp-json\/wp\/v2\/types\/post"}],"author":[{"embeddable":true,"href":"https:\/\/redsemlac.com\/semmexico\/wp-json\/wp\/v2\/users\/3"}],"replies":[{"embeddable":true,"href":"https:\/\/redsemlac.com\/semmexico\/wp-json\/wp\/v2\/comments?post=40335"}],"version-history":[{"count":0,"href":"https:\/\/redsemlac.com\/semmexico\/wp-json\/wp\/v2\/posts\/40335\/revisions"}],"wp:featuredmedia":[{"embeddable":true,"href":"https:\/\/redsemlac.com\/semmexico\/wp-json\/wp\/v2\/media\/40336"}],"wp:attachment":[{"href":"https:\/\/redsemlac.com\/semmexico\/wp-json\/wp\/v2\/media?parent=40335"}],"wp:term":[{"taxonomy":"category","embeddable":true,"href":"https:\/\/redsemlac.com\/semmexico\/wp-json\/wp\/v2\/categories?post=40335"},{"taxonomy":"post_tag","embeddable":true,"href":"https:\/\/redsemlac.com\/semmexico\/wp-json\/wp\/v2\/tags?post=40335"}],"curies":[{"name":"wp","href":"https:\/\/api.w.org\/{rel}","templated":true}]}}