{"id":40322,"date":"2021-09-27T11:47:26","date_gmt":"2021-09-27T17:47:26","guid":{"rendered":"https:\/\/redsemlac.com\/semmexico\/?p=40322"},"modified":"2023-07-21T17:06:49","modified_gmt":"2023-07-21T22:06:49","slug":"desobediencia-objecion-de-conciencia-vs-aborto","status":"publish","type":"post","link":"https:\/\/redsemlac.com\/semmexico\/desobediencia-objecion-de-conciencia-vs-aborto\/","title":{"rendered":"Desobediencia| Objeci\u00f3n de conciencia vs aborto"},"content":{"rendered":"\n<p class=\"wp-block-paragraph\"><strong>Olimpia Flores Ortiz<\/strong><\/p>\n\n\n\n<p class=\"wp-block-paragraph\">SemM\u00e9xico, Oaxaca, 27 de septiembre, 2021.- Tiendo a creer que me habita el discurso democr\u00e1tico; que me avalan mi conciencia social, mi feminismo y mi agudeza cr\u00edtica; as\u00ed como la sinuosa praxis en la que a lo largo de mi biograf\u00eda mis concepciones se han acomodado.<\/p>\n\n\n\n<p class=\"wp-block-paragraph\">Pero el esp\u00edritu democr\u00e1tico va m\u00e1s all\u00e1 de la definitividad de mis principios, porque es m\u00e1s amplio, m\u00e1s abierto y sobre todo incluyente; es decir que no basta mi pleno convencimiento sin considerar el derecho del pleno convencimiento de otros y otras.<\/p>\n\n\n\n<p class=\"wp-block-paragraph\">\u00bfQu\u00e9 cabe y qu\u00e9 no en el espectro democr\u00e1tico?<\/p>\n\n\n\n<p class=\"wp-block-paragraph\">La convicci\u00f3n de la propia raz\u00f3n, de sus argumentos, no justifica que se excluya a todo aquello con lo que no se converge. Las posturas se ubican en extremos del espectro, pero son parte. Es un precepto constitucional (Art\u00edculo 24) el derecho a la libertad de convicciones \u00e9ticas, de conciencia y de religi\u00f3n. La objeci\u00f3n de conciencia es entonces en principio, un derecho derivado. \u00bfPuede reclamarse para efectos pr\u00e1cticos en la procuraci\u00f3n de los servicios p\u00fablicos de salud?<\/p>\n\n\n\n<p class=\"wp-block-paragraph\">&nbsp;\u201cSe entiende a la objeci\u00f3n de conciencia como un rechazo puntual a la ley basado en consideraciones morales, que solamente busca proteger la integridad de la conciencia de su promotor.\u201d<\/p>\n\n\n\n<p class=\"wp-block-paragraph\"><a href=\"https:\/\/archivos.juridicas.unam.mx\/www\/bjv\/libros\/13\/6010\/5a.pdf\">https:\/\/archivos.juridicas.unam.mx\/www\/bjv\/libros\/13\/6010\/5a.pdf<\/a><\/p>\n\n\n\n<p class=\"wp-block-paragraph\">Es un derecho que tiene contexto en la diversificaci\u00f3n y complejidad de las sociedades contempor\u00e1neas y su pluralidad religiosa, filos\u00f3fica \u00e9tica.&nbsp; En democracia, ninguna raz\u00f3n ha de anular a otra, lo cual constituye un desaf\u00edo legislativo y para la operatividad de las instituciones que deben obrar reconociendo esta diversificaci\u00f3n en los diferentes \u00e1mbitos de la pol\u00edtica p\u00fablica. &nbsp;<\/p>\n\n\n\n<p class=\"wp-block-paragraph\">En 2018, se aprob\u00f3 la adici\u00f3n a la Ley General de Salud que estableci\u00f3 la objeci\u00f3n de conciencia: &nbsp;&nbsp;&nbsp;&nbsp;<\/p>\n\n\n\n<p class=\"wp-block-paragraph\"><em>Art\u00edculo 10 Bis. &#8211; El Personal m\u00e9dico y de enfermer\u00eda que forme parte del Sistema Nacional de Salud, podr\u00e1n (sic) ejercer la objeci\u00f3n de conciencia y excusarse de participar en la prestaci\u00f3n de servicios que establece esta Ley. Cuando se ponga en riesgo la vida del paciente o se trate de una urgencia m\u00e9dica, no podr\u00e1 invocarse la objeci\u00f3n de conciencia, en caso contrario se incurrir\u00e1 en la causal de responsabilidad profesional. El ejercicio de la objeci\u00f3n de conciencia no derivar\u00e1 en ning\u00fan tipo de discriminaci\u00f3n laboral. Art\u00edculo adicionado DOF 11-05-2018<\/em><\/p>\n\n\n\n<p class=\"wp-block-paragraph\">El Comunicado de la Suprema Corte de Justicia de la Naci\u00f3n del 21 de septiembre, avisa que resolvi\u00f3 a favor la acci\u00f3n de inconstitucionalidad 54\/2018, promovida por la Comisi\u00f3n Nacional de los Derechos Humanos, demandando la invalidez de los art\u00edculos 10 Bis, Segundo y Tercero Transitorios de la Ley General de Salud, publicada en el Diario Oficial de la Federaci\u00f3n de 11 de mayo de 2018.<\/p>\n\n\n\n<p class=\"wp-block-paragraph\">La Ley no establec\u00eda los lineamientos y l\u00edmites necesarios para que la objeci\u00f3n de conciencia pueda ser ejercida sin poner en riesgo los derechos humanos de otras personas, en especial el derecho a la salud, por ello la declaraci\u00f3n de invalidez y el exhorto al Congreso para modificarla.<\/p>\n\n\n\n<p class=\"wp-block-paragraph\">He visto en la televisi\u00f3n este fin de semana la reciente pel\u00edcula (2019) de Terrence Malick, cineasta estadounidense: Una vida oculta, que es la biograf\u00eda del campesino austr\u00edaco Franz J\u00e4gerst\u00e4tter (1907-1943) que por objeci\u00f3n de conciencia se neg\u00f3 a combatir para el nazismo en la Segunda Guerra Mundial, lo que le cost\u00f3 morir ejecutado.<\/p>\n\n\n\n<p class=\"wp-block-paragraph\">El derecho de objeci\u00f3n de conciencia es sagrado y merece dar la vida por \u00e9l.<\/p>\n\n\n\n<p class=\"wp-block-paragraph\">Pero \u00bfqu\u00e9 sucede cuando el derecho de objeci\u00f3n de conciencia entra en contradicci\u00f3n con otro derecho, por ejemplo, el del acceso a los servicios de salud cuando una mujer o persona gestante ha decidido acudir para que le practiquen un procedimiento legal de interrupci\u00f3n del embarazo y se encuentra con la objeci\u00f3n de conciencia de un servidor p\u00fablico? Se dir\u00e1 que entonces tiene que responder la instituci\u00f3n o el sistema brindando el servicio por otra persona o en otra unidad de salud.<\/p>\n\n\n\n<p class=\"wp-block-paragraph\">Y est\u00e1 bien dicho, nada m\u00e1s que en el contrastante y abismal M\u00e9xico no es tan f\u00e1cil la viabilidad de esa respuesta y menos con la crisis del sector salud. &nbsp;Es decir que hay un contexto insalvable en el que la objeci\u00f3n de conciencia s\u00ed lesionar\u00eda los derechos de acceso a la salud de terceras personas, en este caso mujeres y personas gestantes.<\/p>\n\n\n\n<p class=\"wp-block-paragraph\">No es anecd\u00f3tico que haya regiones del pa\u00eds en donde dado el contexto pol\u00edtico, social y religioso, simplemente sea imposible conciliar los dos derechos, porque no hay opci\u00f3n de conferirle la responsabilidad de prestar el servicio a nadie m\u00e1s ante la escasez de personal o a alguna otra unidad de salud. Esa es la realidad del primer nivel de atenci\u00f3n en zonas rurales y en orograf\u00edas complicadas. Adem\u00e1s de que siendo el derecho a decidir un tema que parte por la mitad a la tradicional sociedad mexicana, es de esperarse gran resistencia del sector salud.<\/p>\n\n\n\n<p class=\"wp-block-paragraph\">Est\u00e1n en juego por un lado la garant\u00eda de la libertad de conciencia, pensamiento y creencia religiosa y por otro, la obligaci\u00f3n del Estado de prestar los servicios de salud. \u00bfPuede permitirse el Estado lesionar los derechos de acceso a la salud de las personas en la prestaci\u00f3n de servicios p\u00fablicos?<\/p>\n\n\n\n<div class=\"wp-block-image\"><figure class=\"alignleft size-full is-resized\"><a href=\"https:\/\/redsemlac.com\/semmexico\/wp-content\/uploads\/2021\/09\/desobediencia-2.png\"><img loading=\"lazy\" decoding=\"async\" src=\"https:\/\/redsemlac.com\/semmexico\/wp-content\/uploads\/2021\/09\/desobediencia-2.png\" alt=\"\" class=\"wp-image-40324\" width=\"390\" height=\"293\"\/><\/a><figcaption> Foto: <a href=\"https:\/\/www.diariomarca.com.mx\/2020\/04\/piden-abasto-de-medicamentos-en-santos-reyes-yucuna\/\">https:\/\/www.diariomarca.com.mx\/2020\/04\/piden-abasto-de-medicamentos-en-santos-reyes-yucuna\/<\/a>\u00a0 <\/figcaption><\/figure><\/div>\n\n\n\n<p class=\"wp-block-paragraph\">Municipio Santos Reyes Yucun\u00e1, el m\u00e1s pobre de Oaxaca. &nbsp;<\/p>\n\n\n\n<p class=\"wp-block-paragraph\">\u201cClaudia Arteaga, primera mujer que ocupa una regidur\u00eda en Yucun\u00e1, hace \u00e9nfasis en las necesidades en materia de atenci\u00f3n m\u00e9dica. Cuenta que el pasante designado para la localidad solo atiende dos o tres veces a la semana en una cl\u00ednica en la que faltan medicamentos b\u00e1sicos: naproxeno, paracetamol o suero contra las picaduras de alacr\u00e1n. De insumos para atender a pacientes en una situaci\u00f3n espec\u00edfica, como las mujeres embarazadas, mejor ni hablar.\u201d <a href=\"https:\/\/politica.expansion.mx\/estados\/2019\/08\/04\/cronica-sin-agua-medico-o-empleo-la-vida-en-el-municipio-mas-pobre-del-pais\">https:\/\/politica.expansion.mx\/estados\/2019\/08\/04\/cronica-sin-agua-medico-o-empleo-la-vida-en-el-municipio-mas-pobre-del-pais<\/a><\/p>\n\n\n\n<p class=\"wp-block-paragraph\">El Congreso estatal de Oaxaca una de las cuatro entidades federativas en las que el aborto es legal, se acaba de negar a elevar a rango de la Constituci\u00f3n local la objeci\u00f3n de conciencia. La despenalizaci\u00f3n del aborto fue en el 2019, de entonces para ac\u00e1, es cotidiana (y no es la excepci\u00f3n), la objeci\u00f3n de conciencia del personal m\u00e9dico para negarse a practicar un aborto.<\/p>\n\n\n\n<p class=\"wp-block-paragraph\"><strong>Conclusi\u00f3n: <\/strong>El Estado mexicano por medio del Congreso de la Uni\u00f3n tendr\u00e1 que considerar en la regulaci\u00f3n de la objeci\u00f3n de conciencia a los derechos humanos constitucionales y reconocidos en los tratados internacionales hoy tambi\u00e9n de rango constitucional, como es el caso de los derechos sexuales y de salud reproductiva de las mujeres y personas gestantes, en la complejidad de la realidad nacional.<\/p>\n\n\n\n<p class=\"wp-block-paragraph\"><a href=\"https:\/\/www.facebook.com\/OlimpiaFloresMirabilia\">https:\/\/www.facebook.com\/OlimpiaFloresMirabilia<\/a><\/p>\n\n\n\n<p class=\"wp-block-paragraph\"><strong>Twitter: @euphrasina (amor por la elocuencia)<\/strong><\/p>\n","protected":false},"excerpt":{"rendered":"<p>\u00bfQu\u00e9 cabe y qu\u00e9 no en el espectro democr\u00e1tico?<\/p>\n","protected":false},"author":3,"featured_media":18201,"comment_status":"open","ping_status":"open","sticky":false,"template":"","format":"standard","meta":{"_monsterinsights_skip_tracking":false,"footnotes":""},"categories":[692,133,134,35],"tags":[146,459],"class_list":["post-40322","post","type-post","status-publish","format-standard","has-post-thumbnail","category-692","category-desobediencia","category-olimpia-flores-ortiz","category-opinion","tag-oaxaca","tag-opinion"],"_links":{"self":[{"href":"https:\/\/redsemlac.com\/semmexico\/wp-json\/wp\/v2\/posts\/40322","targetHints":{"allow":["GET"]}}],"collection":[{"href":"https:\/\/redsemlac.com\/semmexico\/wp-json\/wp\/v2\/posts"}],"about":[{"href":"https:\/\/redsemlac.com\/semmexico\/wp-json\/wp\/v2\/types\/post"}],"author":[{"embeddable":true,"href":"https:\/\/redsemlac.com\/semmexico\/wp-json\/wp\/v2\/users\/3"}],"replies":[{"embeddable":true,"href":"https:\/\/redsemlac.com\/semmexico\/wp-json\/wp\/v2\/comments?post=40322"}],"version-history":[{"count":0,"href":"https:\/\/redsemlac.com\/semmexico\/wp-json\/wp\/v2\/posts\/40322\/revisions"}],"wp:featuredmedia":[{"embeddable":true,"href":"https:\/\/redsemlac.com\/semmexico\/wp-json\/wp\/v2\/media\/18201"}],"wp:attachment":[{"href":"https:\/\/redsemlac.com\/semmexico\/wp-json\/wp\/v2\/media?parent=40322"}],"wp:term":[{"taxonomy":"category","embeddable":true,"href":"https:\/\/redsemlac.com\/semmexico\/wp-json\/wp\/v2\/categories?post=40322"},{"taxonomy":"post_tag","embeddable":true,"href":"https:\/\/redsemlac.com\/semmexico\/wp-json\/wp\/v2\/tags?post=40322"}],"curies":[{"name":"wp","href":"https:\/\/api.w.org\/{rel}","templated":true}]}}