{"id":40317,"date":"2021-09-27T11:50:00","date_gmt":"2021-09-27T17:50:00","guid":{"rendered":"https:\/\/redsemlac.com\/semmexico\/?p=40317"},"modified":"2023-07-21T17:06:49","modified_gmt":"2023-07-21T22:06:49","slug":"alfa-omega-el-gobierno-quiere-a-los-cientificos-en-el-penal-de-alta-seguridad","status":"publish","type":"post","link":"https:\/\/redsemlac.com\/semmexico\/alfa-omega-el-gobierno-quiere-a-los-cientificos-en-el-penal-de-alta-seguridad\/","title":{"rendered":"Alfa-Omega| El Gobierno Quiere a los Cient\u00edficos en el Penal de Alta Seguridad"},"content":{"rendered":"\n<p class=\"has-text-align-right wp-block-paragraph\"><strong><em>&nbsp;Mi p\u00e9same a familiares, colegas y amigos de Manuel Mejido<\/em><\/strong><\/p>\n\n\n\n<p class=\"wp-block-paragraph\"><strong>Jorge Herrera Valenzuela<\/strong><\/p>\n\n\n\n<p class=\"wp-block-paragraph\">SemM\u00e9xico, 27 de septiembre, 2021.- El Presidente de M\u00e9xico est\u00e1 decidido a que 31 cient\u00edficos, investigadores, acad\u00e9micos y administrativos sean internados en el Penal del Altiplano, en Almoloya de Ju\u00e1rez, Estado de M\u00e9xico. Es una prisi\u00f3n destinada para los m\u00e1s peligrosos delincuentes. Un juez federal neg\u00f3 girar las \u00f3rdenes de aprehensi\u00f3n, solicitadas por el Fiscal General <strong>Alejandro Gertz Manero,<\/strong> y en su ma\u00f1anera del mi\u00e9rcoles, en Palacio Nacional, el tabasque\u00f1o calific\u00f3 a los presuntos acusados de ser parte de \u201c<strong>la mafia de la intelectualidad y la academia<\/strong>\u201d y de tener influencia \u201c<strong>por pertenecer al grupo de Krauze o al de Aguilar Cam\u00edn<\/strong>\u201d.<\/p>\n\n\n\n<p class=\"wp-block-paragraph\">A nivel nacional, desde el mismo d\u00eda 22 del presente mes, hay m\u00faltiples protestas, en cartas firmadas por m\u00e1s de 8.000 integrantes de ese sector, exigiendo \u201c<strong>el fin a la persecuci\u00f3n contra miembros de la comunidad cient\u00edfica<\/strong>\u201d. El Rector de la UNAM, autoridades y docentes de la Universidad Aut\u00f3noma Metropolitana, dirigentes sindicales universitarios, as\u00ed como el personal y directivos del Centro de Investigaciones y Docencia Econ\u00f3mica, el CIDE, est\u00e1n en defensa de sus compa\u00f1eros.<\/p>\n\n\n\n<p class=\"wp-block-paragraph\"><strong>Claudia, Monreal y B. Paredes<\/strong><\/p>\n\n\n\n<p class=\"wp-block-paragraph\">La ma\u00f1ana del viernes 24, el Presidente de M\u00e9xico insisti\u00f3 en que en el caso de los cient\u00edficos, acad\u00e9micos, investigadores y exfuncionarios del CONACYT y del CIDE, se trata de \u201c<strong>chantajistas<\/strong>\u201d que recib\u00edan dinero \u201c<strong>hasta para sus lujos<\/strong>\u201d.<\/p>\n\n\n\n<p class=\"wp-block-paragraph\">Mientras tanto la doctora <strong>Claudia Sheinbaum Pardo<\/strong> consider\u00f3 que la acusaci\u00f3n \u201cde delincuencia, me parece un exceso\u201d. \u201c<strong>Mi solidaridad total con la comunidad cient\u00edfica<\/strong>, expres\u00f3 el senador <strong>Ricardo Monreal \u00c1vila <\/strong>y a\u00f1adi\u00f3 que \u201ces necesario abogar por la presunci\u00f3n de la inocencia de los cient\u00edficos\u201d.<\/p>\n\n\n\n<p class=\"wp-block-paragraph\">La destacada pol\u00edtica tlaxcalteca <strong>Beatriz Elena Paredes Rangel<\/strong> estima que la fiscal\u00eda debe de proceder imparcialmente y no adelantar juicios. Los investigadores del CIDE y los de la Universidad Iberoamericana apoyan y apoyar\u00e1n a todos los hoy acusados, por no ser procedente la persecuci\u00f3n de que son objeto.<\/p>\n\n\n\n<p class=\"wp-block-paragraph\">&nbsp;La directora general del Consejo Nacional de Ciencia y Tecnolog\u00eda, denunci\u00f3 a 31 personas como responsables de los delitos de DELINCUENCIA ORGANIZADA, LAVADO DE DINERO, PECULADO Y USO IL\u00cdCITO DE ATRIBUCIONES Y FACULTADES.<\/p>\n\n\n\n<p class=\"wp-block-paragraph\"><strong>\u00c1lvarez Buylla finge demencia<\/strong><\/p>\n\n\n\n<p class=\"wp-block-paragraph\">La directora general del CONACYT al acudir a la inauguraci\u00f3n del Centro de Desarrollo e Innovaci\u00f3n Tecnol\u00f3gica, en la colonia Vallejo, Ciudad de M\u00e9xico, al ser abordada por los reporteros sobre el asunto que maneja la FGR, se mostr\u00f3 ajena, amn\u00e9sica, contestando \u201cno s\u00e9 de qu\u00e9 me hablas\u201d y que apoya al primer gobierno de la Cuarta Transformaci\u00f3n.<\/p>\n\n\n\n<p class=\"wp-block-paragraph\">Es cierto que la funcionaria no recuerda muchas cosas que ha hecho. Por ejemplo que contrat\u00f3 a su exesposo <strong>Ra\u00fal Garc\u00eda Barrios<\/strong> y al hermano de \u00e9ste de nombre Luis, as\u00ed como que olvida que fue acusada de desacato judicial al no cumplir un laudo a favor del Foro Consultivo y Tecnol\u00f3gico, A.C., ni por su mente pasa que redujo el presupuesto, que quit\u00f3 becas a estudiantes mexicanos en el extranjero. Acept\u00f3 dos nuevos investigadores con el grado tres: a do\u00f1a <strong>Beatriz Guti\u00e9rrez M\u00fcller <\/strong>y al fiscal <strong>Gertz Manero<\/strong>.&nbsp;<\/p>\n\n\n\n<p class=\"wp-block-paragraph\">En la denuncia se asent\u00f3 que esos delitos se acreditan, por parte de la se\u00f1ora \u00c1lvarez Buylla Roces, porque los implicados dispusieron de 280 millones de pesos que el CONACYT \u201cde manera ilegal\u201d le entreg\u00f3 al Foro Consultivo y Tecnol\u00f3gico, A.C. \u201cpara investigaci\u00f3n cient\u00edfica, desarrollo tecnol\u00f3gico e innovaci\u00f3n\u201d y quienes los recibieron, \u201cutilizaron los millones en una operaci\u00f3n general, pago de salarios, pago de servicios, seguros de viajes, vi\u00e1ticos, insumos y dem\u00e1s\u201d.<\/p>\n\n\n\n<p class=\"wp-block-paragraph\"><strong>Hay capos y hay hampa<\/strong><\/p>\n\n\n\n<p class=\"wp-block-paragraph\">En su arremetida contra el \u00e1mbito cient\u00edfico, el pol\u00edtico tabasque\u00f1o no se contuvo y expres\u00f3, en la ma\u00f1anera, que \u201c<strong>la mafia de la intelectualidad y la academia se queja porque ya no pueden robar y manipular\u201d. <\/strong>Sin embargo m\u00e1s adelante dijo, sin dar nombres, \u201csigue el manipuleo de los capos de la intelectualidad, del hampa de la pol\u00edtica y del periodismo\u201d.<\/p>\n\n\n\n<p class=\"wp-block-paragraph\">El hombre de Palacio Nacional afirm\u00f3: \u201dComo en todo gobierno \u2013sic&#8211;, hab\u00eda mafias, esto pasaba en la intelectualidad, tambi\u00e9n en el caso de los becarios, de gente de la academia, encargados de proyectos cient\u00edficos, muchas veces no investigaban nada, pero ten\u00edan influencia si pertenec\u00edan al grupo de Krauze o al de Aguilar Cam\u00edn\u201d. Agreg\u00f3: \u201cYa con eso era suficiente para mantener muy buenos niveles acad\u00e9micos. Todo eso ya no es igual y les produce nostalgia y a\u00f1oranza y andan molestos, inconformes\u201d.<\/p>\n\n\n\n<p class=\"wp-block-paragraph\">Hasta ahora las protestas escritas de miles de mexicanos de las Universidades, de Institutos Nacionales y de Centros de Estudios e Investigaci\u00f3n, igual que las declaraciones del doctor Enrique Graue W., Rector de la UNAM, no han tenido respuesta y al fiscal Gertz Manero se le dio la orden superior de que insista en que se proceda a aprehender, encarcelar, procesar penalmente y sentenciar a los 31 acusados por la doctora <strong>Mar\u00eda Elena \u00c1lvarez Buylla Roces<\/strong>, titular del CONACYT.<\/p>\n\n\n\n<p class=\"wp-block-paragraph\"><strong>Reconocidos mundialmente<\/strong><\/p>\n\n\n\n<p class=\"wp-block-paragraph\">Algunos nombres de los involucrados en la averiguaci\u00f3n: el Premio Nacional de Ciencias <strong>Alejandro Frank Hoeflich; <\/strong>el exrector de la UAM, <strong>Luis Mier y Ter\u00e1n Casanueva<\/strong>; el doctor <strong>Enrique Cabrero Mendoza<\/strong>, &nbsp;exdirector del CONACYT y del CIDE; las investigadoras y acad\u00e9micas <strong>Gabriela Dutr\u00e9niet Bielos<\/strong> y <strong>Julia Tag\u00fce\u00f1a Parga<\/strong>. Tambi\u00e9n est\u00e1 en la lista <strong>El\u00edas Micha Zaga<\/strong>, hermano de nuestra colega Adela. Adem\u00e1s de las acad\u00e9micas citadas, hay ocho m\u00e1s en la carpeta de la FGR.<\/p>\n\n\n\n<p class=\"wp-block-paragraph\">Independienteme de lo que resulte en el proceso, si hay lugar a ello, lo cierto es que las y los incriminados por la bi\u00f3loga \u00c1lvarez Buylla Roces, todos, sin excepci\u00f3n, son cient\u00edficos, investigadores, acad\u00e9micos, docentes que tienen reconocimientos de Universidades de Europa, de Am\u00e9rica Latina y de Estados Unidos de Am\u00e9rica por los trabajos que han realizado dentro y fuera de M\u00e9xico. Jam\u00e1s fueron puestos en la picota, precisamente por estar catalogados como honestos y capaces profesionales.<\/p>\n\n\n\n<p class=\"wp-block-paragraph\">Varias y varios pertenecen al Colegio de M\u00e9xico, al Colegio Nacional, forman parte de la docencia en la Universidad Nacional&nbsp; Aut\u00f3noma de M\u00e9xico, de la Aut\u00f3noma Metropolitana, de la Escuela Libre de Derecho, del Instituto de Estudios Superiores de Monterrey en sus diversos Campus, contando tambi\u00e9n con grados acad\u00e9micos otorgados en Espa\u00f1a, Francia, Inglaterra y Alemania.<\/p>\n\n\n\n<p class=\"wp-block-paragraph\"><strong>Al penal de alta seguridad<\/strong><\/p>\n\n\n\n<p class=\"wp-block-paragraph\">A la mitad de esta semana septembrina y pand\u00e9mica estall\u00f3 el polvor\u00edn. El asunto estaba guardado, sigilosamente, en las oficinas de Gertz Manero (reci\u00e9n aceptado como investigador de alto grado en CONACYT, despu\u00e9s de neg\u00e1rsele durante 11 a\u00f1os). El asunto fue turnado a un juez federal del Penal Federal de Almoloya de Ju\u00e1rez, Estado de M\u00e9xico, solicit\u00e1ndole las \u00f3rdenes de aprehensi\u00f3n contra 31 personas, de las cuales anotamos algunos nombres.<\/p>\n\n\n\n<p class=\"wp-block-paragraph\">El juez adscrito al Penal del Altiplano, de alta seguridad, <strong>Gregorio Salazar <\/strong>despu\u00e9s de estudiar el expediente procedi\u00f3 a negar definitivamente, por falta de fundamentos jur\u00eddicos, que se realizaran las detenciones. La noticia enfureci\u00f3 al hu\u00e9sped de Palacio Nacional y los calificativos para el juzgador debieron ser de todos los calibres e inmediatamente se orden\u00f3 reiterar la petici\u00f3n de que vayan tras las rejas, las y los presuntos responsables de los 4 delitos se\u00f1alados.<\/p>\n\n\n\n<p class=\"wp-block-paragraph\"><strong>Alfredo Higuera Bernal<\/strong>, fiscal especial en materia de delincuencia organizada, recibi\u00f3 la consigna de enmendar la mala consignaci\u00f3n, a efecto de nuevamente se ordene la aprehensi\u00f3n de los 31 y la cumplan las huestes de Gertz Manero. Higuera Bernal produjo su primera declaraci\u00f3n: \u201cLa Fiscal\u00eda General de la Rep\u00fablica est\u00e1 buscando cumplir con su misi\u00f3n, lo que establece la Constituci\u00f3n y establece la ley, es la investigar y perseguir los delitos\u201d. Adem\u00e1s de esos memorables conceptos, el experimentado abogado, expres\u00f3 \u201c<strong>no se trata de ninguna persecuci\u00f3n judicial<\/strong>\u201d.&nbsp; &nbsp;<\/p>\n\n\n\n<p class=\"wp-block-paragraph\"><strong>El SAT y los fedatarios<\/strong><\/p>\n\n\n\n<p class=\"wp-block-paragraph\">Gran revuelo en el ambiente de los Notarios y Corredores P\u00fablicos, porque m\u00e1s de mil de ellos no renovaron su registro en el <strong>Sistema Administrativo Tributario, <\/strong>el verdugo SAT, no dieron aviso de renovaci\u00f3n para seguir siendo ellos los que inscribieran en esa instituci\u00f3n a las personas contribuyentes, f\u00edsicas y morales. La noticia trascendi\u00f3 porque en lista figura la Primera Notaria P\u00fablica de la Ciudad de M\u00e9xico, Ministra en retiro y actual presidenta del Senado, la jurista <strong>Olga Mar\u00eda del Carmen S\u00e1nchez Cordero D\u00e1valos.<\/strong><\/p>\n\n\n\n<p class=\"wp-block-paragraph\">En el ambiente del temido SAT, se rumora que de Palacio Nacional llegan las \u00f3rdenes para amedrentar a los contribuyentes cautivos, se comenta que Notarios y Corredores inscribieron a \u201cfactureros\u201d y van contra ellos. Un frente m\u00e1s se abre en este gobierno, sin solucionar los problemas nacionales. Ya est\u00e1 muy gastada la justificaci\u00f3n de que \u201cfue lo que nos dejaron, corrupci\u00f3n\u201d.&nbsp;<\/p>\n\n\n\n<p class=\"wp-block-paragraph\">La exsecretaria de Gobernaci\u00f3n ha dicho que desde el d\u00eda en que ocup\u00f3 cargos en la administraci\u00f3n p\u00fablica, solicit\u00f3 licencia para separarse dela Notar\u00eda 182 y \u201ccuando regrese a ella, ser\u00e1 cuando renueve mi registro ante el SAT\u201d.<\/p>\n\n\n\n<p class=\"wp-block-paragraph\">La cancelaci\u00f3n del registro se aplic\u00f3 a los fedatarios, en todo el pa\u00eds, destacando el mayor n\u00famero de los que ejercen en la Capital Mexicana, en Jalisco y en Nuevo Le\u00f3n. Entrevistados Notarios P\u00fablicos, me dijeron \u201cefectivamente no renovamos el registro, porque es un tr\u00e1mite verdaderamente engorroso, complejo, burocr\u00e1tico, en el que se pierde todo un d\u00eda de trabajo\u201d. No hay personal suficiente ni capacitado, lo que entorpece la gesti\u00f3n.<\/p>\n\n\n\n<p class=\"wp-block-paragraph\">Por ahora no hay citas para que los contribuyentes puedan ir directamente a las oficinas del SAT. Sin embargo, manifestaron otros informantes, hay quienes consiguen las citas con una aportaci\u00f3n de va de los cinco mil a los ocho mil pesos. La especia fue negada por un empleado, quien pidi\u00f3 no ser identificado como tambi\u00e9n lo solicitaron los notarios, \u201cpor las represalias\u201d. &nbsp;<\/p>\n\n\n\n<p class=\"wp-block-paragraph\"><strong>Homenaje a la Mu\u00f1equita que canta<\/strong><\/p>\n\n\n\n<p class=\"wp-block-paragraph\">En el recuerdo de una gran historia queda el m\u00e1s reciente homenaje que se rinde a una de las cantantes sobrevivientes de todos los tiempos, <strong>Maril\u00fa<\/strong>.<\/p>\n\n\n\n<p class=\"wp-block-paragraph\">A sus 94 a\u00f1os, de pie, frente al micr\u00f3fono, la potosina <strong>Marina Herrera Arag\u00f3n<\/strong>, llamada desde hace ocho d\u00e9cadas \u201cLa Mu\u00f1equita que Canta\u201d, interpret\u00f3 tres canciones y la acompa\u00f1\u00f3 al piano el gran <strong>Rodrigo de la Cadena, <\/strong>organizador del VI Festival Mundial del Bolero, celebrado el pasado s\u00e1bado 18 en el Teatro de la Ciudad de M\u00e9xico Esperanza Iris.<\/p>\n\n\n\n<p class=\"wp-block-paragraph\">Maril\u00fa es nuestro orgullo, porque empez\u00f3 a cantar cuando empezaban los a\u00f1os 40. Teatros de Tampico y de Monterrey fueron sus dos primeros escenarios. El p\u00fablico recibi\u00f3 a la ni\u00f1a que no cumpl\u00eda sus primeras quince primaveras y que tuvo un papel estelar en la pel\u00edcula \u201cLos Hijos de don Venancio\u201d, al lado del inolvidable <strong>Joaqu\u00edn Pardav\u00e9. <\/strong>Pues, para el p\u00fablico que abarrot\u00f3 el hist\u00f3rico escenario, Maril\u00fa interpret\u00f3 \u201cConsentida\u201d de Alfredo N\u00fa\u00f1ez de Borb\u00f3n; los aplausos atronaron y ella cant\u00f3 \u201cPara Vivir\u201d, de Pablo Milan\u00e9s y a petici\u00f3n del auditorio termin\u00f3 con una de Armando Manzanero, \u201cNo s\u00e9 t\u00fa\u201d. Obvio hubo otros invitados al micr\u00f3fono.<\/p>\n\n\n\n<p class=\"wp-block-paragraph\"><strong>P.D. <\/strong>Este s\u00e1bado 25 llega a sus primeros 91 a\u00f1os de edad la chihuahuense <strong>Elsa Aguirre, <\/strong>manteniendo su atractiva figura, gracias a que desde hace m\u00e1s de 50 a\u00f1os dedica parte del d\u00eda al yoga y ejercicio f\u00edsico\u2026En la agenda tambi\u00e9n encontr\u00e9 que el 24 de&nbsp; septiembre de 1927 naci\u00f3 en esta Ciudad de M\u00e9xico, <strong>Meche Barba<\/strong>, bailarina y actriz en la \u00c9poca de Oro del Cine Mexicano. En enero pasado cumpli\u00f3 21 a\u00f1os de habernos dejado\u2026El gal\u00e1n de galanes <strong>Abel Salazar<\/strong> tambi\u00e9n naci\u00f3 en la misma fecha que Meche, pero \u00e9l en 1917. Entre sus muchas pel\u00edculas le recordamos en Los Tres Garc\u00eda y Vuelven Los Garc\u00eda, con Sara Garc\u00eda, Pedro Infante y V\u00edctor Manuel Mendoza\u2026Otro de 1917, pero del 23 de septiembre fue el hidalguense Rodolfo Guzm\u00e1n Huerta, mundialmente conocido en los rings y en las pantallas cinematogr\u00e1ficas como <strong>El Santo.<\/strong><\/p>\n\n\n\n<p class=\"wp-block-paragraph\"><strong>jherrerav@live.com.mx<\/strong><\/p>\n","protected":false},"excerpt":{"rendered":"<p>El Presidente de M\u00e9xico est\u00e1 decidido a que 31 cient\u00edficos, investigadores, acad\u00e9micos y administrativos sean internados en el Penal del Altiplano<\/p>\n","protected":false},"author":3,"featured_media":7843,"comment_status":"open","ping_status":"open","sticky":false,"template":"","format":"standard","meta":{"_monsterinsights_skip_tracking":false,"footnotes":""},"categories":[692,94,35],"tags":[459],"class_list":["post-40317","post","type-post","status-publish","format-standard","has-post-thumbnail","category-692","category-jorge-herrera-valenzuela","category-opinion","tag-opinion"],"_links":{"self":[{"href":"https:\/\/redsemlac.com\/semmexico\/wp-json\/wp\/v2\/posts\/40317","targetHints":{"allow":["GET"]}}],"collection":[{"href":"https:\/\/redsemlac.com\/semmexico\/wp-json\/wp\/v2\/posts"}],"about":[{"href":"https:\/\/redsemlac.com\/semmexico\/wp-json\/wp\/v2\/types\/post"}],"author":[{"embeddable":true,"href":"https:\/\/redsemlac.com\/semmexico\/wp-json\/wp\/v2\/users\/3"}],"replies":[{"embeddable":true,"href":"https:\/\/redsemlac.com\/semmexico\/wp-json\/wp\/v2\/comments?post=40317"}],"version-history":[{"count":0,"href":"https:\/\/redsemlac.com\/semmexico\/wp-json\/wp\/v2\/posts\/40317\/revisions"}],"wp:featuredmedia":[{"embeddable":true,"href":"https:\/\/redsemlac.com\/semmexico\/wp-json\/wp\/v2\/media\/7843"}],"wp:attachment":[{"href":"https:\/\/redsemlac.com\/semmexico\/wp-json\/wp\/v2\/media?parent=40317"}],"wp:term":[{"taxonomy":"category","embeddable":true,"href":"https:\/\/redsemlac.com\/semmexico\/wp-json\/wp\/v2\/categories?post=40317"},{"taxonomy":"post_tag","embeddable":true,"href":"https:\/\/redsemlac.com\/semmexico\/wp-json\/wp\/v2\/tags?post=40317"}],"curies":[{"name":"wp","href":"https:\/\/api.w.org\/{rel}","templated":true}]}}