{"id":40237,"date":"2021-09-23T17:51:15","date_gmt":"2021-09-23T23:51:15","guid":{"rendered":"https:\/\/redsemlac.com\/semmexico\/?p=40237"},"modified":"2023-07-21T17:06:52","modified_gmt":"2023-07-21T22:06:52","slug":"urgen-a-armonizar-leyes-en-jalisco-acorde-a-resoluciones-de-la-scjn","status":"publish","type":"post","link":"https:\/\/redsemlac.com\/semmexico\/urgen-a-armonizar-leyes-en-jalisco-acorde-a-resoluciones-de-la-scjn\/","title":{"rendered":"Urgen a armonizar leyes en Jalisco acorde a resoluciones de la SCJN"},"content":{"rendered":"\n<ul class=\"wp-block-list\"><li><strong>Derechos de las mujeres rezagados en la agenda de g\u00e9nero de Jalisco: Red de Defensoras<\/strong><\/li><\/ul>\n\n\n\n<p class=\"wp-block-paragraph\"><strong>Analy Nu\u00f1o<\/strong><\/p>\n\n\n\n<p class=\"wp-block-paragraph\">SemM\u00e9xico, 23 de septiembre de 2021, Guadalajara, Jalisco.- La Red de Defensoras de los derechos de las mujeres en Jalisco exigi\u00f3 al Congreso del estado armonizar la Constituci\u00f3n y el C\u00f3digo Penal con las recientes resoluciones de la Suprema Corte de la Naci\u00f3n (SCJN), que despenalizan el aborto, declaran inconstitucional la protecci\u00f3n de la vida desde la concepci\u00f3n e invalidan la objeci\u00f3n de conciencia como un derecho ilimitado.<\/p>\n\n\n\n<p class=\"wp-block-paragraph\">\u201cEn Jalisco, las legisladoras y los legisladores tienen claras obligaciones legales para promover, proteger, respetar y garantizar estos derechos acordes a los compromisos internacionales en la materia, y a la protecci\u00f3n m\u00e1s amplia de todas las personas. Estas resoluciones de la SCJN obligan a poner el centro de inter\u00e9s en los derechos de las mujeres, rezagados a\u00fan en la agenda de g\u00e9nero del estado de Jalisco\u201d, indic\u00f3 la Red.&nbsp;<\/p>\n\n\n\n<p class=\"wp-block-paragraph\">La red conformada por 28 organizaciones y colectivas exhort\u00f3 a la legislatura que asumir\u00e1 el &nbsp;cargo el pr\u00f3ximo 1 de octubre, a priorizar los procesos para modificar el art\u00edculo cuarto constitucional de Jalisco \u201cen el que se protege la vida desde la concepci\u00f3n\u201d y, por otro lado, a eliminar el&nbsp;art\u00edculo 228 del C\u00f3digo Penal de Jalisco, as\u00ed como, la armonizaci\u00f3n legislativa del art\u00edculo 187 de la Ley de Salud del Estado de Jalisco, \u201clo que permitir\u00e1 avanzar en la despenalizaci\u00f3n de las mujeres por abortar\u201d.<\/p>\n\n\n\n<p class=\"wp-block-paragraph\">Adem\u00e1s, las integrantes de la Red recalcaron que con esta jurisprudencia \u201cse obliga a todos los jueces y juezas locales a respetar el derecho de todas las mujeres a interrumpir su embarazo y a reconocer como inconstitucional las disposiciones legales que buscan criminalizar al aborto\u201d.&nbsp;<\/p>\n\n\n\n<p class=\"wp-block-paragraph\">Por ello, hicieron un llamado \u201ca fortalecer la democracia, en pleno cumplimiento y garant\u00edas constitucionales y responder a las necesidades de las ni\u00f1as, adolescentes, mujeres y personas gestantes, para cumplir con los procesos de armonizaci\u00f3n legislativa en las normativas del Estado, que la Suprema Corte declar\u00f3 inconstitucionales\u201d.&nbsp;<\/p>\n\n\n\n<p class=\"wp-block-paragraph\">La Red est\u00e1 conformada por Ants Tlaxcalli; Asamblea por la defensa del agua en el \u00e1rea metropolitana de Guadalajara (ADA-AMG); Cat\u00f3licas por el Derecho a Decidir; CADI Feminista; Centro para el Desarrollo Igualitario y los Derechos Humanos (CEDIDH); Colectiva Abuelas Brujas y Sabias; Colectivo ADAS, acompa\u00f1amiento despu\u00e9s de un aborto seguro; Colectivo Ollin; Colectiva Mujeres Visibles; Colectiva UniDiversidades; Colectivo L\u00e9sbico Tapat\u00edo (COLETA); Comit\u00e9 de Am\u00e9rica Latina y el Caribe para la Defensa de los Derechos de las Mujeres (CLADEM); Consejo Ciudadano de las Mujeres de la Secretar\u00eda de Igualdad Sustantiva entre Mujeres y Hombres del Estado de Jalisco; Cuepaliztli (Centro para la Prevenci\u00f3n y Atenci\u00f3n de la Violencia de G\u00e9nero y Abuso Sexual Infantil); Ddeser Jalisco; DEFIENDE-T (Servicios Psico-jur\u00eddicos y Psicoforenses con Perspectiva de G\u00e9nero, Inter\u00e9s Superior de la Infancia y Derechos Humanos); G 10 Por Jalisco; Maternando; Mujeres por la Justicia Social: Atala Apodaca; MURIG; Omeyocan, Psicoterapia, Sexolog\u00eda y Desarrollo; Psiafem: psicoan\u00e1lisis feminista; Psic\u00f3logas Feministas; Red de Mujeres Insurgentes; Semillas Her\u00e9ticas; Tejiendo Redes y Yocoyani.<\/p>\n","protected":false},"excerpt":{"rendered":"<p>Derechos de las mujeres rezagados en la agen<\/p>\n","protected":false},"author":3,"featured_media":40238,"comment_status":"open","ping_status":"open","sticky":false,"template":"","format":"standard","meta":{"_monsterinsights_skip_tracking":false,"footnotes":""},"categories":[692,54],"tags":[],"class_list":["post-40237","post","type-post","status-publish","format-standard","has-post-thumbnail","category-692","category-mujeres"],"_links":{"self":[{"href":"https:\/\/redsemlac.com\/semmexico\/wp-json\/wp\/v2\/posts\/40237","targetHints":{"allow":["GET"]}}],"collection":[{"href":"https:\/\/redsemlac.com\/semmexico\/wp-json\/wp\/v2\/posts"}],"about":[{"href":"https:\/\/redsemlac.com\/semmexico\/wp-json\/wp\/v2\/types\/post"}],"author":[{"embeddable":true,"href":"https:\/\/redsemlac.com\/semmexico\/wp-json\/wp\/v2\/users\/3"}],"replies":[{"embeddable":true,"href":"https:\/\/redsemlac.com\/semmexico\/wp-json\/wp\/v2\/comments?post=40237"}],"version-history":[{"count":0,"href":"https:\/\/redsemlac.com\/semmexico\/wp-json\/wp\/v2\/posts\/40237\/revisions"}],"wp:featuredmedia":[{"embeddable":true,"href":"https:\/\/redsemlac.com\/semmexico\/wp-json\/wp\/v2\/media\/40238"}],"wp:attachment":[{"href":"https:\/\/redsemlac.com\/semmexico\/wp-json\/wp\/v2\/media?parent=40237"}],"wp:term":[{"taxonomy":"category","embeddable":true,"href":"https:\/\/redsemlac.com\/semmexico\/wp-json\/wp\/v2\/categories?post=40237"},{"taxonomy":"post_tag","embeddable":true,"href":"https:\/\/redsemlac.com\/semmexico\/wp-json\/wp\/v2\/tags?post=40237"}],"curies":[{"name":"wp","href":"https:\/\/api.w.org\/{rel}","templated":true}]}}